{"id":223172,"date":"2025-07-03T13:10:11","date_gmt":"2025-07-03T13:10:11","guid":{"rendered":"https:\/\/www.europesays.com\/fr\/223172\/"},"modified":"2025-07-03T13:10:11","modified_gmt":"2025-07-03T13:10:11","slug":"comment-le-danemark-convertit-leurope-a-ses-politiques-dimmigration-radicales","status":"publish","type":"post","link":"https:\/\/www.europesays.com\/fr\/223172\/","title":{"rendered":"Comment le Danemark convertit l\u2019Europe \u00e0 ses politiques d\u2019immigration radicales"},"content":{"rendered":"<p><strong>D\u00c9CRYPTAGE &#8211; <\/strong>Confiscation des biens des r\u00e9fugi\u00e9s, subventions au retour des Syriens dans leur pays, d\u00e9tention au Kosovo\u2026 Copenhague, qui prend la pr\u00e9sidence tournante de l\u2019UE, cherche \u00e0 faire peser son approche des migrations.<\/p>\n<p class=\"fig-paragraph\">Depuis dix ans, le Danemark s\u2019est illustr\u00e9 par ses m\u00e9thodes radicales sur l\u2019immigration, que la majorit\u00e9 des pays europ\u00e9ens se sont gard\u00e9s d\u2019adopter jusqu\u2019ici. En 2016, il avait vot\u00e9 une\u00a0<a href=\"https:\/\/www.lefigaro.fr\/international\/2016\/01\/12\/01003-20160112ARTFIG00293-au-danemark-une-loi-controversee-sur-la-confiscation-des-biens-des-refugies.php\" data-fig-type=\"Article\" data-gtm-custom-categorie=\"navigation\" data-gtm-custom-action=\"crossclick\" data-gtm-custom-label=\"Contextuel\" data-gtm-event=\"customEventSPE\" data-fig-domain=\"LEFIGARO\" rel=\"nofollow noopener\" target=\"_blank\">\u00ab\u00a0loi sur les bijoux\u00a0\u00bb<\/a>\u00a0visant \u00e0 confisquer les biens des migrants arriv\u00e9s dans le pays pour financer leur s\u00e9jour. D\u00e9sormais, il donne le la de l\u2019approche europ\u00e9enne sur la question. Lors de sa pr\u00e9sidence tournante du Conseil de l\u2019UE, entam\u00e9e le 1er\u00a0juillet, Copenhague en fait l\u2019une de ses priorit\u00e9s.<\/p>\n<p class=\"fig-paragraph\">Avec trois objectifs\u00a0: renforcer les fronti\u00e8res ext\u00e9rieures de l\u2019Union europ\u00e9enne, faire progresser la\u00a0directive sur les \u00ab\u00a0retours\u00a0\u00bb\u00a0des migrants ill\u00e9gaux, y compris vers des centres de r\u00e9tention dans des pays ext\u00e9rieurs, et n\u00e9gocier des accords avec des pays tiers pour y sous-traiter la gestion des demandeurs d\u2019asile. Le gouvernement de la sociale-d\u00e9mocrate\u00a0<a href=\"https:\/\/www.lefigaro.fr\/international\/mette-frederiksen-la-dame-de-fer-danoise-20230810\" data-fig-type=\"Article\" data-gtm-custom-categorie=\"navigation\" data-gtm-custom-action=\"crossclick\" data-gtm-custom-label=\"Contextuel\" data-gtm-event=\"customEventSPE\" data-fig-domain=\"LEFIGARO\" rel=\"nofollow noopener\" target=\"_blank\">Mette Frederiksen<\/a>\u00a0en a fait l\u2019un des axes cl\u00e9s de sa strat\u00e9gie politique. En marchant sur les plates-bandes de l\u2019extr\u00eame droite, elle a ainsi\u2026<\/p>\n<p class=\"fig-premium-paywall__infos\">\n        Cet article est r\u00e9serv\u00e9 aux abonn\u00e9s.        Il vous reste 80% \u00e0 d\u00e9couvrir.\n    <\/p>\n<p>                <img  data- alt=\"Le Figaro\" class=\"fig-img--complete fig-img\"\/><\/p>\n<p class=\"fig-premium-paywall__title\">Vous avez envie de lire la suite ?<\/p>\n<p class=\"fig-premium-paywall__subtitle\">D\u00e9bloquez tous les articles imm\u00e9diatement.<\/p>\n<p class=\"fig-premium-paywall__connect\">\n                D\u00e9j\u00e0 abonn\u00e9\u00a0?                <a class=\"fig-premium-paywall__connect-link\" href=\"https:\/\/connect.lefigaro.fr\/login?client=horizon_web&amp;type=main&amp;redirect_uri=https%3A%2F%2Fwww.lefigaro.fr%2Finternational%2Fcomment-le-danemark-convertit-l-europe-a-ses-politiques-d-immigration-radicales-20250703\" data-js-gtm=\"{&quot;customCategorie&quot;: &quot;conversion&quot;, &quot;customAction&quot;: &quot;before_Landing_Connexion_paywall_auto&quot;, &quot;customLabel&quot;: &quot;bGVmaWdhcm8uZnJfXzFmMDU3ZjIzLWU3Y2EtNmI1OC05NTBkLTFkYzJhYjcyNjU3M19fQXJ0aWNsZQ==_Comment le Danemark convertit l\u2019Europe \u00e0 ses politiques d\u2019immigration radicales_508&quot;, &quot;customIDSPE&quot;: &quot;bGVmaWdhcm8uZnJfXzFmMDU3ZjIzLWU3Y2EtNmI1OC05NTBkLTFkYzJhYjcyNjU3M19fQXJ0aWNsZQ==&quot;, &quot;event&quot;: &quot;customEventSPE&quot;}\" rel=\"nofollow noopener\" target=\"_blank\"><br \/>\n                    Connectez-vous<br \/>\n                <\/a>\n            <\/p>\n","protected":false},"excerpt":{"rendered":"D\u00c9CRYPTAGE &#8211; Confiscation des biens des r\u00e9fugi\u00e9s, subventions au retour des Syriens dans leur pays, d\u00e9tention au Kosovo\u2026&hellip;\n","protected":false},"author":2,"featured_media":223173,"comment_status":"","ping_status":"","sticky":false,"template":"","format":"standard","meta":{"footnotes":""},"categories":[1586],"tags":[11,145,1777,674,1779,1011,27,1061,12,25,1778,364],"class_list":{"0":"post-223172","1":"post","2":"type-post","3":"status-publish","4":"format-standard","5":"has-post-thumbnail","7":"category-europe","8":"tag-actualites","9":"tag-danemark","10":"tag-eu","11":"tag-europe","12":"tag-european-union","13":"tag-fr","14":"tag-france","15":"tag-immigration","16":"tag-news","17":"tag-republique-francaise","18":"tag-ue","19":"tag-union-europeenne"},"share_on_mastodon":{"url":"https:\/\/pubeurope.com\/@fr\/114789471000589372","error":""},"_links":{"self":[{"href":"https:\/\/www.europesays.com\/fr\/wp-json\/wp\/v2\/posts\/223172","targetHints":{"allow":["GET"]}}],"collection":[{"href":"https:\/\/www.europesays.com\/fr\/wp-json\/wp\/v2\/posts"}],"about":[{"href":"https:\/\/www.europesays.com\/fr\/wp-json\/wp\/v2\/types\/post"}],"author":[{"embeddable":true,"href":"https:\/\/www.europesays.com\/fr\/wp-json\/wp\/v2\/users\/2"}],"replies":[{"embeddable":true,"href":"https:\/\/www.europesays.com\/fr\/wp-json\/wp\/v2\/comments?post=223172"}],"version-history":[{"count":0,"href":"https:\/\/www.europesays.com\/fr\/wp-json\/wp\/v2\/posts\/223172\/revisions"}],"wp:featuredmedia":[{"embeddable":true,"href":"https:\/\/www.europesays.com\/fr\/wp-json\/wp\/v2\/media\/223173"}],"wp:attachment":[{"href":"https:\/\/www.europesays.com\/fr\/wp-json\/wp\/v2\/media?parent=223172"}],"wp:term":[{"taxonomy":"category","embeddable":true,"href":"https:\/\/www.europesays.com\/fr\/wp-json\/wp\/v2\/categories?post=223172"},{"taxonomy":"post_tag","embeddable":true,"href":"https:\/\/www.europesays.com\/fr\/wp-json\/wp\/v2\/tags?post=223172"}],"curies":[{"name":"wp","href":"https:\/\/api.w.org\/{rel}","templated":true}]}}