{"id":223176,"date":"2025-07-03T13:12:10","date_gmt":"2025-07-03T13:12:10","guid":{"rendered":"https:\/\/www.europesays.com\/fr\/223176\/"},"modified":"2025-07-03T13:12:10","modified_gmt":"2025-07-03T13:12:10","slug":"sur-gaza-les-deputes-lr-rn-et-renaissance-lachent-le-respect-du-droit-international","status":"publish","type":"post","link":"https:\/\/www.europesays.com\/fr\/223176\/","title":{"rendered":"Sur Gaza, les d\u00e9put\u00e9s LR, RN et Renaissance l\u00e2chent le respect du droit international"},"content":{"rendered":"<p>        <img decoding=\"async\" loading=\"lazy\" src=\"https:\/\/www.europesays.com\/fr\/wp-content\/uploads\/2025\/07\/8d9c6bb_upload-1-xa4o5ujt7txj-000-36pe4w7.jpg\"  width=\"728\" height=\"409\" alt=\"La d\u00e9put\u00e9e LFI Cl\u00e9mence Guett\u00e9 demandait la suspension de l\u2019accord d\u2019association entre l\u2019Union europ\u00e9enne et Isra\u00ebl.\"\/>  <\/p>\n<p>ALAIN JOCARD \/ AFP<\/p>\n<p>La d\u00e9put\u00e9e LFI Cl\u00e9mence Guett\u00e9 demandait la suspension de l\u2019accord d\u2019association entre l\u2019Union europ\u00e9enne et Isra\u00ebl.<\/p>\n<p class=\"asset asset-text\">POLITIQUE &#8211; Un coup de canif port\u00e9 au respect du droit international\u00a0? R\u00e9unis en commission des Affaires europ\u00e9ennes, les d\u00e9put\u00e9s ont rejet\u00e9 mercredi 2\u00a0juillet un amendement qui sommait les pays europ\u00e9ens \u2013 dont la France \u2013 de respecter les d\u00e9cisions de la Cour p\u00e9nale internationale. L\u2019id\u00e9e \u00e9tait de leur rappeler la n\u00e9cessit\u00e9 d\u2019appliquer le mandat d\u2019arr\u00eat \u00e9mis notamment contre le Premier ministre isra\u00e9lien <a href=\"https:\/\/www.huffingtonpost.fr\/international\/article\/des-soldats-israeliens-forces-de-tirer-sur-des-gazaouis-benjamin-netanyahu-parle-de-mensonges_251931.html\" rel=\"nofollow noopener\" target=\"_blank\">Benjamin Netanyahu<\/a> lorsque celui-ci se trouve sur leur sol.<\/p>\n<p class=\"asset asset-text\">Cet amendement faisait partie d\u2019une proposition plus globale d\u00e9fendue par la d\u00e9put\u00e9e LFI Cl\u00e9mence Guett\u00e9, dont l\u2019objectif \u00e9tait de demander la suspension de l\u2019accord d\u2019association entre l\u2019Union europ\u00e9enne\u00a0et Isra\u00ebl. <a href=\"https:\/\/www.huffingtonpost.fr\/politique\/article\/a-l-assemblee-nationale-les-republicains-votent-plus-avec-le-rn-qu-avec-le-socle-commun_252154.html\" rel=\"nofollow noopener\" target=\"_blank\">LR<\/a>, Renaissance et <a href=\"https:\/\/www.huffingtonpost.fr\/politique\/article\/le-rn-encore-soupconne-de-detournement-de-fonds-au-parlement-europeen_252160.html\" rel=\"nofollow noopener\" target=\"_blank\">le RN<\/a> ont \u00e9galement vot\u00e9 contre cette r\u00e9solution dans son ensemble. \u00ab\u00a0Votre vote est une honte, s\u2019est aussit\u00f4t indign\u00e9e Guett\u00e9. Je pense que vous ne mesurez pas la gravit\u00e9 de ce que vous venez de voter. La France est engag\u00e9e devant la CPI. Vous vous faites une pi\u00e8tre id\u00e9e de votre mandat.\u00a0\u00bb<\/p>\n<p class=\"asset asset-text\">\u00ab\u00a0Je suis estomaqu\u00e9. C\u2019est scandaleux, s\u2019est aussi emport\u00e9 le coordinateur de La France insoumise Manuel Bompard. Le respect de la CPI et du statut de Rome sont dans la Constitution fran\u00e7aise depuis une d\u00e9cision de Jacques Chirac \u00e0 la fin des ann\u00e9es 1990. Des d\u00e9put\u00e9s, dont certains sont d\u2019anciens ministres, ne prennent m\u00eame pas position pour appuyer les d\u00e9cisions de la CPI\u00a0\u00bb. \u00ab\u00a0C\u2019est extr\u00eamement grave, a embray\u00e9 la d\u00e9put\u00e9e \u00e9cologiste Sabrina Sebaihi. On vient de voter le fait que la France ne respecte plus la CPI. Il faudra retenir ce vote comme \u00e9tant une bascule grave.\u00a0\u00bb<\/p>\n<p class=\"asset asset-text\">Les \u00e9lus qui se sont oppos\u00e9s au vote de la r\u00e9solution n\u2019ont pas pris la parole et n\u2019ont donc pas pu justifier leur vote. Tout juste la d\u00e9put\u00e9e EPR Caroline Yadan (\u00e9lue des Fran\u00e7ais de l\u2019\u00e9tranger, dont ceux install\u00e9s en Isra\u00ebl) a-t-elle expliqu\u00e9 \u00ab\u00a0qu\u2019en avril dernier, la CPI a inflig\u00e9 un d\u00e9saveu discret mais profond \u00e0 sa propre institution\u00a0\u00bb en \u00ab\u00a0annulant ses poursuites contre les responsables isra\u00e9liens\u00a0\u00bb.<\/p>\n<p class=\"asset asset-text\">Des mots non seulement copi\u00e9s-coll\u00e9s sur un article de <a href=\"https:\/\/www.franc-tireur.fr\/cpi-cour-penale-a-la-peine\" target=\"_blank\" rel=\"noopener nofollow\" title=\"Nouvelle fen\u00eatre\">Franc-Tireur<\/a>, mais qui en plus ont \u00e9t\u00e9 d\u00e9bunk\u00e9s par Cl\u00e9mence Guett\u00e9 quelques secondes plus tard\u00a0: \u00ab\u00a0Ce que vient de dire Caroline Yadan est tout simplement faux. La Cour d\u2019appel a, dans un deuxi\u00e8me temps, confirm\u00e9 les mandats d\u2019arr\u00eat contre Netanyahu et ses ministres\u00a0\u00bb.<\/p>\n<p>    Netanyahu a \u00ab\u00a0emprunt\u00e9 l\u2019espace a\u00e9rien fran\u00e7ais\u00a0\u00bb    <\/p>\n<p class=\"asset asset-text\">Comme l\u2019a rappel\u00e9 le d\u00e9put\u00e9 PS Philippe Brun, qui regrette un vote \u00ab\u00a0particuli\u00e8rement inqui\u00e9tant\u00a0\u00bb des macronistes, de LR et du RN, Benjamin Netayanhu a pu se rendre en Hongrie d\u00e9but avril pour une visite de quatre jours aux c\u00f4t\u00e9s du Premier ministre Viktor Orb\u00e1n. Sans \u00eatre inqui\u00e9t\u00e9 par la Hongrie, membre de l\u2019UE, qui aurait d\u00fb le remettre \u00e0 la CPI en vertu du mandat d\u2019arr\u00eat dont il fait l\u2019objet. \u00ab\u00a0Il a aussi emprunt\u00e9 l\u2019espace a\u00e9rien fran\u00e7ais\u00a0\u00bb, a ajout\u00e9 le socialiste.<\/p>\n<p class=\"asset asset-text\">\u00c0 gauche, ce vote a \u00e9t\u00e9 interpr\u00e9t\u00e9 comme une n\u00e9gation du r\u00f4le de l\u2019ONU et un passe-droit octroy\u00e9 au gouvernement isra\u00e9lien, au moment o\u00f9 les bombardements se poursuivent \u00e0 Gaza. La veille, des frappes isra\u00e9liennes avaient vis\u00e9 un caf\u00e9 en bord de mer, o\u00f9 journalistes, artistes et \u00e9tudiants avaient l\u2019habitude de se retrouver. Des dizaines de personnes sont mortes, et autant bless\u00e9es.<\/p>\n","protected":false},"excerpt":{"rendered":"ALAIN JOCARD \/ AFP La d\u00e9put\u00e9e LFI Cl\u00e9mence Guett\u00e9 demandait la suspension de l\u2019accord d\u2019association entre l\u2019Union europ\u00e9enne&hellip;\n","protected":false},"author":2,"featured_media":223177,"comment_status":"","ping_status":"","sticky":false,"template":"","format":"standard","meta":{"footnotes":""},"categories":[2],"tags":[11,416,1011,27,665,12,316,1078,3370,25],"class_list":{"0":"post-223176","1":"post","2":"type-post","3":"status-publish","4":"format-standard","5":"has-post-thumbnail","7":"category-actualites","8":"tag-actualites","9":"tag-assemblee-nationale","10":"tag-fr","11":"tag-france","12":"tag-gaza","13":"tag-news","14":"tag-politique","15":"tag-rassemblement-national","16":"tag-renaissance","17":"tag-republique-francaise"},"share_on_mastodon":{"url":"https:\/\/pubeurope.com\/@fr\/114789478935014955","error":""},"_links":{"self":[{"href":"https:\/\/www.europesays.com\/fr\/wp-json\/wp\/v2\/posts\/223176","targetHints":{"allow":["GET"]}}],"collection":[{"href":"https:\/\/www.europesays.com\/fr\/wp-json\/wp\/v2\/posts"}],"about":[{"href":"https:\/\/www.europesays.com\/fr\/wp-json\/wp\/v2\/types\/post"}],"author":[{"embeddable":true,"href":"https:\/\/www.europesays.com\/fr\/wp-json\/wp\/v2\/users\/2"}],"replies":[{"embeddable":true,"href":"https:\/\/www.europesays.com\/fr\/wp-json\/wp\/v2\/comments?post=223176"}],"version-history":[{"count":0,"href":"https:\/\/www.europesays.com\/fr\/wp-json\/wp\/v2\/posts\/223176\/revisions"}],"wp:featuredmedia":[{"embeddable":true,"href":"https:\/\/www.europesays.com\/fr\/wp-json\/wp\/v2\/media\/223177"}],"wp:attachment":[{"href":"https:\/\/www.europesays.com\/fr\/wp-json\/wp\/v2\/media?parent=223176"}],"wp:term":[{"taxonomy":"category","embeddable":true,"href":"https:\/\/www.europesays.com\/fr\/wp-json\/wp\/v2\/categories?post=223176"},{"taxonomy":"post_tag","embeddable":true,"href":"https:\/\/www.europesays.com\/fr\/wp-json\/wp\/v2\/tags?post=223176"}],"curies":[{"name":"wp","href":"https:\/\/api.w.org\/{rel}","templated":true}]}}