{"id":223180,"date":"2025-07-03T13:16:10","date_gmt":"2025-07-03T13:16:10","guid":{"rendered":"https:\/\/www.europesays.com\/fr\/223180\/"},"modified":"2025-07-03T13:16:10","modified_gmt":"2025-07-03T13:16:10","slug":"transferts-top-14-le-all-black-vaea-fifita-valentin-simutoga-lus-montauban-lance-son-recrutement","status":"publish","type":"post","link":"https:\/\/www.europesays.com\/fr\/223180\/","title":{"rendered":"Transferts \/ Top 14 \u2013 Le All Black Vaea Fifita, Valentin Simutoga\u2026 L\u2019US Montauban lance son recrutement"},"content":{"rendered":"<p>\n                R\u00e9cent promu en Top 14 apr\u00e8s une fin de saison historique, l\u2019US Montauban commence \u00e0 s\u2019armer pour le Top 14. Le club tarn-et-garonnais a officialis\u00e9 les signatures de Valentin Simutoga et Nugzar Somkhishvili tandis que les Scarlets confirment le d\u00e9part de l\u2019international All Black Vaea Fifita, direction Sapiac.\n            <\/p>\n<p>Les festivit\u00e9s du titre sont termin\u00e9es du c\u00f4t\u00e9 de Montauban. D\u00e9sormais place \u00e0 la pr\u00e9paration d\u2019une saison historique en Top 14. Pour pouvoir exister dans l\u2019\u00e9lite du rugby fran\u00e7ais, les Montalbanais ont besoin de renforcer leur effectif et les dirigeants commencent \u00e0 flairer les bons coups. M\u00eame si le directeur g\u00e9n\u00e9ral sapiacain, <a href=\"https:\/\/www.rugbyrama.fr\/2025\/06\/12\/top-14-si-on-a-deux-recrues-ca-sera-le-maximum-johan-dalla-riva-directeur-general-de-montauban-fait-le-point-12754923.php\" target=\"_self\" rel=\"nofollow noopener\"><strong>Johan Dalla Riva, avait affirm\u00e9 dans un entretien dans nos colonnes\u00a0\u00ab\u00a0deux recrues maximum\u00a0\u00bb,<\/strong><\/a> le club tarn-et-garonnais a officialis\u00e9 aujourd\u2019hui deux signatures en premi\u00e8re ligne. Tandis que les Gallois des Scarlets confirment le d\u00e9part de leur puissant troisi\u00e8me ligne n\u00e9o-z\u00e9landais direction la maison verte et noire.<\/p>\n<p class=\"std-elt__inline\">\n        <strong>\u00c0 lire aussi :<\/strong><br \/>\n        <a href=\"https:\/\/www.rugbyrama.fr\/2025\/06\/12\/top-14-si-on-a-deux-recrues-ca-sera-le-maximum-johan-dalla-riva-directeur-general-de-montauban-fait-le-point-12754923.php\" rel=\"nofollow noopener\" target=\"_blank\">Top 14 \u2013 \u00ab\u00a0Si on a deux recrues, \u00e7a sera le maximum\u00a0\u00bb\u00a0: Johan Dalla Riva, directeur g\u00e9n\u00e9ral de Montauban fait le point<\/a>\n    <\/p>\n<p>Simutoga et Somkhishvili en premi\u00e8re ligne<\/p>\n<p>Le pilier droit Valentin Simutoga, pass\u00e9 par l\u2019ASM Clermont et joueur du Lou, d\u00e9barque en pr\u00eat pour un an. \u00c2g\u00e9 de 22 ans, il a disput\u00e9 quatre matchs avec les Lyonnais cette saison (deux en championnat et deux en Challenge Cup). Il arrive avec dans ses bagages l\u2019exp\u00e9rience de trois saisons disput\u00e9es dans l\u2019\u00e9lite et un essai marqu\u00e9. Le fr\u00e8re de Micha\u00ebl Simutoga (pilier de Colomiers) sera accompagn\u00e9 la saison prochaine par un G\u00e9orgien en premi\u00e8re ligne.<\/p>\n<p>Nugzar Somkhishvili va d\u00e9couvrir \u00e0 23 ans le Top 14. Pilier gauche titulaire avec Chamb\u00e9ry, il a particip\u00e9 \u00e0 26 matchs avec le club savoyard cette saison dont la finale et l\u2019access match. Avec un essai marqu\u00e9 face \u00e0 Bourgoin en Nationale, il fera parler son puissant physique (1m82, 110kg) pour caler l\u2019axe gauche de la m\u00eal\u00e9e montalbanaise. Une premi\u00e8re ligne qui va perdre Malino Vana\u00ef, Tietie Tuimauga et Mirian Burduli.<\/p>\n<blockquote data-class=\"twitter-tweet\">\n<p lang=\"fr\" dir=\"ltr\">?????????? \\u270d\\ufe0f<\/p>\n<p>La premi\u00e8re ligne de l&rsquo;US Montauban se renforce pour cette nouvelle saison en Top 14 avec l&rsquo;arriv\u00e9e de ces deux guerriers!<\/p>\n<p>?????? ???????????? 2027 \\ud83c\\udfd4\\ufe0f<\/p>\n<p>???????? ???????? Pr\u00eat 2026 \\ud83d\\udc3a<\/p>\n<p>Bienvenue \u00e0 Sapiac! \\ud83d\\udfe2\\u26ab\\ufe0f <a href=\"https:\/\/t.co\/aU1yWOCwhN\" rel=\"nofollow\">pic.twitter.com\/aU1yWOCwhN<\/a><\/p>\n<p>\u2014 USM Sapiac (@UsmSapiacRugby) <a href=\"https:\/\/twitter.com\/UsmSapiacRugby\/status\/1940696975189348780?ref_src=twsrc%5Etfw\" rel=\"nofollow noopener\" target=\"_blank\">July 3, 2025<\/a><\/p><\/blockquote>\n<p>Vaea Fifita, international all black, recrue phare<\/p>\n<p>Autre arriv\u00e9e de choix, celle de Vaea Fifita en provenance des Scarlets. M\u00eame si les Montalbanais n\u2019ont pas encore officialis\u00e9 la signature du troisi\u00e8me ligne centre n\u00e9o-z\u00e9landais, celle-ci devrait intervenir sous peu. Puisque son club a confirm\u00e9 son d\u00e9part direction l\u2019USM. Vaea Fifita arrive avec un profil de porteur de ballon, perforateur (1m96, 116kg) et son CV parle pour lui. Au cours de sa carri\u00e8re, il a pass\u00e9 sept ans en Super Rugby aux Hurricanes. Des saisons pleines lui permettant de conna\u00eetre onze s\u00e9lections avec les All Blacks entre\u00a02017 et\u00a02019. Il s\u2019est ensuite exil\u00e9 vers\u00a0la Premiership en jouant une saison avec les London Wasps. Depuis trois ans, il est un homme important du pack des Scarlets o\u00f9 il a disput\u00e9 53 rencontres (51 titularisations) pour neuf essais. Un renfort de choix au coeur de la troisi\u00e8me ligne montalbanaise.<\/p>\n<blockquote data-class=\"twitter-tweet\">\n<p lang=\"en\" dir=\"ltr\">Scarlets can confirm that Vaea Fifita is leaving the club to join French Top 14 side <a href=\"https:\/\/twitter.com\/UsmSapiacRugby?ref_src=twsrc%5Etfw\" rel=\"nofollow noopener\" target=\"_blank\">@UsmSapiacRugby<\/a>.<\/p>\n<p>Thank you and good luck to Vaea and his family for the move to France \\ud83d\\udc4f<\/p>\n<p>Diolch am bopeth Vaea a phob lwc i ti a&rsquo;r teulu yn Ffrainc \\ud83c\\udfc9 <a href=\"https:\/\/t.co\/AMdPWikD9c\" rel=\"nofollow\">pic.twitter.com\/AMdPWikD9c<\/a><\/p>\n<p>\u2014 Scarlets Rugby (@scarlets_rugby) <a href=\"https:\/\/twitter.com\/scarlets_rugby\/status\/1940727291958394990?ref_src=twsrc%5Etfw\" rel=\"nofollow noopener\" target=\"_blank\">July 3, 2025<\/a><\/p><\/blockquote>\n<p>Dans le m\u00eame temps, l\u2019USM mise sur la continuit\u00e9 en annon\u00e7ant\u00a0les prolongations de L\u00e9o Aouf, Lucas Seyrolle, K\u00e9vin Firmin, Fred Quercy, Karl Wilkins, Hugo Zabalza, Lucio Sordoni\u00a0ou encore Maxime Mathy.<\/p>\n<p>                    <script async src=\"https:\/\/platform.twitter.com\/widgets.js\" charset=\"utf-8\"><\/script><\/p>\n","protected":false},"excerpt":{"rendered":"R\u00e9cent promu en Top 14 apr\u00e8s une fin de saison historique, l\u2019US Montauban commence \u00e0 s\u2019armer pour le&hellip;\n","protected":false},"author":2,"featured_media":223181,"comment_status":"","ping_status":"","sticky":false,"template":"","format":"standard","meta":{"footnotes":""},"categories":[1416],"tags":[1011,27,479,1468,60],"class_list":{"0":"post-223180","1":"post","2":"type-post","3":"status-publish","4":"format-standard","5":"has-post-thumbnail","7":"category-rugby","8":"tag-fr","9":"tag-france","10":"tag-rugby","11":"tag-rugby-football","12":"tag-sports"},"share_on_mastodon":{"url":"https:\/\/pubeurope.com\/@fr\/114789494490225925","error":""},"_links":{"self":[{"href":"https:\/\/www.europesays.com\/fr\/wp-json\/wp\/v2\/posts\/223180","targetHints":{"allow":["GET"]}}],"collection":[{"href":"https:\/\/www.europesays.com\/fr\/wp-json\/wp\/v2\/posts"}],"about":[{"href":"https:\/\/www.europesays.com\/fr\/wp-json\/wp\/v2\/types\/post"}],"author":[{"embeddable":true,"href":"https:\/\/www.europesays.com\/fr\/wp-json\/wp\/v2\/users\/2"}],"replies":[{"embeddable":true,"href":"https:\/\/www.europesays.com\/fr\/wp-json\/wp\/v2\/comments?post=223180"}],"version-history":[{"count":0,"href":"https:\/\/www.europesays.com\/fr\/wp-json\/wp\/v2\/posts\/223180\/revisions"}],"wp:featuredmedia":[{"embeddable":true,"href":"https:\/\/www.europesays.com\/fr\/wp-json\/wp\/v2\/media\/223181"}],"wp:attachment":[{"href":"https:\/\/www.europesays.com\/fr\/wp-json\/wp\/v2\/media?parent=223180"}],"wp:term":[{"taxonomy":"category","embeddable":true,"href":"https:\/\/www.europesays.com\/fr\/wp-json\/wp\/v2\/categories?post=223180"},{"taxonomy":"post_tag","embeddable":true,"href":"https:\/\/www.europesays.com\/fr\/wp-json\/wp\/v2\/tags?post=223180"}],"curies":[{"name":"wp","href":"https:\/\/api.w.org\/{rel}","templated":true}]}}