{"id":223182,"date":"2025-07-03T13:17:10","date_gmt":"2025-07-03T13:17:10","guid":{"rendered":"https:\/\/www.europesays.com\/fr\/223182\/"},"modified":"2025-07-03T13:17:10","modified_gmt":"2025-07-03T13:17:10","slug":"wimbledon-ivanisevic-coach-de-tsitsipas-depuis-un-mois-jetais-sous-le-choc-je-nai-jamais-vu-un-joueur-aussi-mal-prepare-de-ma-vie-avec-mon-genou-je-suis-trois-fois-plus-en-forme-que-lui-c","status":"publish","type":"post","link":"https:\/\/www.europesays.com\/fr\/223182\/","title":{"rendered":"Wimbledon > Ivanisevic, coach de Tsitsipas depuis un mois : \u00ab\u00a0J&rsquo;\u00e9tais sous le choc, je n&rsquo;ai jamais vu un joueur aussi mal pr\u00e9par\u00e9 de ma vie. Avec mon genou, je suis trois fois plus en forme que lui. C&rsquo;est vraiment terrible\u00a0\u00bb"},"content":{"rendered":"<p>Apr\u00e8s avoir \u00e9t\u00e9 l\u2019entra\u00eeneur de Novak Djokovic entre 2019 et 2024, Goran Ivanisevic a r\u00e9cem\u00adment rejoint le clan de Stefanos Tsitsipas. Mais \u00e0 peine la colla\u00adbo\u00adra\u00adtion entam\u00e9e, le Croate n\u2019a pas m\u00e2ch\u00e9 ses mots \u00e0 l\u2019\u00e9gard de son nouveau prot\u00e9g\u00e9. Lors une inter\u00adview accord\u00e9e au m\u00e9dia serbe <a href=\"https:\/\/sportklub.n1info.rs\/tenis\/wimbledon\/zec-o-cicipasu-nisam-video-nespremnijeg-igraca-u-zivotu-video\/\" data-wpel-link=\"external\" target=\"_blank\" rel=\"nofollow external noopener\">Sportklub<\/a>, il s\u2019est montr\u00e9 parti\u00adcu\u00adli\u00e8\u00adre\u00adment critique, apr\u00e8s l\u2019\u00e9limination de Tsitsipas d\u00e8s le premier tour de Wimbledon face au Fran\u00e7ais Valentin Royer (3\u22126, 2\u20136, puis abandon).<\/p>\n<p><strong>\u00ab\u202fComment le faire revenir dans le top 10 (Tsitsipas est 26e mondial, ndlr) ? C\u2019est simple et ce n\u2019est pas simple. Je lui ai souvent parl\u00e9. S\u2019il r\u00e9sout des probl\u00e8mes en dehors du tennis, alors il aura une chance et il retrou\u00advera sa place, car il est trop bon pour ne pas figurer dans le top 10. Il veut, mais il ne fait rien. Il r\u00e9p\u00e8te sans cesse \u2018je veux, je veux\u2019, mais je ne vois pas de progr\u00e8s. J\u2019\u00e9tais sous le choc, je n\u2019avais jamais vu un joueur aussi mal pr\u00e9par\u00e9 de ma vie. Avec mon genou, je suis trois fois plus en forme que lui. C\u2019est vrai\u00adment terrible.\u202f\u00bb<\/strong><\/p>\n<p class=\"post-published-date\" style=\"color: silver; font-size: 75%; text-align: left;\">Publi\u00e9 le jeudi 3 juillet 2025 \u00e0 14:01<\/p>\n","protected":false},"excerpt":{"rendered":"Apr\u00e8s avoir \u00e9t\u00e9 l\u2019entra\u00eeneur de Novak Djokovic entre 2019 et 2024, Goran Ivanisevic a r\u00e9cem\u00adment rejoint le clan&hellip;\n","protected":false},"author":2,"featured_media":223183,"comment_status":"","ping_status":"","sticky":false,"template":"","format":"standard","meta":{"footnotes":""},"categories":[1415],"tags":[105,1011,27,60,1467,5443],"class_list":{"0":"post-223182","1":"post","2":"type-post","3":"status-publish","4":"format-standard","5":"has-post-thumbnail","7":"category-tennis","8":"tag-djokovic","9":"tag-fr","10":"tag-france","11":"tag-sports","12":"tag-tennis","13":"tag-tsitsipas"},"share_on_mastodon":{"url":"https:\/\/pubeurope.com\/@fr\/114789498558500112","error":""},"_links":{"self":[{"href":"https:\/\/www.europesays.com\/fr\/wp-json\/wp\/v2\/posts\/223182","targetHints":{"allow":["GET"]}}],"collection":[{"href":"https:\/\/www.europesays.com\/fr\/wp-json\/wp\/v2\/posts"}],"about":[{"href":"https:\/\/www.europesays.com\/fr\/wp-json\/wp\/v2\/types\/post"}],"author":[{"embeddable":true,"href":"https:\/\/www.europesays.com\/fr\/wp-json\/wp\/v2\/users\/2"}],"replies":[{"embeddable":true,"href":"https:\/\/www.europesays.com\/fr\/wp-json\/wp\/v2\/comments?post=223182"}],"version-history":[{"count":0,"href":"https:\/\/www.europesays.com\/fr\/wp-json\/wp\/v2\/posts\/223182\/revisions"}],"wp:featuredmedia":[{"embeddable":true,"href":"https:\/\/www.europesays.com\/fr\/wp-json\/wp\/v2\/media\/223183"}],"wp:attachment":[{"href":"https:\/\/www.europesays.com\/fr\/wp-json\/wp\/v2\/media?parent=223182"}],"wp:term":[{"taxonomy":"category","embeddable":true,"href":"https:\/\/www.europesays.com\/fr\/wp-json\/wp\/v2\/categories?post=223182"},{"taxonomy":"post_tag","embeddable":true,"href":"https:\/\/www.europesays.com\/fr\/wp-json\/wp\/v2\/tags?post=223182"}],"curies":[{"name":"wp","href":"https:\/\/api.w.org\/{rel}","templated":true}]}}