{"id":223184,"date":"2025-07-03T13:18:31","date_gmt":"2025-07-03T13:18:31","guid":{"rendered":"https:\/\/www.europesays.com\/fr\/223184\/"},"modified":"2025-07-03T13:18:31","modified_gmt":"2025-07-03T13:18:31","slug":"le-clash-entre-un-joueur-et-siutat-qui-a-tout-change-pour-les-bleus","status":"publish","type":"post","link":"https:\/\/www.europesays.com\/fr\/223184\/","title":{"rendered":"Le clash entre un joueur et Siutat qui a tout chang\u00e9 pour les Bleus"},"content":{"rendered":"<p>Si les Bleus ont sembl\u00e9 si soud\u00e9s et ont failli faire tomber Team USA en finale des Jeux Olympiques, c&rsquo;est qu&rsquo;ils l&rsquo;\u00e9taient r\u00e9ellement. Hors du terrain, les joueurs de Vincent Collet se sont mis en mode \u00ab\u00a0nous contre le reste du monde\u00a0\u00bb et la formule a bien fonctionn\u00e9. Dans le reste du monde, il y a aussi le pr\u00e9sident de la F\u00e9d\u00e9ration fran\u00e7aise de basketball, Jean-Pierre Siutat.<a href=\"https:\/\/rmcsport.bfmtv.com\/jeux-olympiques\/jo-2024-basket-moi-j-ai-honte-de-toi-ce-clash-entre-un-joueur-et-le-president-de-la-federation-qui-a-fait-basculer-le-tournoi-des-bleus_AV-202408110349.html\" rel=\"nofollow noopener\" target=\"_blank\"> A en croire Stephen Brun, qui a racont\u00e9 cette tranche de vie \u00e9tonnante sur les ondes de RMC Sport<\/a> ce weekend, l&rsquo;intervention du pr\u00e9sident de la FFBB apr\u00e8s la lourde d\u00e9faite face \u00e0 l&rsquo;Allemagne en phase de poule et en cours de comp\u00e9tition a \u00e9t\u00e9 tr\u00e8s mal re\u00e7ue par les Bleus.<\/p>\n<p>\u00ab\u00a0Jean-Pierre Siutat est arriv\u00e9 avec des mots un peu durs, du style &lsquo;j&rsquo;ai eu honte&rsquo;. L\u00e0, il y a un gar\u00e7on qui lui a r\u00e9pondu &lsquo;ah ouais, t&rsquo;as eu honte ? Moi j&rsquo;ai honte de toi, de t&rsquo;avoir comme pr\u00e9sident&rsquo;. Et l\u00e0 o\u00f9 il y a eu un d\u00e9clic, c&rsquo;est que ce gar\u00e7on s&rsquo;est lev\u00e9, a quitt\u00e9 la pi\u00e8ce, et les onze autres joueurs se sont lev\u00e9s et ont quitt\u00e9 la pi\u00e8ce avec lui\u00a0\u00bb. Si cette sc\u00e8ne s&rsquo;est bien d\u00e9roul\u00e9e comme le raconte l&rsquo;ancien international fran\u00e7ais, elle a assez clairement eu un impact sur la suite de la comp\u00e9tition. L&rsquo;\u00e9quipe de France a paru transfigur\u00e9e et a sorti trois matches d&rsquo;exception pour \u00e9chouer de tr\u00e8s peu dans la qu\u00eate de l&rsquo;or olympique.<\/p>\n<p>On ne sait pas comment la F\u00e9d\u00e9ration et son boss ont v\u00e9cu ce petit affront personnel, ni l&rsquo;identit\u00e9 du joueur qui s&rsquo;est mis en opposition frontale avec lui (on a une petite id\u00e9e), mais il y aura, \u00e0 coup s\u00fbr, des discussions un peu houleuses et compliqu\u00e9es dans les prochaines semaines. L&rsquo;avenir de Vincent Collet n&rsquo;est pas encore d\u00e9termin\u00e9, pas plus que celui de certains joueurs, mais des r\u00e9unions pour tirer le bilan de ces Jeux Olympiques et pour pr\u00e9parer l&rsquo;avenir auront forc\u00e9ment lieu sous peu.<\/p>\n<p><a class=\"read-too\" href=\"https:\/\/www.basketsession.com\/NBA\/les-bleus-tombent-en-finale-contre-team-usa-et-decrochent-largent-jeux-olympiques-paris-2024-711243\/\" rel=\"nofollow noopener\" target=\"_blank\">Les Bleus tombent en finale contre Team USA et d\u00e9crochent l\u2019argent<\/a><\/p>\n<p>\u00a0<\/p>\n","protected":false},"excerpt":{"rendered":"Si les Bleus ont sembl\u00e9 si soud\u00e9s et ont failli faire tomber Team USA en finale des Jeux&hellip;\n","protected":false},"author":2,"featured_media":223185,"comment_status":"","ping_status":"","sticky":false,"template":"","format":"standard","meta":{"footnotes":""},"categories":[1414],"tags":[1465,1464,2207,64,1011,27,60],"class_list":{"0":"post-223184","1":"post","2":"type-post","3":"status-publish","4":"format-standard","5":"has-post-thumbnail","7":"category-basket","8":"tag-basket","9":"tag-basketball","10":"tag-bleus","11":"tag-equipe-de-france","12":"tag-fr","13":"tag-france","14":"tag-sports"},"share_on_mastodon":{"url":"https:\/\/pubeurope.com\/@fr\/114789502415381682","error":""},"_links":{"self":[{"href":"https:\/\/www.europesays.com\/fr\/wp-json\/wp\/v2\/posts\/223184","targetHints":{"allow":["GET"]}}],"collection":[{"href":"https:\/\/www.europesays.com\/fr\/wp-json\/wp\/v2\/posts"}],"about":[{"href":"https:\/\/www.europesays.com\/fr\/wp-json\/wp\/v2\/types\/post"}],"author":[{"embeddable":true,"href":"https:\/\/www.europesays.com\/fr\/wp-json\/wp\/v2\/users\/2"}],"replies":[{"embeddable":true,"href":"https:\/\/www.europesays.com\/fr\/wp-json\/wp\/v2\/comments?post=223184"}],"version-history":[{"count":0,"href":"https:\/\/www.europesays.com\/fr\/wp-json\/wp\/v2\/posts\/223184\/revisions"}],"wp:featuredmedia":[{"embeddable":true,"href":"https:\/\/www.europesays.com\/fr\/wp-json\/wp\/v2\/media\/223185"}],"wp:attachment":[{"href":"https:\/\/www.europesays.com\/fr\/wp-json\/wp\/v2\/media?parent=223184"}],"wp:term":[{"taxonomy":"category","embeddable":true,"href":"https:\/\/www.europesays.com\/fr\/wp-json\/wp\/v2\/categories?post=223184"},{"taxonomy":"post_tag","embeddable":true,"href":"https:\/\/www.europesays.com\/fr\/wp-json\/wp\/v2\/tags?post=223184"}],"curies":[{"name":"wp","href":"https:\/\/api.w.org\/{rel}","templated":true}]}}