{"id":223186,"date":"2025-07-03T13:19:09","date_gmt":"2025-07-03T13:19:09","guid":{"rendered":"https:\/\/www.europesays.com\/fr\/223186\/"},"modified":"2025-07-03T13:19:09","modified_gmt":"2025-07-03T13:19:09","slug":"michelin-ne-proposera-plus-que-deux-pneus-avant-en-2026","status":"publish","type":"post","link":"https:\/\/www.europesays.com\/fr\/223186\/","title":{"rendered":"Michelin ne proposera plus que deux pneus avant en 2026"},"content":{"rendered":"<p>Michelin continue \u00e0 diminuer l&rsquo;allocation de pneus sur les Grands Prix. En 2023, le manufacturier clermontois est <a href=\"https:\/\/fr.motorsport.com\/motogp\/news\/deux-pneus-arriere-courses-2023\/10316767\/\" rel=\"nofollow noopener\" target=\"_blank\">pass\u00e9 de trois \u00e0 deux sp\u00e9cifications propos\u00e9es \u00e0 l&rsquo;arri\u00e8re sur chaque \u00e9preuve<\/a>, le medium disparaissant pour ne laisser que le choix entre un tendre et un dur. L&rsquo;an prochain, la m\u00eame mesure sera mise en place pour le pneu avant, en abandonnant un medium qui d\u00e9plait souvent aux pilotes.<\/p>\n<p>Ces derniers mois, on a souvent vu des pilotes \u00ab\u00a0contraints\u00a0\u00bb d&rsquo;utiliser ce medium le vendredi afin de pr\u00e9server leur quota de pneus tendres pour la suite du week-end&#8230; m\u00eame si \u00e0 Assen, cela n&rsquo;a pas \u00e9t\u00e9 suffisant pour <a href=\"https:\/\/fr.motorsport.com\/driver\/fabio-quartararo\/109400\/\" target=\"_blank\" rel=\"noopener nofollow\">Fabio Quartararo<\/a>, qui n&rsquo;avait plus aucun de neuf \u00e0 disposition pour la course sprint.<\/p>\n<p>\u00c0 l&rsquo;inverse, <a href=\"https:\/\/fr.motorsport.com\/driver\/marco-bezzecchi\/441839\/\" target=\"_blank\" rel=\"noopener nofollow\">Marco Bezzecchi<\/a> s&rsquo;est \u00ab\u00a0oblig\u00e9\u00a0\u00bb \u00e0 rouler avec le medium pour ne pas entamer son stock de tendres. \u00ab\u00a0J&rsquo;ai suffisamment de tendres parce que pendant les essais, je commen\u00e7ais avec le medium, et quand les pilotes passaient sur le tendre, je voulais aussi changer mais je gardais le medium pour garder un tendre de plus\u00a0\u00bb, expliquait le pilote Aprilia samedi.<\/p>\n<p>Mais utiliser le medium a oblig\u00e9 les pilotes \u00e0 rouler avec un pneu peu adapt\u00e9 aux conditions le vendredi, ce qui a entra\u00een\u00e9 de nombreuses chutes lors des Essais.\u00a0<a href=\"https:\/\/fr.motorsport.com\/driver\/alex-marquez\/96324\/\" target=\"_blank\" rel=\"noopener nofollow\">\u00c1lex M\u00e1rquez<\/a>, qui a fait partie des nombreux pilotes \u00e0 terre a confirm\u00e9 qu&rsquo;utiliser ce pneu medium relevait plus de la contrainte que du choix sportif. \u00ab\u00a0Ce pneu sert juste \u00e0 chauffer la moto dans l&rsquo;apr\u00e8s-midi, c&rsquo;est tout\u00a0\u00bb, a r\u00e9sum\u00e9 l&rsquo;Espagnol. \u00ab\u00a0Ce n&rsquo;est pas bon parce qu&rsquo;on sent que tout se passe bien et tout \u00e0 coup, on perd [la moto]. C&rsquo;est tr\u00e8s bizarre. Le plus difficile, c&rsquo;est qu&rsquo;on a z\u00e9ro sensation avec le pneu. C&rsquo;est la pire sensation possible sur une moto.\u00a0\u00bb\u00a0<\/p>\n<p>Et c&rsquo;est sp\u00e9cifiquement cette situation que Michelin souhaite \u00e9viter en 2026. Ne plus apporter le medium et le remplacer par plus de tendres et durs devrait permettre aux pilotes de rouler avec les pneus qu&rsquo;ils d\u00e9sirent \u00e0 chaque instant du week-end.<\/p>\n<p>\u00ab\u00a0Quand ils ont essay\u00e9 de prendre le medium \u00e0 l&rsquo;avant, on a r\u00e9alis\u00e9 qu&rsquo;il \u00e9tait trop \u00e0 la limite\u00a0\u00bb, a expliqu\u00e9 Piero Taramasso, responsable de la comp\u00e9tition deux roues de Michelin. \u00ab\u00a0Ce sont les conditions auxquelles nous faisons face parfois.\u00a0\u00bb<\/p>\n<p>\u00ab\u00a0Une solution, qui a d\u00e9j\u00e0 \u00e9t\u00e9 valid\u00e9e par toutes les \u00e9quipes et que nous mettrons en place la saison prochaine, sera de passer de trois sp\u00e9cifications \u00e0 l&rsquo;avant \u00e0 seulement deux, en plus grande quantit\u00e9.\u00a0Dans cette configuration, les pilotes auront plus de pneus d&rsquo;un type particulier. S&rsquo;ils veulent faire tout un week-end avec une seule sp\u00e9cification de pneu, ils pourront le faire.\u00a0\u00bb<\/p>\n<p>Lire aussi :<\/p>\n<p>Dans cet article<\/p>\n<p>    Vincent Lalanne-Sicaud\n<\/p>\n<p>    MotoGP\n<\/p>\n<p>Soyez le premier inform\u00e9 et souscrivez aux alertes mails pour recevoir les infos en temps r\u00e9el<\/p>\n<p>    S&rsquo;abonner aux alertes de news<\/p>\n","protected":false},"excerpt":{"rendered":"Michelin continue \u00e0 diminuer l&rsquo;allocation de pneus sur les Grands Prix. En 2023, le manufacturier clermontois est pass\u00e9&hellip;\n","protected":false},"author":2,"featured_media":223187,"comment_status":"","ping_status":"","sticky":false,"template":"","format":"standard","meta":{"footnotes":""},"categories":[1413],"tags":[1011,27,1457,1456,1458,60],"class_list":{"0":"post-223186","1":"post","2":"type-post","3":"status-publish","4":"format-standard","5":"has-post-thumbnail","7":"category-moto","8":"tag-fr","9":"tag-france","10":"tag-moto","11":"tag-motocycle","12":"tag-motogp","13":"tag-sports"},"share_on_mastodon":{"url":"https:\/\/pubeurope.com\/@fr\/114789506275253594","error":""},"_links":{"self":[{"href":"https:\/\/www.europesays.com\/fr\/wp-json\/wp\/v2\/posts\/223186","targetHints":{"allow":["GET"]}}],"collection":[{"href":"https:\/\/www.europesays.com\/fr\/wp-json\/wp\/v2\/posts"}],"about":[{"href":"https:\/\/www.europesays.com\/fr\/wp-json\/wp\/v2\/types\/post"}],"author":[{"embeddable":true,"href":"https:\/\/www.europesays.com\/fr\/wp-json\/wp\/v2\/users\/2"}],"replies":[{"embeddable":true,"href":"https:\/\/www.europesays.com\/fr\/wp-json\/wp\/v2\/comments?post=223186"}],"version-history":[{"count":0,"href":"https:\/\/www.europesays.com\/fr\/wp-json\/wp\/v2\/posts\/223186\/revisions"}],"wp:featuredmedia":[{"embeddable":true,"href":"https:\/\/www.europesays.com\/fr\/wp-json\/wp\/v2\/media\/223187"}],"wp:attachment":[{"href":"https:\/\/www.europesays.com\/fr\/wp-json\/wp\/v2\/media?parent=223186"}],"wp:term":[{"taxonomy":"category","embeddable":true,"href":"https:\/\/www.europesays.com\/fr\/wp-json\/wp\/v2\/categories?post=223186"},{"taxonomy":"post_tag","embeddable":true,"href":"https:\/\/www.europesays.com\/fr\/wp-json\/wp\/v2\/tags?post=223186"}],"curies":[{"name":"wp","href":"https:\/\/api.w.org\/{rel}","templated":true}]}}