{"id":223188,"date":"2025-07-03T13:20:10","date_gmt":"2025-07-03T13:20:10","guid":{"rendered":"https:\/\/www.europesays.com\/fr\/223188\/"},"modified":"2025-07-03T13:20:10","modified_gmt":"2025-07-03T13:20:10","slug":"ben-sulayem-concurrence-par-tim-mayer-pour-la-presidence-de-la-fia","status":"publish","type":"post","link":"https:\/\/www.europesays.com\/fr\/223188\/","title":{"rendered":"Ben Sulayem concurrenc\u00e9 par Tim Mayer pour la pr\u00e9sidence de la FIA"},"content":{"rendered":"<p>Mohammed Ben Sulayem ne devrait plus \u00eatre seul en course pour la pr\u00e9sidence de la FIA. Selon la BBC, l\u2019ancien commissaire de course Tim Mayer va annoncer sa candidature vendredi.<\/p>\n<p class=\"fig-paragraph\"><a href=\"http:\/\/www.lefigaro.fr\/automobile\/voiture-electrique-securite-routiere-f1-les-confidences-du-president-de-la-fia-mohammed-ben-sulayem-au-figaro-20250211\" data-fig-type=\"Article\" data-gtm-custom-categorie=\"navigation\" data-gtm-custom-action=\"crossclick\" data-gtm-custom-label=\"Contextuel\" data-gtm-event=\"customEventSPE\" data-fig-domain=\"LEFIGARO\" target=\"_blank\" rel=\"noopener\">Mohammed Ben Sulayem<\/a>\u00a0fera face \u00e0 grand un d\u00e9fi concernant sa r\u00e9\u00e9lection en tant que\u00a0<a href=\"http:\/\/www.lefigaro.fr\/sports\/formule-1\/formule-1-carlos-sainz-sr-ne-se-presentera-finalement-pas-a-la-presidence-de-la-fia-20250625\" data-fig-type=\"NewsFlash\" data-gtm-custom-categorie=\"navigation\" data-gtm-custom-action=\"crossclick\" data-gtm-custom-label=\"Contextuel\" data-gtm-event=\"customEventSPE\" data-fig-domain=\"LEFIGARO\" target=\"_blank\" rel=\"noopener\">pr\u00e9sident de la FIA, l\u2019organe directeur du sport automobile<\/a>, apr\u00e8s qu\u2019un candidat rival est apparu jeudi. La BBC a rapport\u00e9 que l\u2019Am\u00e9ricain Tim Mayer, ancien commissaire de la Formule 1 annoncerait vendredi sa candidature contre l\u2019\u00c9mirati.<\/p>\n<p>Fils de l\u2019ancien patron de McLaren<\/p>\n<p class=\"fig-paragraph\">Une conf\u00e9rence de presse a \u00e9t\u00e9 convoqu\u00e9e dans un lieu en dehors du circuit de Silverstone avant la premi\u00e8re s\u00e9ance d\u2019essais du Grand Prix de Grande-Bretagne. Mayer, 59 ans, est le fils de l\u2019ancien directeur d\u2019\u00e9quipe de McLaren Teddy Mayer. En novembre dernier, il a d\u00e9clar\u00e9 \u00e0 la BBC qu\u2019il avait \u00e9t\u00e9 licenci\u00e9 par texto, par un assistant de Ben Sulayem.<\/p>\n<p>                                    <a class=\"fig-a11y-skip a11y-hidden\" href=\"#fig-a11y-skip-main-inarticle\"><br \/>\n        Passer la publicit\u00e9<br \/>\n    <\/a><\/p>\n<p class=\"fig-paragraph\">Le pr\u00e9sident de la FIA devrait assister \u00e0 la course qui marque la mi-saison de Formule 1. Il a d\u00e9j\u00e0 annonc\u00e9 qu\u2019il voulait effectuer un second mandat. La FIA est l\u2019organe directeur de la F1, du championnat du monde des rallyes, de la Formula E et d\u2019autres cat\u00e9gories.<\/p>\n","protected":false},"excerpt":{"rendered":"Mohammed Ben Sulayem ne devrait plus \u00eatre seul en course pour la pr\u00e9sidence de la FIA. Selon la&hellip;\n","protected":false},"author":2,"featured_media":223189,"comment_status":"","ping_status":"","sticky":false,"template":"","format":"standard","meta":{"footnotes":""},"categories":[1412],"tags":[1451,5088,1452,1453,1454,1455,1011,27,1982,60],"class_list":{"0":"post-223188","1":"post","2":"type-post","3":"status-publish","4":"format-standard","5":"has-post-thumbnail","7":"category-f1","8":"tag-f1","9":"tag-fia","10":"tag-formula-1","11":"tag-formula1","12":"tag-formule-1","13":"tag-formule1","14":"tag-fr","15":"tag-france","16":"tag-grand-prix","17":"tag-sports"},"share_on_mastodon":{"url":"https:\/\/pubeurope.com\/@fr\/114789510250821283","error":""},"_links":{"self":[{"href":"https:\/\/www.europesays.com\/fr\/wp-json\/wp\/v2\/posts\/223188","targetHints":{"allow":["GET"]}}],"collection":[{"href":"https:\/\/www.europesays.com\/fr\/wp-json\/wp\/v2\/posts"}],"about":[{"href":"https:\/\/www.europesays.com\/fr\/wp-json\/wp\/v2\/types\/post"}],"author":[{"embeddable":true,"href":"https:\/\/www.europesays.com\/fr\/wp-json\/wp\/v2\/users\/2"}],"replies":[{"embeddable":true,"href":"https:\/\/www.europesays.com\/fr\/wp-json\/wp\/v2\/comments?post=223188"}],"version-history":[{"count":0,"href":"https:\/\/www.europesays.com\/fr\/wp-json\/wp\/v2\/posts\/223188\/revisions"}],"wp:featuredmedia":[{"embeddable":true,"href":"https:\/\/www.europesays.com\/fr\/wp-json\/wp\/v2\/media\/223189"}],"wp:attachment":[{"href":"https:\/\/www.europesays.com\/fr\/wp-json\/wp\/v2\/media?parent=223188"}],"wp:term":[{"taxonomy":"category","embeddable":true,"href":"https:\/\/www.europesays.com\/fr\/wp-json\/wp\/v2\/categories?post=223188"},{"taxonomy":"post_tag","embeddable":true,"href":"https:\/\/www.europesays.com\/fr\/wp-json\/wp\/v2\/tags?post=223188"}],"curies":[{"name":"wp","href":"https:\/\/api.w.org\/{rel}","templated":true}]}}