{"id":223195,"date":"2025-07-03T13:24:12","date_gmt":"2025-07-03T13:24:12","guid":{"rendered":"https:\/\/www.europesays.com\/fr\/223195\/"},"modified":"2025-07-03T13:24:12","modified_gmt":"2025-07-03T13:24:12","slug":"cloture-festive-du-symposium-de-la-sculpture-dales","status":"publish","type":"post","link":"https:\/\/www.europesays.com\/fr\/223195\/","title":{"rendered":"Cl\u00f4ture festive du Symposium de la sculpture d\u2019Al\u00e8s"},"content":{"rendered":"<p>\n                                                                Ce mercredi 2\u00a0juillet, le jardin du Bosquet \u00e0 Al\u00e8s r\u00e9unissait amateurs et invit\u00e9s pour la fin 2e Symposium de la sculpture.\n                            <\/p>\n<p>Malgr\u00e9 la chaleur matinale, beaucoup d\u2019invit\u00e9s se retrouvaient, ce mercredi 2\u00a0juillet, dans le jardin du Bosquet pour assister \u00e0 la cl\u00f4ture du 2e Symposium de la sculpture, o\u00f9 \u00e9taient pr\u00e9sent\u00e9es les \u0153uvres r\u00e9alis\u00e9es depuis le 10\u00a0juin, en pr\u00e9sence de Christophe Rivenq, maire d\u2019Al\u00e8s, de Soumia Bouhamidi, consule g\u00e9n\u00e9rale du Maroc, et Mehdi Zouak, directeur de l\u2019Institut national des Beaux-arts de T\u00e9touan. L\u00e0, chaque sculpteur pr\u00e9sentait son \u0153uvre en pr\u00e9cisant le mat\u00e9riau utilis\u00e9 ainsi que l\u2019esprit de sa cr\u00e9ation.<\/p>\n<p>Un discours humaniste<\/p>\n<p>Peu apr\u00e8s, dans une sorte de procession artistique, les invit\u00e9s regagnaient la salle des \u00c9tats du Languedoc \u00e0 l\u2019h\u00f4tel de ville, o\u00f9 la consule g\u00e9n\u00e9rale du Maroc prenait la parole\u00a0: \u00ab\u00a0Ces artistes repr\u00e9sentent, ici, la vie, l\u2019amour, la z\u00e9nitude\u2026 C\u2019est l\u2019humanit\u00e9 qui est propos\u00e9e dans sa plus belle image. C\u2019est un rapprochement de culture et d\u2019\u00e9change pour mieux se conna\u00eetre.\u00a0\u00bb Un texte humaniste qui collabore \u00e0 une volont\u00e9 de paix universelle.<\/p>\n","protected":false},"excerpt":{"rendered":"Ce mercredi 2\u00a0juillet, le jardin du Bosquet \u00e0 Al\u00e8s r\u00e9unissait amateurs et invit\u00e9s pour la fin 2e Symposium&hellip;\n","protected":false},"author":2,"featured_media":223196,"comment_status":"","ping_status":"","sticky":false,"template":"","format":"standard","meta":{"footnotes":""},"categories":[1358],"tags":[1348,1384,1385,1386,58,59,1011,27],"class_list":{"0":"post-223195","1":"post","2":"type-post","3":"status-publish","4":"format-standard","5":"has-post-thumbnail","7":"category-arts-et-design","8":"tag-arts","9":"tag-arts-and-design","10":"tag-arts-et-design","11":"tag-design","12":"tag-divertissement","13":"tag-entertainment","14":"tag-fr","15":"tag-france"},"share_on_mastodon":{"url":"https:\/\/pubeurope.com\/@fr\/114789525969843216","error":""},"_links":{"self":[{"href":"https:\/\/www.europesays.com\/fr\/wp-json\/wp\/v2\/posts\/223195","targetHints":{"allow":["GET"]}}],"collection":[{"href":"https:\/\/www.europesays.com\/fr\/wp-json\/wp\/v2\/posts"}],"about":[{"href":"https:\/\/www.europesays.com\/fr\/wp-json\/wp\/v2\/types\/post"}],"author":[{"embeddable":true,"href":"https:\/\/www.europesays.com\/fr\/wp-json\/wp\/v2\/users\/2"}],"replies":[{"embeddable":true,"href":"https:\/\/www.europesays.com\/fr\/wp-json\/wp\/v2\/comments?post=223195"}],"version-history":[{"count":0,"href":"https:\/\/www.europesays.com\/fr\/wp-json\/wp\/v2\/posts\/223195\/revisions"}],"wp:featuredmedia":[{"embeddable":true,"href":"https:\/\/www.europesays.com\/fr\/wp-json\/wp\/v2\/media\/223196"}],"wp:attachment":[{"href":"https:\/\/www.europesays.com\/fr\/wp-json\/wp\/v2\/media?parent=223195"}],"wp:term":[{"taxonomy":"category","embeddable":true,"href":"https:\/\/www.europesays.com\/fr\/wp-json\/wp\/v2\/categories?post=223195"},{"taxonomy":"post_tag","embeddable":true,"href":"https:\/\/www.europesays.com\/fr\/wp-json\/wp\/v2\/tags?post=223195"}],"curies":[{"name":"wp","href":"https:\/\/api.w.org\/{rel}","templated":true}]}}