{"id":223197,"date":"2025-07-03T13:25:10","date_gmt":"2025-07-03T13:25:10","guid":{"rendered":"https:\/\/www.europesays.com\/fr\/223197\/"},"modified":"2025-07-03T13:25:10","modified_gmt":"2025-07-03T13:25:10","slug":"les-bibliotheques-sinstallent-de-nouveau-dans-les-parcs-et-les-jardins-cet-ete-pour-loperation-lire-en-transat","status":"publish","type":"post","link":"https:\/\/www.europesays.com\/fr\/223197\/","title":{"rendered":"les biblioth\u00e8ques s\u2019installent de nouveau dans les parcs et les jardins cet \u00e9t\u00e9 pour l\u2019op\u00e9ration Lire en transat"},"content":{"rendered":"<p>Avec la chaleur qui s\u2019installe, quoi de mieux que de se pr\u00e9lasser dans un transat avec un bon bouquin \u00e0 l\u2019ombre des arbres\u00a0? C\u2019est la promesse offerte par <a target=\"_self\" href=\"https:\/\/www.lanouvellerepublique.fr\/vienne\/commune\/availles-limouzine\/sud-vienne-lire-en-transat-invite-a-la-lecture\" rel=\"noopener\">l\u2019op\u00e9ration Lire en transat<\/a>. Initi\u00e9e en 2016 sur le territoire du Sud-Vienne, cette manifestation s\u2019articule autour d\u2019un principe simple\u00a0: les biblioth\u00e8ques ou m\u00e9diath\u00e8ques du territoire\u00a0sortent les livres hors des murs. Elle est soutenue par la communaut\u00e9 de communes Vienne et Gartempe (CCVG) dans le cadre du contrat territoire lecture sign\u00e9 r\u00e9cemment avec l\u2019\u00c9tat et le D\u00e9partement&#8230;. <\/p>\n<p>    Cet article a \u00e9t\u00e9 tronqu\u00e9. Abonnez-vous pour lire l&rsquo;article complet sur notre site.<\/p>\n<p style=\"margin: 0 !important; padding: 0 !important; font-size: 12px !important;\">Cet article a \u00e9t\u00e9 tronqu\u00e9. Abonnez-vous pour lire l&rsquo;article complet.<\/p>\n<p>    <a href=\"https:\/\/www.lanouvellerepublique.fr\/abonnements\" style=\"display: inline-block; margin-top: 5px !important; padding: 6px 12px !important; background: #cb1c27; color: white; text-decoration: none; border-radius: 4px; font-size: 12px !important;\" target=\"_blank\" rel=\"noopener\"><br \/>\n      S&rsquo;abonner<br \/>\n    <\/a><\/p>\n","protected":false},"excerpt":{"rendered":"Avec la chaleur qui s\u2019installe, quoi de mieux que de se pr\u00e9lasser dans un transat avec un bon&hellip;\n","protected":false},"author":2,"featured_media":223198,"comment_status":"","ping_status":"","sticky":false,"template":"","format":"standard","meta":{"footnotes":""},"categories":[1357],"tags":[1392,1379,58,59,1011,27,1380,1393,1584,36216],"class_list":{"0":"post-223197","1":"post","2":"type-post","3":"status-publish","4":"format-standard","5":"has-post-thumbnail","7":"category-livres","8":"tag-a-la-une-local","9":"tag-books","10":"tag-divertissement","11":"tag-entertainment","12":"tag-fr","13":"tag-france","14":"tag-livres","15":"tag-loisirs","16":"tag-vienne","17":"tag-vienne-et-gartempe"},"share_on_mastodon":{"url":"https:\/\/pubeurope.com\/@fr\/114789529980326544","error":""},"_links":{"self":[{"href":"https:\/\/www.europesays.com\/fr\/wp-json\/wp\/v2\/posts\/223197","targetHints":{"allow":["GET"]}}],"collection":[{"href":"https:\/\/www.europesays.com\/fr\/wp-json\/wp\/v2\/posts"}],"about":[{"href":"https:\/\/www.europesays.com\/fr\/wp-json\/wp\/v2\/types\/post"}],"author":[{"embeddable":true,"href":"https:\/\/www.europesays.com\/fr\/wp-json\/wp\/v2\/users\/2"}],"replies":[{"embeddable":true,"href":"https:\/\/www.europesays.com\/fr\/wp-json\/wp\/v2\/comments?post=223197"}],"version-history":[{"count":0,"href":"https:\/\/www.europesays.com\/fr\/wp-json\/wp\/v2\/posts\/223197\/revisions"}],"wp:featuredmedia":[{"embeddable":true,"href":"https:\/\/www.europesays.com\/fr\/wp-json\/wp\/v2\/media\/223198"}],"wp:attachment":[{"href":"https:\/\/www.europesays.com\/fr\/wp-json\/wp\/v2\/media?parent=223197"}],"wp:term":[{"taxonomy":"category","embeddable":true,"href":"https:\/\/www.europesays.com\/fr\/wp-json\/wp\/v2\/categories?post=223197"},{"taxonomy":"post_tag","embeddable":true,"href":"https:\/\/www.europesays.com\/fr\/wp-json\/wp\/v2\/tags?post=223197"}],"curies":[{"name":"wp","href":"https:\/\/api.w.org\/{rel}","templated":true}]}}