{"id":223210,"date":"2025-07-03T13:32:16","date_gmt":"2025-07-03T13:32:16","guid":{"rendered":"https:\/\/www.europesays.com\/fr\/223210\/"},"modified":"2025-07-03T13:32:16","modified_gmt":"2025-07-03T13:32:16","slug":"ce-videoprojecteur-full-hd-avec-haut-parleurs-jbl-est-deja-100-e-moins-cher-pour-les-soldes-dete","status":"publish","type":"post","link":"https:\/\/www.europesays.com\/fr\/223210\/","title":{"rendered":"Ce vid\u00e9oprojecteur Full HD avec haut-parleurs JBL est d\u00e9j\u00e0 100 \u20ac moins cher pour les soldes d&rsquo;\u00e9t\u00e9"},"content":{"rendered":"<p>L\u00e9ger, facilement transportable et puissant, le petit vid\u00e9oprojecteur Yaber L2S marque aussi des points gr\u00e2ce au son sign\u00e9 JBL qu\u2019il d\u00e9livre. En pleine p\u00e9riode de soldes d\u2019\u00e9t\u00e9, Amazon propose ce mod\u00e8le \u00e0 155,99 euros au lieu de 259,99 euros, via deux coupons.<\/p>\n<p><a href=\"https:\/\/images.frandroid.com\/wp-content\/uploads\/2025\/07\/yaber-l2s-soldes-ete-2025.jpg\" target=\"_blank\" class=\"article-content__figure\" rel=\"noopener\"><img fetchpriority=\"high\" decoding=\"async\" loading=\"eager\" width=\"1200\" height=\"675\" src=\"https:\/\/www.europesays.com\/fr\/wp-content\/uploads\/2025\/07\/yaber-l2s-soldes-ete-2025.jpg\" alt=\"\" class=\"wp-image-2718061 wp-image wp-image\"  \/><\/a><\/p>\n<p>Si vous attendiez les <a href=\"https:\/\/www.frandroid.com\/bons-plans\/2717571_soldes-dete-la-deuxieme-demarque-est-lancee-voici-les-meilleures-offres-en-direct\" target=\"_blank\" rel=\"noopener\">soldes d\u2019\u00e9t\u00e9<\/a> pour vous offrir un <a href=\"https:\/\/www.frandroid.com\/guide-dachat\/guides-dachat-tv\/851321_guide-meilleurs-picoprojecteurs\" target=\"_blank\" rel=\"noopener\">vid\u00e9oprojecteur portable<\/a>, avec une bonne luminosit\u00e9 et une qualit\u00e9 audio convaincante, vous pourriez par exemple opter pour le Yaber L2S. L\u00e9ger, capable de projeter des images de 150 pouces et dot\u00e9 de haut-parleurs JBL, il est en ce moment affich\u00e9 <a href=\"https:\/\/shop.frandroid.com\/u0lwzxwc\" target=\"_blank\" rel=\"noreferrer noopener affiliate nofollow\">avec plus de 100 euros de remise<\/a> ; l\u2019un des meilleurs rapports qualit\u00e9-prix du moment.<\/p>\n<p>Ce qu\u2019offre le Yaber L2S<\/p>\n<ul class=\"wp-block-list\">\n<li>Un format compact<\/li>\n<li>Des images en Full HD jusqu\u2019\u00e0 150 pouces<\/li>\n<li>Des haut-parleurs JBL int\u00e9gr\u00e9s<\/li>\n<\/ul>\n<p>Auparavant affich\u00e9 \u00e0 259,99 euros, puis r\u00e9duit \u00e0 239,99 euros, le vid\u00e9oprojecteur Yaber L2S peut <a href=\"https:\/\/shop.frandroid.com\/u0lwzxwc\" target=\"_blank\" rel=\"noreferrer noopener affiliate nofollow\" data-gtm=\"{&quot;event&quot;:&quot;afficlic&quot;,&quot;nom_marchand&quot;:&quot;amazon_fr&quot;,&quot;nom_produit&quot;:&quot;inconnu&quot;,&quot;categorie_produit&quot;:&quot;inconnu&quot;,&quot;module_produit&quot;:&quot;editolink&quot;,&quot;position_marchand&quot;:0,&quot;texte&quot;:&quot;aujourd-hui-vous-revenir-a-189-99-euros-sur-amazon&quot;,&quot;offer_url&quot;:&quot;https:\/\/shop.frandroid.com\/u0lwzxwc&quot;,&quot;zone&quot;:&quot;contenu-page&quot;}\">aujourd\u2019hui vous revenir \u00e0 155,99 euros sur Amazon<\/a> gr\u00e2ce aux deux coupons \u00e0 cocher avant de glisser le produit dans le panier. L\u2019offre est valable <strong>jusqu\u2019au<\/strong> <strong>20 juillet 2025<\/strong>.<\/p>\n<p><a target=\"_blank\" href=\"https:\/\/www.europesays.com\/fr\/wp-content\/uploads\/2025\/07\/coupons-amazon-videoproj.jpg\" class=\"article-content__figure\"><img loading=\"lazy\" decoding=\"async\" width=\"413\" height=\"185\" src=\"https:\/\/www.europesays.com\/fr\/wp-content\/uploads\/2025\/07\/coupons-amazon-videoproj.jpg\" alt=\"\" class=\"wp-image-2719659 wp-image\"  \/><\/a>Voici les deux coupons \u00e0 cocher en question \/\/ Source : Capture d\u2019\u00e9cran sur le site d\u2019Amazon. <\/p>\n<p>Un petit vid\u00e9oprojecteur pour toutes les pi\u00e8ces<\/p>\n<p>            <img decoding=\"async\" width=\"1200\" height=\"438\" loading=\"lazy\" alt=\"Remise de 500 euros(2)\" title=\"Remise de 500 euros(2)\" class=\"is-radiusless placeholder-default wp-image\" src=\"https:\/\/www.europesays.com\/fr\/wp-content\/uploads\/2025\/07\/remise-de-500-euros2-1200x438.jpg\" \/>        <\/p>\n<p>\n                -500 \u20ac pour cette barre de son not\u00e9e 9\/10            <\/p>\n<p class=\"has-text-weight-medium is-size-6 is-line-height-normal\">\n                Pour une exp\u00e9rience cin\u00e9ma \u00e0 la maison, d\u00e9couvrez la barre de son Samsung Q995F. Sa spatialisation 11.1.4 vous plonge dans l\u2019ambiance de vos films avec des d\u00e9tails subtils et une immersion bluffante.            <\/p>\n<p>Avec ses dimensions de 22,7 x 18,4 x 15,9 cm et son poids de seulement 2,3 kg, le Yaber L2S fait partie de ces vid\u00e9oprojecteurs compacts que l\u2019on peut transporter tr\u00e8s facilement et placer n\u2019importe o\u00f9. Sur une table de chevet, sur un meuble, au plafond, sur un support pliable ou sur pied\u2026 C\u2019est vous qui choisissez. Mention sp\u00e9ciale aussi pour son coloris blanc et beige, bien plus original et \u00e9l\u00e9gant que celui, noir et basique, de la plupart des autres <a href=\"https:\/\/www.frandroid.com\/guide-dachat\/guides-dachat-tv\/851321_guide-meilleurs-picoprojecteurs\" target=\"_blank\" rel=\"noopener\">picoprojecteurs<\/a> du march\u00e9.<\/p>\n<p>Le vid\u00e9oprojecteur est par ailleurs capable de projeter des images en Full HD (1 920 x 1 080 pixels) et offre une luminosit\u00e9 de 700 lumens ANSI. De quoi profiter de contenus bien nets et clairs, m\u00eame si on pr\u00e9f\u00e8rera toujours visionner nos \u00e9pisodes de s\u00e9rie et nos films plong\u00e9s dans la p\u00e9nombre. C\u00f4t\u00e9 surface d\u2019affichage, le Yaber L2S, qui propose un ratio de projection de 1,38:1, peut diffuser des images dont la diagonale peut atteindre 150 pouces, mais avec une distance de 4 m\u00e8tres. Avec une distance de 2,4 m\u00e8tres, vous profiterez d\u2019une diagonale de 80 pouces, ce qui est d\u00e9j\u00e0 largement suffisant.<\/p>\n<p>Un son JBL puissant<\/p>\n<p>Si comme tout bon vid\u00e9oprojecteur, le Yaber L2S propose bien la correction  du trap\u00e8ze verticale automatique pour bien positionner les images, il n\u2019est malheureusement pas capable de les aligner seul sur un axe horizontal. On vous conseille donc de placer l\u2019appareil bien face au mur, et non sur le c\u00f4t\u00e9.  La mise au point automatique est, quant \u00e0 elle, bien de la partie, de m\u00eame qu\u2019une fonction de zoom. <\/p>\n<p>Les pi\u00e8ces ma\u00eetresses de ce mod\u00e8le sont \u00e9videmment ses deux haut-parleurs JBL de 8W, qui garantissent, selon la marque, un son surround bien immersif. Notez d\u2019ailleurs que gr\u00e2ce au Bluetooth, ce vid\u00e9oprojecteur peut aussi faire office d\u2019enceinte audio pour vos meilleures playlists. Le Yaber L2S prend aussi en charge le Wi-Fi 6, qui rend le streaming bien rapide et fluide. Attention, aucune plateforme de streaming n\u2019est int\u00e9gr\u00e9e, mieux vaut donc y brancher une <a href=\"https:\/\/www.frandroid.com\/produits-android\/tv-connectee-produits\/cle-hdmi\" target=\"_blank\" rel=\"noopener\">cl\u00e9 HDMI<\/a> pour b\u00e9n\u00e9ficier d\u2019un vid\u00e9oprojecteur connect\u00e9. Outre le port HDMI, qui permet de connecter une console, un port USB est aussi pr\u00e9sent pour lier un ordinateur ou un smartphone.<\/p>\n<p class=\"shortcode-container see-more\">\n    \u00c0 lire aussi : <br \/><a href=\"https:\/\/www.frandroid.com\/guide-dachat\/guides-dachat-tv\/1272065_quels-sont-les-meilleurs-videoprojecteur-a-ultra-courte-focale\" target=\"_blank\" rel=\"noopener\">Quels sont les meilleurs vid\u00e9oprojecteurs \u00e0 courte focale en 2025 ? Notre s\u00e9lection<\/a>\n<\/p>\n<p>Les Soldes d\u2019\u00e9t\u00e9 2025 avec Frandroid<\/p>\n<p>Jusqu\u2019au 22 juillet prochain, ce sont <a href=\"https:\/\/www.frandroid.com\/bons-plans\/2717571_soldes-dete-la-deuxieme-demarque-est-lancee-voici-les-meilleures-offres-en-direct\" data-type=\"link\" data-id=\"https:\/\/www.frandroid.com\/bons-plans\/2717571_soldes-dete-la-deuxieme-demarque-est-lancee-voici-les-meilleures-offres-en-direct\" target=\"_blank\" rel=\"noreferrer noopener\">les soldes d\u2019\u00e9t\u00e9 en France<\/a>. En cette occasion, la r\u00e9daction de Frandroid met \u00e0 votre service son expertise en mati\u00e8re de nouvelles technologies pour vous aider \u00e0 faire votre choix dans votre prochain achat Tech \u00e0 prix r\u00e9duit. Il y a plusieurs articles avec diff\u00e9rentes th\u00e9matiques, \u00e0 vous de choisir :<\/p>\n<p>Et pour \u00eatre s\u00fbr de ne manquer aucun bon plan de l\u2019\u00e9dition 2025 des soldes d\u2019\u00e9t\u00e9, vous pouvez aussi : <\/p>\n<ul class=\"wp-block-list\">\n<li>Nous suivre sur notre compte X\u00a0<a href=\"https:\/\/twitter.com\/FrandroidPromos\" target=\"_blank\" rel=\"noopener noreferrer\">@FrandroidPromos<\/a> uniquement d\u00e9di\u00e9 aux bons plans (pensez \u00e0 activer la cloche pour recevoir les notifications en temps r\u00e9el)<\/li>\n<li>\n<a href=\"https:\/\/whatsapp.com\/channel\/0029VabYxm5LI8YhSlD8xc05\" target=\"_blank\" rel=\"noopener\">Rejoindre notre canal WhatsApp<\/a> pour recevoir une fois par jour un condens\u00e9 des meilleures offres<\/li>\n<li>T\u00e9l\u00e9charger notre <a href=\"https:\/\/www.frandroid.com\/telecharger\/apps\/frandroid\" target=\"_blank\" rel=\"noopener\">application Frandroid<\/a> (disponible sur iOS et Android) pour activer les notifications de la cat\u00e9gorie \u00ab Bons Plans \u00bb et ainsi recevoir en temps r\u00e9el les nouveaux articles li\u00e9s aux soldes d\u2019\u00e9t\u00e9 2025<\/li>\n<li>S\u2019abonner \u00e0 notre newsletter pour \u00eatre s\u00fbr de recevoir les offres en avant-premi\u00e8re (pas plus d\u2019un mail par jour, d\u00e9sinscription en 1 clic, aucune diffusion \u00e0 des tiers) :<\/li>\n<\/ul>\n<p class=\"newsletter-form__title is-size-6 is-size-7-mobile is-uppercase has-text-good-deals has-text-weight-semibold mb-4 px-5\">Frandroid Bons plans<\/p>\n<p class=\"has-text-centered-tablet newsletter-form__subtitle is-size-4 has-text-weight-bold has-text-primary column is-9-tablet is-10-mobile\">\n                C\u2019est enregistr\u00e9 ! Surveillez votre bo\u00eete aux lettres, vous allez entendre parler de nous\u00a0!\n            <\/p>\n<p class=\"newsletter-form__subtitle is-size-4 has-text-weight-bold has-text-gradient-pink\">Ne manquez aucun bon plan avec notre newsletter<\/p>\n<p class=\"is-size-7\">\n                Les donn\u00e9es transmises par le biais de ce formulaire sont destin\u00e9es \u00e0 Humanoid,<br \/>\n                soci\u00e9t\u00e9 \u00e9ditrice du site Frandroid en sa qualit\u00e9 de responsable de traitement.<br \/>\n                Elles ne seront en aucun cas c\u00e9d\u00e9es \u00e0 des tiers. Ces donn\u00e9es sont trait\u00e9es sous r\u00e9serve d\u2019obtention de<br \/>\n                votre consentement pour vous envoyer par e-mail des actualit\u00e9s et informations relatives aux contenus<br \/>\n                \u00e9ditoriaux publi\u00e9s sur Frandroid. Vous pouvez vous opposer \u00e0 tout moment \u00e0 ces e-mails<br \/>\n                en cliquant sur les liens de d\u00e9sinscriptions pr\u00e9sents dans chacun d\u2019eux. Pour plus d\u2019informations, vous<br \/>\n                pouvez consulter l\u2019int\u00e9gralit\u00e9 de notre <a href=\"https:\/\/www.frandroid.com\/politique-donnees-personnelles\" target=\"_blank\" rel=\"noopener\"><br \/>\n                politique de traitement de vos donn\u00e9es personnelles<\/a>.<br \/>\n                Vous disposez d\u2019un droit d\u2019acc\u00e8s, de rectification, d\u2019effacement, de limitation, de portabilit\u00e9 et<br \/>\n                d\u2019opposition pour motif l\u00e9gitime aux donn\u00e9es personnelles vous concernant. Pour exercer l\u2019un de ces droits,<br \/>\n                merci d\u2019effectuer votre demande via notre <a href=\"https:\/\/www.frandroid.com\/contact\/#RGPD\" target=\"_blank\" rel=\"noopener\">formulaire<br \/>\n                de demandes d\u2019exercices de droits d\u00e9di\u00e9<\/a>.\n            <\/p>\n<p>Envie de rejoindre une communaut\u00e9 de passionn\u00e9s ? <a href=\"https:\/\/discord.com\/invite\/frandroid-311789172149190657\" target=\"_blank\" rel=\"noopener\">Notre Discord<\/a> vous accueille, c\u2019est un lieu d\u2019entraide et de passion autour de la tech.<\/p>\n<p>            <script async src=\"https:\/\/platform.twitter.com\/widgets.js\" charset=\"utf-8\"><\/script><\/p>\n","protected":false},"excerpt":{"rendered":"L\u00e9ger, facilement transportable et puissant, le petit vid\u00e9oprojecteur Yaber L2S marque aussi des points gr\u00e2ce au son sign\u00e9&hellip;\n","protected":false},"author":2,"featured_media":223211,"comment_status":"","ping_status":"","sticky":false,"template":"","format":"standard","meta":{"footnotes":""},"categories":[7],"tags":[1011,27,43,40,41,39,34230,42,44],"class_list":{"0":"post-223210","1":"post","2":"type-post","3":"status-publish","4":"format-standard","5":"has-post-thumbnail","7":"category-sciences-et-technologies","8":"tag-fr","9":"tag-france","10":"tag-science","11":"tag-science-and-technology","12":"tag-sciences","13":"tag-sciences-et-technologies","14":"tag-soldes-dete-2025","15":"tag-technologies","16":"tag-technology"},"share_on_mastodon":{"url":"https:\/\/pubeurope.com\/@fr\/114789557622268771","error":""},"_links":{"self":[{"href":"https:\/\/www.europesays.com\/fr\/wp-json\/wp\/v2\/posts\/223210","targetHints":{"allow":["GET"]}}],"collection":[{"href":"https:\/\/www.europesays.com\/fr\/wp-json\/wp\/v2\/posts"}],"about":[{"href":"https:\/\/www.europesays.com\/fr\/wp-json\/wp\/v2\/types\/post"}],"author":[{"embeddable":true,"href":"https:\/\/www.europesays.com\/fr\/wp-json\/wp\/v2\/users\/2"}],"replies":[{"embeddable":true,"href":"https:\/\/www.europesays.com\/fr\/wp-json\/wp\/v2\/comments?post=223210"}],"version-history":[{"count":0,"href":"https:\/\/www.europesays.com\/fr\/wp-json\/wp\/v2\/posts\/223210\/revisions"}],"wp:featuredmedia":[{"embeddable":true,"href":"https:\/\/www.europesays.com\/fr\/wp-json\/wp\/v2\/media\/223211"}],"wp:attachment":[{"href":"https:\/\/www.europesays.com\/fr\/wp-json\/wp\/v2\/media?parent=223210"}],"wp:term":[{"taxonomy":"category","embeddable":true,"href":"https:\/\/www.europesays.com\/fr\/wp-json\/wp\/v2\/categories?post=223210"},{"taxonomy":"post_tag","embeddable":true,"href":"https:\/\/www.europesays.com\/fr\/wp-json\/wp\/v2\/tags?post=223210"}],"curies":[{"name":"wp","href":"https:\/\/api.w.org\/{rel}","templated":true}]}}