{"id":223212,"date":"2025-07-03T13:33:11","date_gmt":"2025-07-03T13:33:11","guid":{"rendered":"https:\/\/www.europesays.com\/fr\/223212\/"},"modified":"2025-07-03T13:33:11","modified_gmt":"2025-07-03T13:33:11","slug":"a-10-jours-du-budget-de-francois-bayrou-pierre-moscovici-met-le-feu-aux-poudres","status":"publish","type":"post","link":"https:\/\/www.europesays.com\/fr\/223212\/","title":{"rendered":"\u00c0 10\u00a0jours du budget de Fran\u00e7ois Bayrou, Pierre Moscovici met le feu aux poudres"},"content":{"rendered":"<p>        <img decoding=\"async\" loading=\"lazy\" src=\"https:\/\/www.europesays.com\/fr\/wp-content\/uploads\/2025\/07\/b4f5594_sirius-fs-upload-1-ajk6c3ufmtga-1744808132872-000-39ha6kw.jpg\"  width=\"728\" height=\"410\" alt=\"Pierre Moscovici, pr\u00e9sident de la Cour des comptes, photographi\u00e9 \u00e0 Paris le 8\u00a0avril\u00a02025.\"\/>  <\/p>\n<p>BERTRAND GUAY \/ AFP<\/p>\n<p>Pierre Moscovici, pr\u00e9sident de la Cour des comptes, photographi\u00e9 \u00e0 Paris le 8\u00a0avril\u00a02025.<\/p>\n<p class=\"asset asset-text\">\u00c9CONOMIE &#8211; Le compte \u00e0 rebours est lanc\u00e9, et <a href=\"https:\/\/www.huffingtonpost.fr\/politique\/video\/apres-betharram-francois-bayrou-eclabousse-par-une-affaire-similaire-a-pelussin-dans-la-loire_252113.html\" rel=\"nofollow noopener\" target=\"_blank\">Fran\u00e7ois Bayrou<\/a> n\u2019a pas vraiment eu le loisir d\u2019appuyer sur le bouton du chronom\u00e8tre. C\u2019est Pierre Moscovici qui a lanc\u00e9 la course ce mercredi 2\u00a0juillet en fin de journ\u00e9e lorsque <a href=\"https:\/\/www.huffingtonpost.fr\/politique\/article\/qu-est-ce-que-cette-annee-blanche-qui-pourrait-peser-gros-sur-le-budget-2026_250976.html\" rel=\"nofollow noopener\" target=\"_blank\">la Cour des comptes<\/a> a publi\u00e9 son rapport annuel sur les finances publiques. Dix\u00a0jours avant que le Premier ministre ne d\u00e9voile sa feuille de route concernant <a href=\"https:\/\/www.huffingtonpost.fr\/politique\/article\/budget-2026-bercy-demande-aux-ministres-de-revoir-leur-copie-pour-proposer-plus-d-economies_251085.html\" rel=\"nofollow noopener\" target=\"_blank\">le budget 2026<\/a> pour lequel l\u2019ex\u00e9cutif s\u2019est fix\u00e9 de faire 40\u00a0milliards d\u2019euros d\u2019\u00e9conomie.<\/p>\n<p class=\"asset asset-text\">Alors que le pr\u00e9sident de la Cour des comptes appelle, depuis des semaines, \u00e0 engager des r\u00e9formes structurelles, le nouveau rapport est sans appel\u00a0: \u00ab\u00a0La France vient de traverser deux ann\u00e9es noires en mati\u00e8re de finances publiques\u00a0\u00bb, qui appellent \u00e0 \u00ab\u00a0une reprise de contr\u00f4le\u00a0\u00bb \u00ab\u00a0difficile\u00a0\u00bb et \u00ab\u00a0exigeante\u00a0\u00bb.<\/p>\n<p class=\"asset asset-text\">La synth\u00e8se n\u2019est pas particuli\u00e8rement tendre avec les ex\u00e9cutifs qui se sont succ\u00e9d\u00e9\u00a0: \u00ab\u00a0hypoth\u00e8ses trop favorables\u00a0\u00bb, \u00ab\u00a0incapacit\u00e9 \u00e0 la dynamique de la d\u00e9pense\u00a0\u00bb, et \u00ab\u00a0\u00e0 engager des efforts\u00a0\u00bb. Et ce, alors m\u00eame que les ann\u00e9es 2023, 2024\u00a0n\u2019ont pas \u00e9t\u00e9 marqu\u00e9es par des crises particuli\u00e8res, contrairement aux pr\u00e9c\u00e9dentes marqu\u00e9es par le Covid, les crises inflationnistes et \u00e9nerg\u00e9tiques, et la guerre en Ukraine. \u00ab\u00a0Nous sommes d\u00e9sormais sur la premi\u00e8re marche d\u2019un podium que je ne souhaite pas pour la France\u00a0: notre d\u00e9ficit est le plus \u00e9lev\u00e9 de la zone euro\u00a0\u00bb, cingle Pierre Moscovici.<\/p>\n<p class=\"asset asset-text\">Et de pointer les mises en garde r\u00e9p\u00e9t\u00e9es de la rue Cambon sur l\u2019urgence de r\u00e9former en profondeur, alors qu\u2019estime-t-il, il faudra d\u00e9sormais r\u00e9aliser plus de 100\u00a0milliards d\u2019euros d\u2019\u00e9conomie d\u2019ici 2029\u00a0pour atteindre les 3\u00a0%. Alors que ce n\u2019\u00e9tait que 50\u00a0milliards il y a encore quelques ann\u00e9es.<\/p>\n<p>                     Des pr\u00e9visions trop optimistes, des solutions trop temporaires    <\/p>\n<p class=\"asset asset-text\">D\u2019autant que la cour juge encore particuli\u00e8rement optimiste les hypoth\u00e8ses de croissance retenue pour la p\u00e9riode 2026-2029, et que des hausses de d\u00e9penses publiques sont envisag\u00e9es dans le secteur de la d\u00e9fense. Quant \u00e0 2025, elle ne croit gu\u00e8re \u00e0 un miracle, puisque la r\u00e9duction du d\u00e9ficit cette ann\u00e9e-l\u00e0 \u00ab\u00a0repose exclusivement sur d\u2019importantes hausses d\u2019imp\u00f4ts, dont pr\u00e8s de la moiti\u00e9 sont annonc\u00e9es comme temporaires\u00a0\u00bb.<\/p>\n<p class=\"asset asset-text\">Pour le premier pr\u00e9sident de l\u2019institution, qui n\u2019est pas particuli\u00e8rement en faveur d\u2019une ann\u00e9e blanche, solution jug\u00e9e trop temporaire, il faut \u00ab\u00a0l\u2019effort volontaire maintenant\u00a0\u00bb, au risque de \u00ab\u00a0l\u2019aust\u00e9rit\u00e9 subie demain\u00a0\u00bb.\u00a0Pierre Moscovici, qui dit n\u2019avoir aucun \u00ab\u00a0tabou\u00a0\u00bb sur les imp\u00f4ts, appelle toutefois \u00e0 se pencher surtout sur la gestion des d\u00e9penses\u00a0: \u00ab\u00a0Aucun niveau de collectivit\u00e9s publiques ne doit \u00eatre \u00e0 l\u2019\u00e9cart de l\u2019effort de la nation\u00a0\u00bb.<\/p>\n<p class=\"asset asset-text\">Bercy a commenc\u00e9 cette semaine \u00e0 recevoir les parlementaires de tout bord pour discuter du budget 2026\u00a0et les inviter \u00e0 faire des propositions d\u2019ici la rentr\u00e9e. \u00c0 gauche ce mercredi, le d\u00e9put\u00e9 insoumis \u00c9ric Coquerel s\u2019inscrivait en faux du rapport de la Cour des comptes, y voyant l\u00e0 \u00ab\u00a0en r\u00e9alit\u00e9 une orientation budg\u00e9taire avec laquelle [il n\u2019est] pas d\u2019accord\u00a0\u00bb.<\/p>\n<p class=\"asset asset-text\">Le Premier ministre est lui d\u2019autant plus attendu mi-juillet qu\u2019une commission parlementaire a jug\u00e9 tr\u00e8s optimistes les 2\u00a0\u00e0 3\u00a0milliards d\u2019euros d\u2019\u00e9conomies vis\u00e9es par Am\u00e9lie de\u00a0Montchalin, gr\u00e2ce \u00e0 la fusion ou la suppression d\u2019agences de l\u2019\u00c9tat. Ministre clef de la cr\u00e9ation du budget 2026, elle garde comme ligne rouge toute augmentation d\u2019imp\u00f4ts. La m\u00eame que celle du RN pour ne pas censurer Fran\u00e7ois Bayrou. Les bons comptes font peut-\u00eatre les bons amis, mais pas forc\u00e9ment ceux de la rue Cambon.<\/p>\n","protected":false},"excerpt":{"rendered":"BERTRAND GUAY \/ AFP Pierre Moscovici, pr\u00e9sident de la Cour des comptes, photographi\u00e9 \u00e0 Paris le 8\u00a0avril\u00a02025. \u00c9CONOMIE&hellip;\n","protected":false},"author":2,"featured_media":223213,"comment_status":"","ping_status":"","sticky":false,"template":"","format":"standard","meta":{"footnotes":""},"categories":[6],"tags":[1003,35,15721,33,34,1011,27,25848,316],"class_list":{"0":"post-223212","1":"post","2":"type-post","3":"status-publish","4":"format-standard","5":"has-post-thumbnail","7":"category-economie","8":"tag-budget","9":"tag-business","10":"tag-cour-des-comptes","11":"tag-economie","12":"tag-economy","13":"tag-fr","14":"tag-france","15":"tag-pierre-moscovici","16":"tag-politique"},"share_on_mastodon":{"url":"https:\/\/pubeurope.com\/@fr\/114789561439036846","error":""},"_links":{"self":[{"href":"https:\/\/www.europesays.com\/fr\/wp-json\/wp\/v2\/posts\/223212","targetHints":{"allow":["GET"]}}],"collection":[{"href":"https:\/\/www.europesays.com\/fr\/wp-json\/wp\/v2\/posts"}],"about":[{"href":"https:\/\/www.europesays.com\/fr\/wp-json\/wp\/v2\/types\/post"}],"author":[{"embeddable":true,"href":"https:\/\/www.europesays.com\/fr\/wp-json\/wp\/v2\/users\/2"}],"replies":[{"embeddable":true,"href":"https:\/\/www.europesays.com\/fr\/wp-json\/wp\/v2\/comments?post=223212"}],"version-history":[{"count":0,"href":"https:\/\/www.europesays.com\/fr\/wp-json\/wp\/v2\/posts\/223212\/revisions"}],"wp:featuredmedia":[{"embeddable":true,"href":"https:\/\/www.europesays.com\/fr\/wp-json\/wp\/v2\/media\/223213"}],"wp:attachment":[{"href":"https:\/\/www.europesays.com\/fr\/wp-json\/wp\/v2\/media?parent=223212"}],"wp:term":[{"taxonomy":"category","embeddable":true,"href":"https:\/\/www.europesays.com\/fr\/wp-json\/wp\/v2\/categories?post=223212"},{"taxonomy":"post_tag","embeddable":true,"href":"https:\/\/www.europesays.com\/fr\/wp-json\/wp\/v2\/tags?post=223212"}],"curies":[{"name":"wp","href":"https:\/\/api.w.org\/{rel}","templated":true}]}}