{"id":223226,"date":"2025-07-03T13:40:15","date_gmt":"2025-07-03T13:40:15","guid":{"rendered":"https:\/\/www.europesays.com\/fr\/223226\/"},"modified":"2025-07-03T13:40:15","modified_gmt":"2025-07-03T13:40:15","slug":"le-lievre-lumineux-une-premiere-a-nancy","status":"publish","type":"post","link":"https:\/\/www.europesays.com\/fr\/223226\/","title":{"rendered":"le \u00ab\u00a0li\u00e8vre lumineux\u00a0\u00bb, une premi\u00e8re \u00e0 Nancy"},"content":{"rendered":"<p>Ces derni\u00e8res ann\u00e9es d\u00e9j\u00e0, Pascal Thi\u00e9baut et les organisateurs du Meeting Stanislas avaient failli franchir le pas et c\u00e9der \u00e0 la tentation de la \u00ab\u00a0wavelight\u00a0\u00bb (*). C\u2019est chose faite\u00a0!<\/p>\n<p>Ce vendredi soir, la piste de Raymond-Petit brillera ainsi des mille feux d\u2019une technologie in\u00e9dite \u00e0 Nancy. Une technologie qui, contrairement \u00e0 ce que pourraient croire les parfaits n\u00e9ophytes, n\u2019a pas \u00e9t\u00e9 invent\u00e9e pour donner une touche \u00ab\u00a0disco\u00a0\u00bb aux comp\u00e9titions d\u2019athl\u00e9tisme.<\/p>\n<p>Ce contenu est bloqu\u00e9 car vous n&rsquo;avez pas accept\u00e9 les cookies et autres traceurs.<\/p>\n<p>En cliquant sur \u00ab J\u2019accepte \u00bb, les cookies et autres traceurs seront d\u00e9pos\u00e9s et vous pourrez visualiser les contenus  (<a href=\"\" class=\"consentModule_policy\" target=\"_blank\" title=\"Consulter la politique de protection des donn\u00e9es du fournisseur\">plus d&rsquo;informations<\/a>).<\/p>\n<p>En cliquant sur \u00ab J\u2019accepte tous les cookies \u00bb, vous autorisez des d\u00e9p\u00f4ts de cookies et autres traceurs pour le stockage de vos donn\u00e9es sur nos sites et applications \u00e0 des fins de personnalisation et de ciblage publicitaire.<\/p>\n<p class=\"consentModule_secondaryText\">Vous gardez la possibilit\u00e9 de retirer votre consentement \u00e0 tout moment en consultant notre <a href=\"https:\/\/www.estrepublicain.fr\/protection-des-donnees\" target=\"_blank\" title=\"Consulter notre politique de protection des donn\u00e9es\" rel=\"noopener\">politique de protection des donn\u00e9es<\/a>. <br \/>&#13;<br \/>\n            <a href=\"https:\/\/www.estrepublicain.fr\/sport\/2025\/07\/03\/javascript:Didomi.notice.show()\" class=\"consentModule_cmp\" target=\"_blank\" rel=\"noopener\">G\u00e9rer mes choix<\/a>&#13;\n        <\/p>\n<p>&#13;<br \/>\n                        J&rsquo;accepte&#13;<br \/>\n            J&rsquo;accepte tous les cookies&#13;\n        <\/p>\n<p>  Une technologie autoris\u00e9e en meeting depuis 2020<\/p>\n<p>Petit rappel \u00e0 l\u2019intention de ces derniers\u00a0: la \u00ab\u00a0wavelight\u00a0\u00bb ou \u00ab\u00a0li\u00e8vre lumineux\u00a0\u00bb, est un syst\u00e8me qui consiste \u00e0 faire s\u2019allumer des lumi\u00e8res de couleur au bord de la piste (\u00e0 la \u00ab\u00a0corde\u00a0\u00bb), suivant le rythme d\u2019un record ou d\u2019une performance fix\u00e9e. Un v\u00e9ritable atout visuel pour les athl\u00e8tes, mais aussi pour le public\u00a0!<\/p>\n<p>D\u00e9velopp\u00e9e par Robotronix Europe, la Wavelight est autoris\u00e9e en comp\u00e9tition par World Athletics, la F\u00e9d\u00e9ration internationale d\u2019athl\u00e9tisme, depuis 2020. En Lorraine, <a href=\"https:\/\/www.estrepublicain.fr\/sport\/2023\/01\/05\/athlelor-s-essaie-aux-lievres-technologiques\" target=\"_blank\" rel=\"noopener\">le Meeting Athl\u00e9lor l\u2019utilise depuis 2023<\/a>.<\/p>\n<p class=\"note\">(*) Moyennant un investissement non n\u00e9gligeable, de l\u2019ordre de 8.000 \u20ac.<\/p>\n","protected":false},"excerpt":{"rendered":"Ces derni\u00e8res ann\u00e9es d\u00e9j\u00e0, Pascal Thi\u00e9baut et les organisateurs du Meeting Stanislas avaient failli franchir le pas et&hellip;\n","protected":false},"author":2,"featured_media":223227,"comment_status":"","ping_status":"","sticky":false,"template":"","format":"standard","meta":{"footnotes":""},"categories":[9635],"tags":[1111,11,4132,1704,1777,674,107,1701,1011,27,775,10634,11209,1702,1703,12,10422,25,517,1700,11703,14984],"class_list":{"0":"post-223226","1":"post","2":"type-post","3":"status-publish","4":"format-standard","5":"has-post-thumbnail","7":"category-nancy","8":"tag-actu","9":"tag-actualites","10":"tag-athletisme","11":"tag-edition-nancy-et-agglomeration","12":"tag-eu","13":"tag-europe","14":"tag-fil-info","15":"tag-fil-info-sport","16":"tag-fr","17":"tag-france","18":"tag-grand-est","19":"tag-luneville","20":"tag-meuse","21":"tag-nancy","22":"tag-nancy-ville-54b","23":"tag-news","24":"tag-pont-a-mousson","25":"tag-republique-francaise","26":"tag-sport","27":"tag-sport-lorrain","28":"tag-tomblaine","29":"tag-toul"},"share_on_mastodon":{"url":"https:\/\/pubeurope.com\/@fr\/114789588899863210","error":""},"_links":{"self":[{"href":"https:\/\/www.europesays.com\/fr\/wp-json\/wp\/v2\/posts\/223226","targetHints":{"allow":["GET"]}}],"collection":[{"href":"https:\/\/www.europesays.com\/fr\/wp-json\/wp\/v2\/posts"}],"about":[{"href":"https:\/\/www.europesays.com\/fr\/wp-json\/wp\/v2\/types\/post"}],"author":[{"embeddable":true,"href":"https:\/\/www.europesays.com\/fr\/wp-json\/wp\/v2\/users\/2"}],"replies":[{"embeddable":true,"href":"https:\/\/www.europesays.com\/fr\/wp-json\/wp\/v2\/comments?post=223226"}],"version-history":[{"count":0,"href":"https:\/\/www.europesays.com\/fr\/wp-json\/wp\/v2\/posts\/223226\/revisions"}],"wp:featuredmedia":[{"embeddable":true,"href":"https:\/\/www.europesays.com\/fr\/wp-json\/wp\/v2\/media\/223227"}],"wp:attachment":[{"href":"https:\/\/www.europesays.com\/fr\/wp-json\/wp\/v2\/media?parent=223226"}],"wp:term":[{"taxonomy":"category","embeddable":true,"href":"https:\/\/www.europesays.com\/fr\/wp-json\/wp\/v2\/categories?post=223226"},{"taxonomy":"post_tag","embeddable":true,"href":"https:\/\/www.europesays.com\/fr\/wp-json\/wp\/v2\/tags?post=223226"}],"curies":[{"name":"wp","href":"https:\/\/api.w.org\/{rel}","templated":true}]}}