{"id":223244,"date":"2025-07-03T13:51:09","date_gmt":"2025-07-03T13:51:09","guid":{"rendered":"https:\/\/www.europesays.com\/fr\/223244\/"},"modified":"2025-07-03T13:51:09","modified_gmt":"2025-07-03T13:51:09","slug":"un-policier-de-la-crs8-accuse-de-violences-envers-un-journaliste-les-deux-hommes-condamnes","status":"publish","type":"post","link":"https:\/\/www.europesays.com\/fr\/223244\/","title":{"rendered":"un policier de la CRS8 accus\u00e9 de violences envers un journaliste, les deux hommes condamn\u00e9s"},"content":{"rendered":"<p>            Par<br \/>\n        <strong><br \/>\n            <a href=\"https:\/\/actu.fr\/auteur\/laurene-fertin\" title=\"Consulter tous les articles de Laur\u00e8ne Fertin\" rel=\"nofollow noopener\" target=\"_blank\">Laur\u00e8ne Fertin<\/a><br \/>\n        <\/strong><\/p>\n<p>        Publi\u00e9 le<\/p>\n<p>            3 juil. 2025 \u00e0 15h49        <\/p>\n<p>Le tribunal correctionnel de Rennes a condamn\u00e9, mardi 24\u00a0juin 2025,<strong> un policier de la CRS 8<\/strong> pour avoir commis <strong>des violences sur un journaliste<\/strong> lors d\u2019une manifestation contre la r\u00e9forme des retraites en avril\u00a02023.<\/p>\n<p>Une manifestante interpell\u00e9e<\/p>\n<p class=\" wall-content\">Pour rappel, deux sections de la CRS 8 en intervention \u00e0 Paris avaient re\u00e7u l\u2019ordre, dans la nuit du 14 au 15\u00a0avril 2023, de gagner Rennes en pr\u00e9vision d\u2019une manifestation pr\u00e9vue le lendemain.<\/p>\n<p class=\" wall-content\"><strong>Les effectifs<\/strong> de cette \u00ab\u2009unit\u00e9 d\u2019\u00e9lite de maintien de l\u2019ordre\u2009\u00bb, qui compte habituellement \u00ab\u2009trois sections\u2009\u00bb, \u00e9taient donc <strong>\u00ab\u2009r\u00e9duits\u2009\u00bb<\/strong> et<strong> les \u00e9quipes \u00ab\u2009fatigu\u00e9es\u2009\u00bb<\/strong> avant d\u2019arriver en Bretagne sur <strong>cette manifestation \u00ab\u2009\u00e9lectrique\u2009\u00bb<\/strong> ayant rassembl\u00e9 jusqu\u2019\u00e0 2\u2009500\u00a0personnes, avait-il \u00e9t\u00e9 recontextualis\u00e9 lors de l\u2019audience du lundi 2\u00a0juin 2025.<\/p>\n<p class=\" wall-content\">Aux alentours de 16h, le 15 avril, sur le boulevard de la Libert\u00e9 \u00e0 Rennes, certains manifestants s\u2019\u00e9taient donc \u00ab\u2009d\u00e9tach\u00e9s du cort\u00e8ge\u2009\u00bb et avaient commenc\u00e9 \u00e0 jeter \u00ab\u2009des projectiles de toutes sortes\u2009\u00bb sur les forces de l\u2019ordre. <strong>Une manifestante avait \u00e9t\u00e9 interpell\u00e9e<\/strong> par les sections de la CRS 8, et ses <strong>\u00ab\u2009cris\u2009\u00bb<\/strong> avaient pouss\u00e9 des riverains \u00e0 <strong>filmer \u00ab\u2009la situation\u2009\u00bb.<\/strong><\/p>\n<p>\u00ab\u2009Petite pute de Macron\u2009\u00bb<\/p>\n<p class=\" wall-content\">Fran\u00e7ois, <strong>un journaliste<\/strong> qui sortait \u00ab\u2009d\u2019un bar\u2009\u00bb o\u00f9 il avait bu \u00ab\u2009trois pintes\u2009\u00bb de bi\u00e8re et qui voulait initialement \u00ab\u2009rentrer chez lui\u2009\u00bb, s\u2019\u00e9tait alors approch\u00e9 de la femme en train de crier.<\/p>\n<p class=\" wall-content\">Demandant \u00e0 \u00ab\u2009franchir le barrage\u2009\u00bb, il s\u2019\u00e9tait vu opposer un refus de la part de Nicolas, un officier de la CRS 8, qui lui avait demand\u00e9 de \u00ab\u2009s\u2019\u00e9loigner\u2009\u00bb.<\/p>\n<p class=\" wall-content\">Le journaliste avait d\u2019abord tent\u00e9 de <strong>\u00ab\u2009parlementer\u2009\u00bb<\/strong> avant de traiter le fonctionnaire de police de <strong>\u00ab\u2009petite pute \u00e0 Macron\u2009\u00bb, de \u00ab\u2009cracher\u2009\u00bb<\/strong> et de faire des \u00ab\u2009mouvements de t\u00eate agressifs\u2009\u00bb en sa direction.<\/p>\n<p>Plaqu\u00e9 au sol<\/p>\n<p class=\" wall-content\">Gardant tout d\u2019abord son \u00ab\u2009calme\u2009\u00bb, le policier avait fini par<strong> \u00ab\u2009violemment repousser\u2009\u00bb Fran\u00e7ois<\/strong>, qui \u00e9tait<strong> tomb\u00e9 au sol<\/strong> et dont la t\u00eate avait \u00ab\u2009heurt\u00e9 de plein fouet un terre-plein\u2009\u00bb. Il s\u2019est en r\u00e9alit\u00e9 \u00ab\u2009laiss\u00e9 tomber\u2009\u00bb, consid\u00e9rait Nicolas.<\/p>\n<p class=\" wall-content\">R\u00e9ussissant \u00e0 se relever, Fran\u00e7ois avait ensuite \u00e9t\u00e9 <strong>\u00ab\u2009plaqu\u00e9 au sol\u2009\u00bb<\/strong> et s\u2019\u00e9tait d\u00e9battu \u00ab\u2009violemment\u2009\u00bb, ce qui avait n\u00e9cessit\u00e9 l\u2019intervention de \u00ab\u2009six membres de la brigade\u2009\u00bb.<\/p>\n<p class=\" wall-content\">Josias, l\u2019un d\u2019entre eux, \u00e9tait alors <strong>\u00ab\u2009mont\u00e9 avec ses deux pieds\u2009\u00bb sur les jambes du journaliste<\/strong> pour emp\u00eacher que l\u2019une d\u2019entre elles ne \u00ab\u2009fasse levier\u2009\u00bb et qu\u2019il \u00ab\u2009porte des coups\u2009\u00bb \u00e0 ses coll\u00e8gues. Au vu du poids du capitaine de brigade et du mat\u00e9riel qu\u2019il portait, ce sont donc<strong> \u00ab\u200995\u00a0kg\u2009\u00bb<\/strong> qui avaient <strong>\u00ab\u2009\u00e9cras\u00e9 les jambes\u2009\u00bb<\/strong> de Fran\u00e7ois pendant \u00ab\u200920 secondes\u2009\u00bb.<\/p>\n<p>Finalement ma\u00eetris\u00e9<\/p>\n<p class=\" wall-content\">Toutefois, \u00ab\u00a0au moment o\u00f9 il a mis un pied sur le mollet de Fran\u00e7ois, celui-ci est \u00ab\u00a0parvenu \u00e0 s\u2019extraire de sa contrainte\u00a0\u00bb, a fait remarquer ce mardi 24\u00a0juin 2025 le tribunal correctionnel de Rennes. Il a par cons\u00e9quent <strong>relax\u00e9<\/strong> <strong>ce \u00ab\u00a0sup\u00e9rieur hi\u00e9rarchique\u00a0\u00bb<\/strong> des \u00ab\u00a0violences\u00a0\u00bb qui lui \u00e9taient reproch\u00e9es.<\/p>\n<p class=\" wall-content\">Fran\u00e7ois avait finalement \u00e9t\u00e9 \u00ab\u2009ma\u00eetris\u00e9\u2009\u00bb par les six membres de la CRS 8 et<strong> menott\u00e9 \u00ab\u2009par serflex\u2009\u00bb<\/strong> au terme de \u00ab\u2009plusieurs minutes de r\u00e9bellion\u2009\u00bb.<\/p>\n<p>Trois mois et sept mois de prison<\/p>\n<p class=\" wall-content\">Pour ce d\u00e9lit, <strong>le journaliste<\/strong> a pour sa part \u00e9t\u00e9 <strong>condamn\u00e9<\/strong> ce mardi 24\u00a0juin 2025 <strong>\u00e0 trois mois de prison<\/strong> et \u00e0<strong> la r\u00e9alisation d\u2019un stage de citoyennet\u00e9<\/strong> dans un d\u00e9lai de six mois.<\/p>\n<p class=\" wall-content\"><strong>Nicolas<\/strong> a lui \u00e9cop\u00e9 de<strong> sept mois de prison avec sursis.<\/strong> Sa carri\u00e8re pourrait en p\u00e2tir\u2009:<strong> le tribunal n\u2019a pas prononc\u00e9 de dispense d\u2019inscription au bulletin n\u00b02 de son casier judiciaire.<\/strong><\/p>\n<p class=\" wall-content\"><strong>CB et IP (PressPepper)<\/strong><\/p>\n<p class=\" wall-content\">Suivez toute l\u2019actualit\u00e9 de vos villes et m\u00e9dias favoris en vous inscrivant \u00e0 <a href=\"https:\/\/moncompte.actu.fr\" title=\"D\u00e9couvez Mon Actu\" rel=\"nofollow noopener\" data-trk=\"{&quot;cta&quot;:{&quot;action&quot;:&quot;https:\\\/\\\/moncompte.actu.fr&quot;,&quot;category&quot;:&quot;mon compte&quot;,&quot;from&quot;:&quot;article footer&quot;,&quot;name&quot;:&quot;Mon actu&quot;,&quot;type&quot;:&quot;cta&quot;}}\" target=\"_blank\">Mon Actu<\/a>.<\/p>\n","protected":false},"excerpt":{"rendered":"Par Laur\u00e8ne Fertin Publi\u00e9 le 3 juil. 2025 \u00e0 15h49 Le tribunal correctionnel de Rennes a condamn\u00e9, mardi&hellip;\n","protected":false},"author":2,"featured_media":223245,"comment_status":"","ping_status":"","sticky":false,"template":"","format":"standard","meta":{"footnotes":""},"categories":[2821],"tags":[1111,11,829,1777,674,118,1011,27,303,1272,12,1072,584,25],"class_list":{"0":"post-223244","1":"post","2":"type-post","3":"status-publish","4":"format-standard","5":"has-post-thumbnail","7":"category-rennes","8":"tag-actu","9":"tag-actualites","10":"tag-bretagne","11":"tag-eu","12":"tag-europe","13":"tag-faits-divers","14":"tag-fr","15":"tag-france","16":"tag-justice","17":"tag-manifestations","18":"tag-news","19":"tag-police","20":"tag-rennes","21":"tag-republique-francaise"},"share_on_mastodon":{"url":"https:\/\/pubeurope.com\/@fr\/114789632236288446","error":""},"_links":{"self":[{"href":"https:\/\/www.europesays.com\/fr\/wp-json\/wp\/v2\/posts\/223244","targetHints":{"allow":["GET"]}}],"collection":[{"href":"https:\/\/www.europesays.com\/fr\/wp-json\/wp\/v2\/posts"}],"about":[{"href":"https:\/\/www.europesays.com\/fr\/wp-json\/wp\/v2\/types\/post"}],"author":[{"embeddable":true,"href":"https:\/\/www.europesays.com\/fr\/wp-json\/wp\/v2\/users\/2"}],"replies":[{"embeddable":true,"href":"https:\/\/www.europesays.com\/fr\/wp-json\/wp\/v2\/comments?post=223244"}],"version-history":[{"count":0,"href":"https:\/\/www.europesays.com\/fr\/wp-json\/wp\/v2\/posts\/223244\/revisions"}],"wp:featuredmedia":[{"embeddable":true,"href":"https:\/\/www.europesays.com\/fr\/wp-json\/wp\/v2\/media\/223245"}],"wp:attachment":[{"href":"https:\/\/www.europesays.com\/fr\/wp-json\/wp\/v2\/media?parent=223244"}],"wp:term":[{"taxonomy":"category","embeddable":true,"href":"https:\/\/www.europesays.com\/fr\/wp-json\/wp\/v2\/categories?post=223244"},{"taxonomy":"post_tag","embeddable":true,"href":"https:\/\/www.europesays.com\/fr\/wp-json\/wp\/v2\/tags?post=223244"}],"curies":[{"name":"wp","href":"https:\/\/api.w.org\/{rel}","templated":true}]}}