{"id":22325,"date":"2025-04-13T13:58:11","date_gmt":"2025-04-13T13:58:11","guid":{"rendered":"https:\/\/www.europesays.com\/fr\/22325\/"},"modified":"2025-04-13T13:58:11","modified_gmt":"2025-04-13T13:58:11","slug":"des-livres-qui-voyagent-dans-les-hautes-alpes","status":"publish","type":"post","link":"https:\/\/www.europesays.com\/fr\/22325\/","title":{"rendered":"Des livres qui voyagent dans les Hautes-Alpes"},"content":{"rendered":"<p itemprop=\"description\"><strong>CULTURE \/ Ces biblioth\u00e8ques \u00e9ph\u00e9m\u00e8res en libre acc\u00e8s ont pour but de propager le go\u00fbt de la lecture en le faisant\u2026voyager !<\/strong><\/p>\n<p>\u00a0<\/p>\n<p><strong>-Hautes-Alpes-<\/strong><\/p>\n<p style=\"text-align: justify;\">Depuis peu, la commune de Saint-Chaffrey a install\u00e9 des bo\u00eetes \u00e0 livres dans les espaces publics. Le but : encourager la lecture et le partage. Mais alors, o\u00f9 sont-elles install\u00e9es ? Ces bo\u00eetes \u00e0 livres ont pour but de faire balader les livres un peu partout alors ces derri\u00e8res ont \u00e9t\u00e9 dispos\u00e9es dans cinq abribus et trois anciens lavoirs. <\/p>\n<p style=\"text-align: justify;\"><img loading=\"lazy\" decoding=\"async\" src=\"https:\/\/www.europesays.com\/fr\/wp-content\/uploads\/2025\/04\/image001-43598.jpg\" alt=\"\" width=\"325\" height=\"290\"\/><\/p>\n<p style=\"text-align: justify;\">En libre acc\u00e8s, ces petites biblioth\u00e8ques permettent \u00e0 chacun de prendre, d\u00e9poser ou \u00e9changer des ouvrages, favorisant le lien social et une d\u00e9marche \u00e9co-responsable. Alors plut\u00f4t que de jeter vos livres, offrez-leur une seconde chance dans ces refuges ouverts \u00e0 tous. Cette d\u00e9marche agit comme une r\u00e9ponse \u00e0 une r\u00e9cente \u00e9tude du Centre National du Livre qui d\u00e9montre que la lecture est en d\u00e9clin en France.<\/p>\n<p style=\"text-align: right;\"><strong>K.Hosana<\/strong><\/p>\n","protected":false},"excerpt":{"rendered":"CULTURE \/ Ces biblioth\u00e8ques \u00e9ph\u00e9m\u00e8res en libre acc\u00e8s ont pour but de propager le go\u00fbt de la lecture&hellip;\n","protected":false},"author":2,"featured_media":22326,"comment_status":"","ping_status":"","sticky":false,"template":"","format":"standard","meta":{"footnotes":""},"categories":[1357],"tags":[1111,11,7733,8279,1379,7736,650,58,7734,2889,59,2263,1011,27,1085,8280,6417,1114,4662,1380,3725,1825,7053,7737],"class_list":{"0":"post-22325","1":"post","2":"type-post","3":"status-publish","4":"format-standard","5":"has-post-thumbnail","7":"category-livres","8":"tag-actu","9":"tag-actualites","10":"tag-alpes","11":"tag-alpes1","12":"tag-books","13":"tag-cds","14":"tag-cinema","15":"tag-divertissement","16":"tag-ecoute","17":"tag-emission","18":"tag-entertainment","19":"tag-equipe","20":"tag-fr","21":"tag-france","22":"tag-gap","23":"tag-haute","24":"tag-information","25":"tag-infos","26":"tag-journal","27":"tag-livres","28":"tag-podcast","29":"tag-radio","30":"tag-sud","31":"tag-winamp"},"share_on_mastodon":{"url":"https:\/\/pubeurope.com\/@fr\/114331012587397333","error":""},"_links":{"self":[{"href":"https:\/\/www.europesays.com\/fr\/wp-json\/wp\/v2\/posts\/22325","targetHints":{"allow":["GET"]}}],"collection":[{"href":"https:\/\/www.europesays.com\/fr\/wp-json\/wp\/v2\/posts"}],"about":[{"href":"https:\/\/www.europesays.com\/fr\/wp-json\/wp\/v2\/types\/post"}],"author":[{"embeddable":true,"href":"https:\/\/www.europesays.com\/fr\/wp-json\/wp\/v2\/users\/2"}],"replies":[{"embeddable":true,"href":"https:\/\/www.europesays.com\/fr\/wp-json\/wp\/v2\/comments?post=22325"}],"version-history":[{"count":0,"href":"https:\/\/www.europesays.com\/fr\/wp-json\/wp\/v2\/posts\/22325\/revisions"}],"wp:featuredmedia":[{"embeddable":true,"href":"https:\/\/www.europesays.com\/fr\/wp-json\/wp\/v2\/media\/22326"}],"wp:attachment":[{"href":"https:\/\/www.europesays.com\/fr\/wp-json\/wp\/v2\/media?parent=22325"}],"wp:term":[{"taxonomy":"category","embeddable":true,"href":"https:\/\/www.europesays.com\/fr\/wp-json\/wp\/v2\/categories?post=22325"},{"taxonomy":"post_tag","embeddable":true,"href":"https:\/\/www.europesays.com\/fr\/wp-json\/wp\/v2\/tags?post=22325"}],"curies":[{"name":"wp","href":"https:\/\/api.w.org\/{rel}","templated":true}]}}