{"id":223256,"date":"2025-07-03T13:57:18","date_gmt":"2025-07-03T13:57:18","guid":{"rendered":"https:\/\/www.europesays.com\/fr\/223256\/"},"modified":"2025-07-03T13:57:18","modified_gmt":"2025-07-03T13:57:18","slug":"le-suspect-interpelle-serait-a-lorigine-dau-moins-13-departs-de-feux","status":"publish","type":"post","link":"https:\/\/www.europesays.com\/fr\/223256\/","title":{"rendered":"le suspect interpell\u00e9 serait \u00e0 l\u2019origine d\u2019au moins 13 d\u00e9parts de feux"},"content":{"rendered":"<p>Un habitant de Saint-Gildas-des-Bois \u00e2g\u00e9 d\u2019une cinquantaine d\u2019ann\u00e9es a \u00e9t\u00e9 interpell\u00e9 mardi dans le Morbihan. Selon les gendarmes, il serait \u00e0 l\u2019origine d\u2019au moins 13 des 16 d\u00e9parts de feux ma\u00eetris\u00e9s lundi.<\/p>\n<p class=\"fig-paragraph\">La gendarmerie nationale a interpell\u00e9 \u00e0 Vannes (Morbihan), mardi 1er juillet, un quinquag\u00e9naire suspect\u00e9 d\u2019\u00eatre l\u2019auteur d\u2019au moins une partie\u00a0<a href=\"http:\/\/www.lefigaro.fr\/nantes\/apres-16-departs-de-feux-suspects-une-chasse-au-pyromane-s-engage-au-nord-de-nantes-20250701\" target=\"_blank\" data-fig-type=\"NewsFlash\" rel=\"noopener nofollow\" data-gtm-custom-categorie=\"navigation\" data-gtm-custom-action=\"crossclick\" data-gtm-custom-label=\"Contextuel\" data-gtm-event=\"customEventSPE\" data-fig-domain=\"LEFIGARO\">des 16 d\u00e9parts de feux ma\u00eetris\u00e9s lundi<\/a>\u00a0sur la commune de Saint-Gildas-des-Bois (Loire-Atlantique), \u00e0 une quarantaine de kilom\u00e8tres, au nord-ouest\u00a0<a href=\"https:\/\/www.lefigaro.fr\/nantes\" target=\"_blank\" data-fig-type=\"Section\" rel=\"noopener nofollow\" data-gtm-custom-categorie=\"navigation\" data-gtm-custom-action=\"crossclick\" data-gtm-custom-label=\"Contextuel\" data-gtm-event=\"customEventSPE\" data-fig-domain=\"LEFIGARO\">de Nantes<\/a>.<\/p>\n<p class=\"fig-paragraph\">R\u00e9fugi\u00e9 dans un \u00e9tablissement de sant\u00e9, l\u2019individu a pu \u00eatre identifi\u00e9 par les enqu\u00eateurs gr\u00e2ce \u00e0 plusieurs t\u00e9moignages mentionnant les all\u00e9es et venues suspectes d\u2019un homme \u00e2g\u00e9 d\u2019une cinquantaine d\u2019ann\u00e9es, dans sa voiture grise. La consultation des images captur\u00e9es par les cam\u00e9ras de la commune a permis de confirmer cette piste et d\u2019attribuer au moins 13 d\u00e9parts de feu au quinquag\u00e9naire pyromane &#8211; les trois restants pouvant \u00eatre des feux de reprises. Celui-ci serait un habitant de Saint-Gildas, selon les informations de nos confr\u00e8res de\u00a0<a href=\"https:\/\/www.ouest-france.fr\/faits-divers\/incendie\/feux-en-serie-a-saint-gildas-des-bois-un-homme-suspecte-detre-lincendiaire-en-garde-a-vue-62ffba62-5755-11f0-9771-bf42ae6be7a5\" target=\"_blank\" rel=\"noopener nofollow\" data-gtm-custom-categorie=\"navigation\" data-gtm-custom-action=\"crossclick\" data-gtm-custom-label=\"Contextuel\" data-gtm-event=\"customEventSPE\">Ouest France<\/a> .<\/p>\n<p>                                    <a class=\"fig-a11y-skip a11y-hidden\" href=\"#fig-a11y-skip-main-inarticle\"><br \/>\n        Passer la publicit\u00e9<br \/>\n    <\/a><\/p>\n<p>Plainte de la mairie<\/p>\n<p class=\"fig-paragraph\">Les nombreux d\u00e9parts d\u2019incendie constat\u00e9s lundi ont tout de suite paru suspects aux yeux des autorit\u00e9s, le caract\u00e8re tr\u00e8s rapproch\u00e9 des diff\u00e9rents \u00e9v\u00e9nements laissant entendre un acte malveillant, en d\u00e9pit de la vuln\u00e9rabilit\u00e9 du territoire aux incendies en raison de la s\u00e9cheresse provoqu\u00e9e par\u00a0<a href=\"http:\/\/www.lefigaro.fr\/actualite-france\/hopitaux-ecoles-transports-les-francais-tentent-de-s-adapter-a-la-canicule-20250701\" target=\"_blank\" data-fig-type=\"Article\" rel=\"noopener nofollow\" data-gtm-custom-categorie=\"navigation\" data-gtm-custom-action=\"crossclick\" data-gtm-custom-label=\"Contextuel\" data-gtm-event=\"customEventSPE\" data-fig-domain=\"LEFIGARO\">la vague de chaleur de ce d\u00e9but de semaine<\/a>. La mairie de Saint-Gildas a port\u00e9 plainte. La compagnie de gendarmerie de Saint-Nazaire a ouvert d\u00e8s lundi une enqu\u00eate judiciaire pour retrouver les \u00e9ventuels auteurs de ces incendies volontaires.<\/p>\n<p class=\"fig-paragraph\">Un autre secteur sous surveillance se trouve au sud du d\u00e9partement de Loire-Atlantique, dans le pays de Retz. Sept incendies suspects ont \u00e9t\u00e9 ma\u00eetris\u00e9s au cours des trois derni\u00e8res semaines sur les communes de Saint-Hilaire-de-Chal\u00e9ons et de Saint-P\u00e8re-en-Retz. La piste criminelle reste privil\u00e9gi\u00e9e, confirme au Figaro la compagnie de gendarmerie de Pornic. Aucun suspect n\u2019a cependant pour l\u2019heure \u00e9t\u00e9 identifi\u00e9.<\/p>\n","protected":false},"excerpt":{"rendered":"Un habitant de Saint-Gildas-des-Bois \u00e2g\u00e9 d\u2019une cinquantaine d\u2019ann\u00e9es a \u00e9t\u00e9 interpell\u00e9 mardi dans le Morbihan. Selon les gendarmes,&hellip;\n","protected":false},"author":2,"featured_media":223257,"comment_status":"","ping_status":"","sticky":false,"template":"","format":"standard","meta":{"footnotes":""},"categories":[2818],"tags":[1111,11,1777,674,1011,27,1310,766,12,2636,25],"class_list":{"0":"post-223256","1":"post","2":"type-post","3":"status-publish","4":"format-standard","5":"has-post-thumbnail","7":"category-nantes","8":"tag-actu","9":"tag-actualites","10":"tag-eu","11":"tag-europe","12":"tag-fr","13":"tag-france","14":"tag-incendie","15":"tag-nantes","16":"tag-news","17":"tag-pays-de-la-loire","18":"tag-republique-francaise"},"share_on_mastodon":{"url":"https:\/\/pubeurope.com\/@fr\/114789655782628530","error":""},"_links":{"self":[{"href":"https:\/\/www.europesays.com\/fr\/wp-json\/wp\/v2\/posts\/223256","targetHints":{"allow":["GET"]}}],"collection":[{"href":"https:\/\/www.europesays.com\/fr\/wp-json\/wp\/v2\/posts"}],"about":[{"href":"https:\/\/www.europesays.com\/fr\/wp-json\/wp\/v2\/types\/post"}],"author":[{"embeddable":true,"href":"https:\/\/www.europesays.com\/fr\/wp-json\/wp\/v2\/users\/2"}],"replies":[{"embeddable":true,"href":"https:\/\/www.europesays.com\/fr\/wp-json\/wp\/v2\/comments?post=223256"}],"version-history":[{"count":0,"href":"https:\/\/www.europesays.com\/fr\/wp-json\/wp\/v2\/posts\/223256\/revisions"}],"wp:featuredmedia":[{"embeddable":true,"href":"https:\/\/www.europesays.com\/fr\/wp-json\/wp\/v2\/media\/223257"}],"wp:attachment":[{"href":"https:\/\/www.europesays.com\/fr\/wp-json\/wp\/v2\/media?parent=223256"}],"wp:term":[{"taxonomy":"category","embeddable":true,"href":"https:\/\/www.europesays.com\/fr\/wp-json\/wp\/v2\/categories?post=223256"},{"taxonomy":"post_tag","embeddable":true,"href":"https:\/\/www.europesays.com\/fr\/wp-json\/wp\/v2\/tags?post=223256"}],"curies":[{"name":"wp","href":"https:\/\/api.w.org\/{rel}","templated":true}]}}