{"id":223260,"date":"2025-07-03T13:59:09","date_gmt":"2025-07-03T13:59:09","guid":{"rendered":"https:\/\/www.europesays.com\/fr\/223260\/"},"modified":"2025-07-03T13:59:09","modified_gmt":"2025-07-03T13:59:09","slug":"pres-de-bordeaux-un-adolescent-de-13-ans-en-urgence-absolue-apres-avoir-chute-du-4e-etage","status":"publish","type":"post","link":"https:\/\/www.europesays.com\/fr\/223260\/","title":{"rendered":"Pr\u00e8s de Bordeaux, un adolescent de 13 ans en urgence absolue apr\u00e8s avoir chut\u00e9 du 4e \u00e9tage"},"content":{"rendered":"<p>Les faits se sont d\u00e9roul\u00e9s \u00e0 Cenon, \u00e0 l\u2019est de Bordeaux, en Gironde.<\/p>\n<p class=\"fig-paragraph\">Ce mercredi 2 juillet, aux alentours de 19h, un drame s\u2019est d\u00e9roul\u00e9 sur le cours\u00a0<a href=\"http:\/\/www.lefigaro.fr\/arts-expositions\/une-grande-exposition-explore-le-jardin-secret-de-victor-hugo-et-sa-passion-pour-le-dessin-20250324\" data-fig-type=\"NewsFlash\" data-gtm-custom-categorie=\"navigation\" data-gtm-custom-action=\"crossclick\" data-gtm-custom-label=\"Contextuel\" data-gtm-event=\"customEventSPE\" data-fig-domain=\"LEFIGARO\" target=\"_blank\" rel=\"noopener\">Victor Hugo<\/a>\u00a0\u00e0 Cenon (<a href=\"https:\/\/www.lefigaro.fr\/bordeaux?msockid=258c4318a154643d05395665a0ed65f9\" target=\"_blank\" data-fig-type=\"Section\" rel=\"noopener\" data-gtm-custom-categorie=\"navigation\" data-gtm-custom-action=\"crossclick\" data-gtm-custom-label=\"Contextuel\" data-gtm-event=\"customEventSPE\" data-fig-domain=\"LEFIGARO\">Gironde<\/a>). Un\u00a0<a href=\"https:\/\/video.lefigaro.fr\/figaro\/video\/une-course-poursuite-avec-la-police-provoque-la-mort-dun-adolescent-de-13-ans-et-en-blesse-quatre-autres\/\" target=\"_blank\" data-fig-type=\"Video\" rel=\"noopener\" data-gtm-custom-categorie=\"navigation\" data-gtm-custom-action=\"crossclick\" data-gtm-custom-label=\"Contextuel\" data-gtm-event=\"customEventSPE\" data-fig-domain=\"VIDEO\">adolescent<\/a>\u00a0de 13 ans a chut\u00e9 du quatri\u00e8me et dernier \u00e9tage d\u2019un immeuble.<\/p>\n<p class=\"fig-paragraph\">La m\u00e8re et la grand-m\u00e8re de la victime, pr\u00e9sentes dans l\u2019appartement au moment des faits, ont imm\u00e9diatement appel\u00e9 les secours.<\/p>\n<p>                                    <a class=\"fig-a11y-skip a11y-hidden\" href=\"#fig-a11y-skip-main-inarticle\"><br \/>\n        Passer la publicit\u00e9<br \/>\n    <\/a><\/p>\n<p class=\"fig-paragraph\">Les sapeurs-pompiers et le Samu sont rapidement intervenus sur les lieux pour prendre en charge le jeune homme. Gri\u00e8vement bless\u00e9, il a \u00e9t\u00e9 d\u00e9plac\u00e9 en urgence absolue au CHU de Pellegrin, \u00e0 l\u2019ouest du centre-ville de Bordeaux. Une femme de 22 ans, t\u00e9moin de la chute et extr\u00eamement choqu\u00e9e, a \u00e9t\u00e9 transport\u00e9e \u00e0 l\u2019h\u00f4pital Charles Perrens.<\/p>\n<p class=\"fig-paragraph\">Une enqu\u00eate de police a \u00e9t\u00e9 ouverte pour d\u00e9terminer les circonstances exactes de la chute.<\/p>\n","protected":false},"excerpt":{"rendered":"Les faits se sont d\u00e9roul\u00e9s \u00e0 Cenon, \u00e0 l\u2019est de Bordeaux, en Gironde. Ce mercredi 2 juillet, aux&hellip;\n","protected":false},"author":2,"featured_media":223261,"comment_status":"","ping_status":"","sticky":false,"template":"","format":"standard","meta":{"footnotes":""},"categories":[2817],"tags":[1111,11,1997,1777,674,1011,27,2905,12,2219,25],"class_list":{"0":"post-223260","1":"post","2":"type-post","3":"status-publish","4":"format-standard","5":"has-post-thumbnail","7":"category-bordeaux","8":"tag-actu","9":"tag-actualites","10":"tag-bordeaux","11":"tag-eu","12":"tag-europe","13":"tag-fr","14":"tag-france","15":"tag-gironde","16":"tag-news","17":"tag-nouvelle-aquitaine","18":"tag-republique-francaise"},"share_on_mastodon":{"url":"https:\/\/pubeurope.com\/@fr\/114789663798471159","error":""},"_links":{"self":[{"href":"https:\/\/www.europesays.com\/fr\/wp-json\/wp\/v2\/posts\/223260","targetHints":{"allow":["GET"]}}],"collection":[{"href":"https:\/\/www.europesays.com\/fr\/wp-json\/wp\/v2\/posts"}],"about":[{"href":"https:\/\/www.europesays.com\/fr\/wp-json\/wp\/v2\/types\/post"}],"author":[{"embeddable":true,"href":"https:\/\/www.europesays.com\/fr\/wp-json\/wp\/v2\/users\/2"}],"replies":[{"embeddable":true,"href":"https:\/\/www.europesays.com\/fr\/wp-json\/wp\/v2\/comments?post=223260"}],"version-history":[{"count":0,"href":"https:\/\/www.europesays.com\/fr\/wp-json\/wp\/v2\/posts\/223260\/revisions"}],"wp:featuredmedia":[{"embeddable":true,"href":"https:\/\/www.europesays.com\/fr\/wp-json\/wp\/v2\/media\/223261"}],"wp:attachment":[{"href":"https:\/\/www.europesays.com\/fr\/wp-json\/wp\/v2\/media?parent=223260"}],"wp:term":[{"taxonomy":"category","embeddable":true,"href":"https:\/\/www.europesays.com\/fr\/wp-json\/wp\/v2\/categories?post=223260"},{"taxonomy":"post_tag","embeddable":true,"href":"https:\/\/www.europesays.com\/fr\/wp-json\/wp\/v2\/tags?post=223260"}],"curies":[{"name":"wp","href":"https:\/\/api.w.org\/{rel}","templated":true}]}}