{"id":223274,"date":"2025-07-03T14:06:11","date_gmt":"2025-07-03T14:06:11","guid":{"rendered":"https:\/\/www.europesays.com\/fr\/223274\/"},"modified":"2025-07-03T14:06:11","modified_gmt":"2025-07-03T14:06:11","slug":"elle-rendait-fous-les-voisins","status":"publish","type":"post","link":"https:\/\/www.europesays.com\/fr\/223274\/","title":{"rendered":"elle rendait fous les voisins"},"content":{"rendered":"<p>            Par<br \/>\n        <strong><br \/>\n            <a href=\"https:\/\/actu.fr\/auteur\/theo-zuili\" title=\"Consulter tous les articles de Th\u00e9o Zuili\" target=\"_blank\" rel=\"noopener\">Th\u00e9o Zuili<\/a><br \/>\n        <\/strong><\/p>\n<p>        Publi\u00e9 le<\/p>\n<p>            3 juil. 2025 \u00e0 15h36        <\/p>\n<p><strong>INFO ACTU LYON.<\/strong> Des riverains nous \u00e9crivaient r\u00e9cemment pour d\u00e9noncer le retour de ce qu\u2019ils d\u00e9crivent comme \u00ab\u00a0un enfer\u00a0\u00bb : dans ce quartier r\u00e9sidentiel du 8e arrondissement de <a href=\"https:\/\/actu.fr\/auvergne-rhone-alpes\/lyon_69123\" target=\"_blank\" rel=\"noopener\">Lyon<\/a>, une <a href=\"https:\/\/actu.fr\/auvergne-rhone-alpes\/lyon_69123\/lyon-mael-est-le-voisin-d-une-epicerie-de-nuit-infernale-je-n-en-dors-plus_61922147.html\" target=\"_blank\" rel=\"noopener\">\u00e9picerie de nuit hante le quotidien des habitants<\/a>.<br \/>Anciennement Sari Market, l\u2019\u00c9picerie du 8eme rue Pierre-Delore fait l\u2019objet d\u2019une<strong> nouvelle fermeture administrative<\/strong> pour un mois \u00e0 compter du 27 juin 2025. C\u2019est <a href=\"https:\/\/actu.fr\/auvergne-rhone-alpes\/lyon_69123\/lyon-cette-epicerie-fermee-d-urgence-elle-faisait-vivre-l-enfer-aux-riverains-la-nuit_61888386.html\" target=\"_blank\" rel=\"noopener\">la quatri\u00e8me fois depuis mars 2024<\/a>.<\/p>\n<p>    <a href=\"https:\/\/www.google.com\/maps\/embed?pb=!1m18!1m12!1m3!1d11139.79698247199!2d4.859090910156716!3d45.73211266009302!2m3!1f0!2f0!3f0!3m2!1i1024!2i768!4f13.1!3m3!1m2!1s0x47f4ea05aba87ab1%3A0x10b6960f49b04867!2sEpicerie%20du%208%20%C3%A8me!5e0!3m2!1sfr!2sfr!4v1751547553978!5m2!1sfr!2sfr\" title=\"Ouvrie le lien\" target=\"_blank\" rel=\"noopener\">Cliquez ici pour visualiser le contenu<\/a><\/p>\n<p>Alcool vendu ill\u00e9galement<\/p>\n<p class=\" wall-content\">\u00ab\u00a0Son activit\u00e9 cause <strong>de r\u00e9elles nuisances<\/strong> \u00e0 son voisinage imm\u00e9diat\u00a0\u00bb, \u00e9crit le maire du 8\u1d49 arrondissement de Lyon, Olivier Berzane.<\/p>\n<p>    <img   decoding=\"async\" loading=\"lazy\" src=\"https:\/\/www.europesays.com\/fr\/wp-content\/uploads\/2025\/07\/lyon-rue-delore-epicerie-du-8eme-salete-960x640.png\" alt=\"\u00c0 gauche, une photo prise la veille de la fermeture, \u00e0 droite, une photo prise le lendemain.\" width=\"960\" height=\"640\"\/><br \/>\n    \u00c0 gauche, une photo prise la veille de la fermeture, \u00e0 droite, une photo prise le lendemain. (\u00a9Document remis \u00e0 actu Lyon)<\/p>\n<p class=\" wall-content\">La pr\u00e9fecture du Rh\u00f4ne a une nouvelle fois s\u00e9vit avec une peine de fermeture administrative d\u2019un mois apr\u00e8s avoir constat\u00e9 un non-respect r\u00e9p\u00e9t\u00e9 de l\u2019arr\u00eat\u00e9 municipal interdisant la vente d\u2019alcool apr\u00e8s 21h et l\u2019acc\u00e8s aux rayons en contenant.<\/p>\n<p>Nuisances sonores<\/p>\n<p class=\" wall-content\">En effet, l\u2019\u00e9picerie a \u00e9t\u00e9 surprise \u00e0 plusieurs reprises en pleine vente de bouteilles d\u2019alcool en dehors des horaires autoris\u00e9s. Alcoolis\u00e9e, la client\u00e8le g\u00e9n\u00e8re des nuisances sonores, prend part \u00e0 <strong>des bagarres<\/strong> et des d\u00e9tritus pars\u00e8ment l\u2019espace autour du commerce le matin.<\/p>\n<blockquote class=\"ac-article-quote wall-content\">\n<p>On subit des cris la nuit, des bagarres, musique \u00e0 fond, des personnes qui se garent sur la piste cyclable, des jets de bouteille de vodka, cannette en verre de Heineken, cannette en plastique. Milles merci : cette nuit, on a pu dormir, on va pouvoir retrouver un confort de vie pour un mois. Pour la suite, \u00e0 voir, car des d\u00e9marches sont en cours pour casser le bail de ce local.<\/p>\n<p>    <strong>Habitant de la rue Pierre-Delore<\/strong>\n            <\/p><\/blockquote>\n<p class=\" wall-content\">\u00ab\u00a0Les contr\u00f4les <strong>se poursuivront<\/strong> d\u00e8s sa r\u00e9ouverture tant que son propri\u00e9taire persistera \u00e0 ne pas respecter la loi\u00a0\u00bb, promet le maire du 8e.<\/p>\n<p class=\" wall-content\">Suivez toute l\u2019actualit\u00e9 de vos villes et m\u00e9dias favoris en vous inscrivant \u00e0 <a href=\"https:\/\/moncompte.actu.fr\" title=\"D\u00e9couvez Mon Actu\" rel=\"nofollow noopener\" data-trk=\"{&quot;cta&quot;:{&quot;action&quot;:&quot;https:\\\/\\\/moncompte.actu.fr&quot;,&quot;category&quot;:&quot;mon compte&quot;,&quot;from&quot;:&quot;article footer&quot;,&quot;name&quot;:&quot;Mon actu&quot;,&quot;type&quot;:&quot;cta&quot;}}\" target=\"_blank\">Mon Actu<\/a>.<\/p>\n","protected":false},"excerpt":{"rendered":"Par Th\u00e9o Zuili Publi\u00e9 le 3 juil. 2025 \u00e0 15h36 INFO ACTU LYON. Des riverains nous \u00e9crivaient r\u00e9cemment&hellip;\n","protected":false},"author":2,"featured_media":223275,"comment_status":"","ping_status":"","sticky":false,"template":"","format":"standard","meta":{"footnotes":""},"categories":[1889],"tags":[1111,11,2430,215,1777,674,1011,27,2825,2428,12,9450,25,104],"class_list":{"0":"post-223274","1":"post","2":"type-post","3":"status-publish","4":"format-standard","5":"has-post-thumbnail","7":"category-lyon","8":"tag-actu","9":"tag-actualites","10":"tag-auvergne-rhone-alpes","11":"tag-commerce","12":"tag-eu","13":"tag-europe","14":"tag-fr","15":"tag-france","16":"tag-insecurite","17":"tag-lyon","18":"tag-news","19":"tag-prefecture-du-rhone","20":"tag-republique-francaise","21":"tag-societe"},"share_on_mastodon":{"url":"https:\/\/pubeurope.com\/@fr\/114789691390678719","error":""},"_links":{"self":[{"href":"https:\/\/www.europesays.com\/fr\/wp-json\/wp\/v2\/posts\/223274","targetHints":{"allow":["GET"]}}],"collection":[{"href":"https:\/\/www.europesays.com\/fr\/wp-json\/wp\/v2\/posts"}],"about":[{"href":"https:\/\/www.europesays.com\/fr\/wp-json\/wp\/v2\/types\/post"}],"author":[{"embeddable":true,"href":"https:\/\/www.europesays.com\/fr\/wp-json\/wp\/v2\/users\/2"}],"replies":[{"embeddable":true,"href":"https:\/\/www.europesays.com\/fr\/wp-json\/wp\/v2\/comments?post=223274"}],"version-history":[{"count":0,"href":"https:\/\/www.europesays.com\/fr\/wp-json\/wp\/v2\/posts\/223274\/revisions"}],"wp:featuredmedia":[{"embeddable":true,"href":"https:\/\/www.europesays.com\/fr\/wp-json\/wp\/v2\/media\/223275"}],"wp:attachment":[{"href":"https:\/\/www.europesays.com\/fr\/wp-json\/wp\/v2\/media?parent=223274"}],"wp:term":[{"taxonomy":"category","embeddable":true,"href":"https:\/\/www.europesays.com\/fr\/wp-json\/wp\/v2\/categories?post=223274"},{"taxonomy":"post_tag","embeddable":true,"href":"https:\/\/www.europesays.com\/fr\/wp-json\/wp\/v2\/tags?post=223274"}],"curies":[{"name":"wp","href":"https:\/\/api.w.org\/{rel}","templated":true}]}}