{"id":223276,"date":"2025-07-03T14:07:13","date_gmt":"2025-07-03T14:07:13","guid":{"rendered":"https:\/\/www.europesays.com\/fr\/223276\/"},"modified":"2025-07-03T14:07:13","modified_gmt":"2025-07-03T14:07:13","slug":"lyon-peut-sauver-sa-peau-la-date-de-la-decision-finale-connue","status":"publish","type":"post","link":"https:\/\/www.europesays.com\/fr\/223276\/","title":{"rendered":"Lyon peut sauver sa peau, la date de la d\u00e9cision finale connue"},"content":{"rendered":"<p>            Par<br \/>\n        <strong><br \/>\n            <a href=\"https:\/\/actu.fr\/auteur\/theophile-blondet\" title=\"Consulter tous les articles de Theophile Blondet\" rel=\"nofollow noopener\" target=\"_blank\">Theophile Blondet<\/a><br \/>\n        <\/strong><\/p>\n<p>        Publi\u00e9 le<\/p>\n<p>            3 juil. 2025 \u00e0 15h54        <\/p>\n<p>L\u2019OL conna\u00eetra son sort d\u00e9finitif le 10 juillet prochain. R\u00e9trograd\u00e9 en Ligue 2 par la DNCG le mardi 24 juin dernier, <a href=\"https:\/\/actu.fr\/auvergne-rhone-alpes\/lyon_69123\/l-ol-retrograde-en-ligue-2-la-milliardaire-michele-kang-nommee-presidente-de-lyon_62842912.html\" rel=\"nofollow noopener\" target=\"_blank\">le club d\u00e9sormais pr\u00e9sid\u00e9 par Michele Kang<\/a>, a fait appel de cette d\u00e9cision historique aux lourdes cons\u00e9quences.\u00a0<\/p>\n<p class=\" wall-content\">Le dossier de l\u2019Olympique Lyonnais sera donc examin\u00e9 par la DNCG le jeudi 10 juillet, comme le rapporte <a href=\"https:\/\/www.lequipe.fr\/Football\/Actualites\/L-appel-de-l-ol-devant-la-dncg-examine-le-10-juillet-apres-sa-relegation-en-ligue-2\/1575042\" rel=\"nofollow noopener\" target=\"_blank\">L\u2019\u00c9quipe<\/a>.<\/p>\n<p class=\" wall-content\">La direction et les fans du club devraient conna\u00eetre dans la foul\u00e9e la d\u00e9cision du gendarme financier du football fran\u00e7ais.\u00a0<\/p>\n<p class=\" wall-content\"><strong>Plus d\u2019informations \u00e0 venir\u2026<\/strong><\/p>\n<p class=\" wall-content\">Suivez toute l\u2019actualit\u00e9 de vos villes et m\u00e9dias favoris en vous inscrivant \u00e0 <a href=\"https:\/\/moncompte.actu.fr\" title=\"D\u00e9couvez Mon Actu\" rel=\"nofollow noopener\" data-trk=\"{&quot;cta&quot;:{&quot;action&quot;:&quot;https:\\\/\\\/moncompte.actu.fr&quot;,&quot;category&quot;:&quot;mon compte&quot;,&quot;from&quot;:&quot;article footer&quot;,&quot;name&quot;:&quot;Mon actu&quot;,&quot;type&quot;:&quot;cta&quot;}}\" target=\"_blank\">Mon Actu<\/a>.<\/p>\n<ul class=\"ac-article-tag wall-content\">\n<li><a href=\"https:\/\/actu.fr\/tag\/groupama-stadium\" data-trk=\"{&quot;cta&quot;:{&quot;action&quot;:&quot;Groupama Stadium&quot;,&quot;category&quot;:&quot;tag&quot;,&quot;from&quot;:&quot;article footer&quot;,&quot;name&quot;:&quot;Groupama Stadium&quot;,&quot;type&quot;:&quot;cta&quot;}}\" rel=\"nofollow noopener\" target=\"_blank\">#Groupama Stadium<\/a><\/li>\n<li><a href=\"https:\/\/actu.fr\/tag\/olympique-lyonnais-ol\" data-trk=\"{&quot;cta&quot;:{&quot;action&quot;:&quot;Olympique Lyonnais (OL)&quot;,&quot;category&quot;:&quot;tag&quot;,&quot;from&quot;:&quot;article footer&quot;,&quot;name&quot;:&quot;Olympique Lyonnais (OL)&quot;,&quot;type&quot;:&quot;cta&quot;}}\" rel=\"nofollow noopener\" target=\"_blank\">#Olympique Lyonnais (OL)<\/a><\/li>\n<\/ul>\n","protected":false},"excerpt":{"rendered":"Par Theophile Blondet Publi\u00e9 le 3 juil. 2025 \u00e0 15h54 L\u2019OL conna\u00eetra son sort d\u00e9finitif le 10 juillet&hellip;\n","protected":false},"author":2,"featured_media":223277,"comment_status":"","ping_status":"","sticky":false,"template":"","format":"standard","meta":{"footnotes":""},"categories":[1889],"tags":[1111,11,2430,1777,674,63,1011,27,15363,2428,12,2853,25,60],"class_list":{"0":"post-223276","1":"post","2":"type-post","3":"status-publish","4":"format-standard","5":"has-post-thumbnail","7":"category-lyon","8":"tag-actu","9":"tag-actualites","10":"tag-auvergne-rhone-alpes","11":"tag-eu","12":"tag-europe","13":"tag-football","14":"tag-fr","15":"tag-france","16":"tag-groupama-stadium","17":"tag-lyon","18":"tag-news","19":"tag-olympique-lyonnais-ol","20":"tag-republique-francaise","21":"tag-sports"},"share_on_mastodon":{"url":"https:\/\/pubeurope.com\/@fr\/114789695093413548","error":""},"_links":{"self":[{"href":"https:\/\/www.europesays.com\/fr\/wp-json\/wp\/v2\/posts\/223276","targetHints":{"allow":["GET"]}}],"collection":[{"href":"https:\/\/www.europesays.com\/fr\/wp-json\/wp\/v2\/posts"}],"about":[{"href":"https:\/\/www.europesays.com\/fr\/wp-json\/wp\/v2\/types\/post"}],"author":[{"embeddable":true,"href":"https:\/\/www.europesays.com\/fr\/wp-json\/wp\/v2\/users\/2"}],"replies":[{"embeddable":true,"href":"https:\/\/www.europesays.com\/fr\/wp-json\/wp\/v2\/comments?post=223276"}],"version-history":[{"count":0,"href":"https:\/\/www.europesays.com\/fr\/wp-json\/wp\/v2\/posts\/223276\/revisions"}],"wp:featuredmedia":[{"embeddable":true,"href":"https:\/\/www.europesays.com\/fr\/wp-json\/wp\/v2\/media\/223277"}],"wp:attachment":[{"href":"https:\/\/www.europesays.com\/fr\/wp-json\/wp\/v2\/media?parent=223276"}],"wp:term":[{"taxonomy":"category","embeddable":true,"href":"https:\/\/www.europesays.com\/fr\/wp-json\/wp\/v2\/categories?post=223276"},{"taxonomy":"post_tag","embeddable":true,"href":"https:\/\/www.europesays.com\/fr\/wp-json\/wp\/v2\/tags?post=223276"}],"curies":[{"name":"wp","href":"https:\/\/api.w.org\/{rel}","templated":true}]}}