{"id":223278,"date":"2025-07-03T14:08:09","date_gmt":"2025-07-03T14:08:09","guid":{"rendered":"https:\/\/www.europesays.com\/fr\/223278\/"},"modified":"2025-07-03T14:08:09","modified_gmt":"2025-07-03T14:08:09","slug":"vacances-dete-en-ile-de-france-notre-selection-de-festivals-incontournables","status":"publish","type":"post","link":"https:\/\/www.europesays.com\/fr\/223278\/","title":{"rendered":"Vacances d\u2019\u00e9t\u00e9 en \u00cele-de-France\u00a0: notre s\u00e9lection de festivals incontournables"},"content":{"rendered":"<p class=\"paragraph text_align_left lp-f-body-02\">Bye bye tristesse, bonjour all\u00e9gresse. Quand sonne l\u2019heure des grandes vacances, on ne souhaite qu\u2019une chose : se laisser emporter par le tourbillon de la vie. Qu\u2019il nous aspire dans une folle farandole de danse, de musique, de spectacles et de r\u00eaveries. Oui, mais lesquels ? Concert, th\u00e9\u00e2tre, croisi\u00e8re musicale ou cin\u00e9ma, voici les festivals incontournables pour <a href=\"https:\/\/www.leparisien.fr\/culture-loisirs\/sortir-region-parisienne\/\" target=\"_blank\" rel=\"noreferrer nofollow noopener\">profiter de l\u2019\u00e9t\u00e9 en \u00cele-de-France<\/a>.<\/p>\n","protected":false},"excerpt":{"rendered":"Bye bye tristesse, bonjour all\u00e9gresse. Quand sonne l\u2019heure des grandes vacances, on ne souhaite qu\u2019une chose : se&hellip;\n","protected":false},"author":2,"featured_media":223279,"comment_status":"","ping_status":"","sticky":false,"template":"","format":"standard","meta":{"footnotes":""},"categories":[1592],"tags":[1111,11,872,1777,674,1011,27,662,12,626,25],"class_list":{"0":"post-223278","1":"post","2":"type-post","3":"status-publish","4":"format-standard","5":"has-post-thumbnail","7":"category-ile-de-france","8":"tag-actu","9":"tag-actualites","10":"tag-culture-et-loisirs","11":"tag-eu","12":"tag-europe","13":"tag-fr","14":"tag-france","15":"tag-ile-de-france","16":"tag-news","17":"tag-paris","18":"tag-republique-francaise"},"share_on_mastodon":{"url":"https:\/\/pubeurope.com\/@fr\/114789699204375969","error":""},"_links":{"self":[{"href":"https:\/\/www.europesays.com\/fr\/wp-json\/wp\/v2\/posts\/223278","targetHints":{"allow":["GET"]}}],"collection":[{"href":"https:\/\/www.europesays.com\/fr\/wp-json\/wp\/v2\/posts"}],"about":[{"href":"https:\/\/www.europesays.com\/fr\/wp-json\/wp\/v2\/types\/post"}],"author":[{"embeddable":true,"href":"https:\/\/www.europesays.com\/fr\/wp-json\/wp\/v2\/users\/2"}],"replies":[{"embeddable":true,"href":"https:\/\/www.europesays.com\/fr\/wp-json\/wp\/v2\/comments?post=223278"}],"version-history":[{"count":0,"href":"https:\/\/www.europesays.com\/fr\/wp-json\/wp\/v2\/posts\/223278\/revisions"}],"wp:featuredmedia":[{"embeddable":true,"href":"https:\/\/www.europesays.com\/fr\/wp-json\/wp\/v2\/media\/223279"}],"wp:attachment":[{"href":"https:\/\/www.europesays.com\/fr\/wp-json\/wp\/v2\/media?parent=223278"}],"wp:term":[{"taxonomy":"category","embeddable":true,"href":"https:\/\/www.europesays.com\/fr\/wp-json\/wp\/v2\/categories?post=223278"},{"taxonomy":"post_tag","embeddable":true,"href":"https:\/\/www.europesays.com\/fr\/wp-json\/wp\/v2\/tags?post=223278"}],"curies":[{"name":"wp","href":"https:\/\/api.w.org\/{rel}","templated":true}]}}