{"id":223284,"date":"2025-07-03T14:11:09","date_gmt":"2025-07-03T14:11:09","guid":{"rendered":"https:\/\/www.europesays.com\/fr\/223284\/"},"modified":"2025-07-03T14:11:09","modified_gmt":"2025-07-03T14:11:09","slug":"les-rues-de-paris-etaient-elles-plus-sures-pendant-la-belle-epoque","status":"publish","type":"post","link":"https:\/\/www.europesays.com\/fr\/223284\/","title":{"rendered":"Les rues de Paris \u00e9taient-elles plus s\u00fbres pendant la Belle \u00c9poque ?"},"content":{"rendered":"<p class=\"mb-4 text-lg md:leading-8 break-words\">\u00ab\u00a0Encore les r\u00f4deurs\u00a0!\u00a0\u00bb s&rsquo;alarme Le Petit Journal du 14\u00a0ao\u00fbt 1904. Depuis plusieurs mois, les Apaches, groupes de jeunes d\u00e9linquants, s\u00e8ment la terreur dans les rues parisiennes\u00a0(et surtout dans les journaux).\u00a0\u00c0 coups de poing et de couteau, des rixes \u00e9clatent dans les quartiers. Cette engeance, \u00e0 qui la presse a coll\u00e9 ce surnom am\u00e9rindien, nourrit le d\u00e9bat sur la peine de mort. \u00ab\u00a0La prison n&rsquo;effraie pas les Apaches, la guillotine les \u00e9pouvante\u00a0\u00bb, lit-on dans la revue en 1908.<\/p>\n<p class=\"mb-4 text-lg md:leading-8 break-words\">\u00c9tait-ce, pendant la Belle \u00c9poque, bien sage de s&rsquo;aventurer dehors \u00e0 la nuit tomb\u00e9e\u00a0dans les grandes villes comme Paris\u00a0? Arnaud-Dominique Houte, historien et auteur d&rsquo;un passionnant livre sur la peur et la violence, ose <a class=\"link \" href=\"https:\/\/www.lepoint.fr\/eureka\/pourquoi-dit-on-c-est-une-reponse-de-normand-18-06-2025-2592350_4706.php\" rel=\"nofollow noopener\" target=\"_blank\" data-ylk=\"slk:une r\u00e9ponse de Normand;elm:context_link;itc:0;sec:content-canvas\">une r\u00e9ponse de Normand<\/a>\u00a0: \u00ab\u00a0\u00c7a d\u00e9pend des endroits o\u00f9 vous vous aventurez. Le Paris de la Belle \u00c9poque n&rsquo;est plus une ville consid\u00e9r\u00e9e comme tr\u00e8s dangereuse, sauf, bien s\u00fbr, dans certains quartiers o\u00f9 la bourgeoisie ne s&rsquo;aventure jamais.\u00a0\u00bb<\/p>\n<p>D\u00e9linquance dans la Ville Lumi\u00e8re<\/p>\n<p class=\"mb-4 text-lg md:leading-8 break-words\">De quoi les Fran\u00e7ais ont-ils alors peur\u00a0? Des attentats anarchistes qui secouent les grandes villes, des vagabonds et des mendiants qui hantent les rues. Depuis la seconde moiti\u00e9 du XIXe\u00a0si\u00e8cle, les pouvoirs publics s&rsquo;acharnent \u00e0 r\u00e9duire leur nombre, ou du moins \u00e0 les repousser loin des quartiers fr\u00e9quent\u00e9s, vers les p\u00e9riph\u00e9ries de la ville.<\/p>\n<p class=\"mb-4 text-lg md:leading-8 break-words\">En revanche, le ph\u00e9nom\u00e8ne des\u00a0Apaches inqui\u00e8te la presse et les Parisiens\u00a0: groupes de d\u00e9linquants juv\u00e9niles, ils incarnent la figure du danger urbain. Les journal [&#8230;] <a href=\"https:\/\/www.lepoint.fr\/eureka\/les-rues-de-paris-etaient-elles-plus-sures-pendant-la-belle-epoque-03-07-2025-2593582_4706.php\" rel=\"nofollow noopener\" target=\"_blank\" data-ylk=\"slk:Lire la suite;elm:context_link;itc:0;sec:content-canvas\" class=\"link \">Lire la suite<\/a><\/p>\n","protected":false},"excerpt":{"rendered":"\u00ab\u00a0Encore les r\u00f4deurs\u00a0!\u00a0\u00bb s&rsquo;alarme Le Petit Journal du 14\u00a0ao\u00fbt 1904. Depuis plusieurs mois, les Apaches, groupes de jeunes&hellip;\n","protected":false},"author":2,"featured_media":223285,"comment_status":"","ping_status":"","sticky":false,"template":"","format":"standard","meta":{"footnotes":""},"categories":[1888],"tags":[1111,1928,11,1927,36225,36228,36227,1777,674,1011,27,36224,36223,12,1926,626,1925,36226,25],"class_list":{"0":"post-223284","1":"post","2":"type-post","3":"status-publish","4":"format-standard","5":"has-post-thumbnail","7":"category-paris","8":"tag-actu","9":"tag-actu-paris","10":"tag-actualites","11":"tag-actualites-paris","12":"tag-arnaud-dominique-houte","13":"tag-belle-epoque","14":"tag-debat-sur-la-peine-de-mort","15":"tag-eu","16":"tag-europe","17":"tag-fr","18":"tag-france","19":"tag-jeunes-delinquants","20":"tag-le-petit-journal","21":"tag-news","22":"tag-news-paris","23":"tag-paris","24":"tag-paris-news","25":"tag-reponse-de-normand","26":"tag-republique-francaise"},"share_on_mastodon":{"url":"https:\/\/pubeurope.com\/@fr\/114789710858469140","error":""},"_links":{"self":[{"href":"https:\/\/www.europesays.com\/fr\/wp-json\/wp\/v2\/posts\/223284","targetHints":{"allow":["GET"]}}],"collection":[{"href":"https:\/\/www.europesays.com\/fr\/wp-json\/wp\/v2\/posts"}],"about":[{"href":"https:\/\/www.europesays.com\/fr\/wp-json\/wp\/v2\/types\/post"}],"author":[{"embeddable":true,"href":"https:\/\/www.europesays.com\/fr\/wp-json\/wp\/v2\/users\/2"}],"replies":[{"embeddable":true,"href":"https:\/\/www.europesays.com\/fr\/wp-json\/wp\/v2\/comments?post=223284"}],"version-history":[{"count":0,"href":"https:\/\/www.europesays.com\/fr\/wp-json\/wp\/v2\/posts\/223284\/revisions"}],"wp:featuredmedia":[{"embeddable":true,"href":"https:\/\/www.europesays.com\/fr\/wp-json\/wp\/v2\/media\/223285"}],"wp:attachment":[{"href":"https:\/\/www.europesays.com\/fr\/wp-json\/wp\/v2\/media?parent=223284"}],"wp:term":[{"taxonomy":"category","embeddable":true,"href":"https:\/\/www.europesays.com\/fr\/wp-json\/wp\/v2\/categories?post=223284"},{"taxonomy":"post_tag","embeddable":true,"href":"https:\/\/www.europesays.com\/fr\/wp-json\/wp\/v2\/tags?post=223284"}],"curies":[{"name":"wp","href":"https:\/\/api.w.org\/{rel}","templated":true}]}}