{"id":223291,"date":"2025-07-03T14:15:12","date_gmt":"2025-07-03T14:15:12","guid":{"rendered":"https:\/\/www.europesays.com\/fr\/223291\/"},"modified":"2025-07-03T14:15:12","modified_gmt":"2025-07-03T14:15:12","slug":"des-familles-ukrainiennes-en-instance-dexpulsion-au-camping-marvilla-de-champigny-sur-marne","status":"publish","type":"post","link":"https:\/\/www.europesays.com\/fr\/223291\/","title":{"rendered":"Des familles ukrainiennes en instance d\u2019expulsion au camping Marvilla de Champigny-sur-Marne"},"content":{"rendered":"\n<p>Suite \u00e0 l\u2019invasion russe de l\u2019Ukraine en f\u00e9vrier 2022, des r\u00e9fugi\u00e9s ukrainiens ont trouv\u00e9 asile en France, <a href=\"https:\/\/94.citoyens.com\/2022\/val-de-marne-procedure-ultra-simplifiee-pour-les-refugies-ukrainiens-en-prefecture,25-03-2022.html\" target=\"_blank\" rel=\"noreferrer noopener nofollow\">notamment dans le Val-de-Marne<\/a>. A Champigny-sur-Marne notamment, 230 personnes ont \u00e9t\u00e9 accueillies au camping Marvilla Paris Est, dans le cadre d\u2019un accueil temporaire, accompagn\u00e9es socialement par l\u2019association Coallia. \u201cCet h\u00e9bergement avait vocation \u00e0 \u00eatre provisoire, une partie de la population accueillie ayant choisi de retourner en Ukraine tandis que l\u2019autre partie avait \u00e9mis le souhait de s\u2019installer de fa\u00e7on plus durable et s\u2019est vue proposer un logement adapt\u00e9\u201d, fait savoir la pr\u00e9fecture, sollicit\u00e9e par 94 Citoyens.<\/p>\n<p>Mais, sur les 70 familles install\u00e9es dans le camping, plusieurs n\u2019ont pas saisi les propositions d\u2019h\u00e9bergement ailleurs, en raison du travail, de probl\u00e8mes de sant\u00e9 ou d\u2019autres circonstances personnelles. \u201cAu maximum, deux propositions sont faites. Sinon, les familles qui refusent sont sorties du programme d\u2019h\u00e9bergement d\u2019urgence et ne sont plus accompagn\u00e9es par la suite, d\u00e9plore Mykola, arriv\u00e9 en 2019 pour travaill\u00e9 et rejoint par sa femme et son fils au d\u00e9but de la guerre. \u201cC\u2019est comme si on nous relogeait n\u2019importe o\u00f9, sans prendre en compte notre situation\u201d, estime-t-il. \u201cPendant la premi\u00e8re ann\u00e9e, on a re\u00e7u des orientations vers des logements, mais on avait juste le nom de la ville et de la r\u00e9gion, sans description, ni conditions, ni pr\u00e9cision sur qui allait nous h\u00e9berger\u201d, poursuit-il.<\/p>\n<p>\u201cFin 2024, \u00e0 l\u2019annonce de la fin du dispositif, 124 personnes \u00e9taient encore pr\u00e9sentes sur le site. Depuis, ce sont pr\u00e8s de 90 personnes qui ont pu quitter le camping avec une solution d\u2019h\u00e9bergement\u201d, indique la pr\u00e9fecture. Restent 13 familles qui sont sans droits ni titre. Apr\u00e8s un sursis li\u00e9e \u00e0 la tr\u00eave hivernale, prolong\u00e9 jusqu\u2019au 30 juin, elles sont d\u00e9sormais somm\u00e9es de partir, mais n\u2019ont pas trouv\u00e9 de solution. \u201cCertaines familles ont des personnes malades, d\u2019autres t\u00e9l\u00e9travaillent pour des entreprises ukrainiennes et ne peuvent donc pas d\u00e9clarer leurs revenus en France\u201c, poursuit Mykola.<\/p>\n<p>Des personnes de plus de 90 ans, dont un malade d\u2019Alzheimer<\/p>\n<p>C\u2019est le cas de Nuria, originaire de Donetsk, ville aujourd\u2019hui aux mains des russes, qui vit dans un bungalow avec son mari, son fils et son p\u00e8re de 90 ans, atteint de la maladie d\u2019Alzheimer. \u201cIl ne reconna\u00eet plus personne, ne peut plus rien faire. L\u2019autre jour, il a br\u00fbl\u00e9 la bouilloire en allumant le gaz\u201d, t\u00e9moigne-t-elle. Son m\u00e9decin a confirm\u00e9 que son p\u00e8re perd en autonomie et a besoin d\u2019une assistance quotidienne. Par ailleurs, le certificat m\u00e9dical indique que \u201ctout changement d\u2019environnement est d\u00e9conseill\u00e9, car cela peut aggraver ses troubles de la m\u00e9moire et accentuer sa d\u00e9sorientation\u201c, d\u00e9taille Nuria. Deux autres personnes \u00e2g\u00e9es de 90 et 95 ans, \u00e9galement malades sont concern\u00e9es, ajoute-t-elle.<\/p>\n<p>Dans un courrier adress\u00e9 \u00e0 la DRIHL (direction r\u00e9gionale et interd\u00e9partementale de l\u2019h\u00e9bergement et du logement), pour demander la suspension de l\u2019expulsion, les familles estiment \u201cqu\u2019aucune proposition de logement social adapt\u00e9e aux besoins sp\u00e9cifiques de chaque foyer n\u2019a \u00e9t\u00e9 faite \u00e0 ce jour\u201d et \u201cqu\u2019une expulsion forc\u00e9e compromettrait leur stabilit\u00e9, leur sant\u00e9 et leur int\u00e9gration\u201d. <\/p>\n<p>Les familles demandent par ailleurs \u201cla prise en compte du besoin d\u2019un interpr\u00e8te accr\u00e9dit\u00e9 \u00e0 chaque rencontre\u201d car les applications comme Google Traduction ou encore Deepl pr\u00eatent aux malentendus.<\/p>\n<p>\u201cSi l\u2019on quitte ces logements, on est \u00e0 la rue, et la seule proposition qu\u2019ils nous font est d\u2019appeler le 115, c\u2019est pas normal\u201d, regrette Olesia, qui vit dans un bungalow voisin.<\/p>\n<p>De son c\u00f4t\u00e9, la pr\u00e9fecture rappelle que la \u201cseconde \u00e9tape de fin de prise en charge\u201d a \u00e9t\u00e9 enclench\u00e9e \u201csuite de deux refus non justifi\u00e9s de la part des personnes concern\u00e9es.\u201d<\/p>\n<p>\u201cCette fin de prise en charge fait l\u2019objet d\u2019un suivi particuli\u00e8rement attentif des services de l\u2019unit\u00e9 d\u00e9partementale de la Drihl 94 et a \u00e9t\u00e9 notifi\u00e9e par courrier. L\u2019ensemble des personnes int\u00e9ress\u00e9es a donc \u00e9t\u00e9 d\u00fbment inform\u00e9, et ce, tr\u00e8s en amont, de cette d\u00e9cision. L\u2019op\u00e9rateur doit ainsi terminer son travail d\u2019assistance au 30 juin avec une trentaine de personnes qui sont encore pr\u00e9sentes. Parmi elles, une vingtaine de personnes ont \u00e9t\u00e9 effectivement notifi\u00e9es d\u2019une fin de prise en charge suite \u00e0 des refus d\u2019orientation ou d\u2019accompagnement. Une quinzaine sont encore en attente d\u2019une validation d\u2019orientation ou d\u2019une nouvelle proposition\u201d, d\u00e9taille l\u2019Etat.<\/p>\n","protected":false},"excerpt":{"rendered":"Suite \u00e0 l\u2019invasion russe de l\u2019Ukraine en f\u00e9vrier 2022, des r\u00e9fugi\u00e9s ukrainiens ont trouv\u00e9 asile en France, notamment&hellip;\n","protected":false},"author":2,"featured_media":223292,"comment_status":"","ping_status":"","sticky":false,"template":"","format":"standard","meta":{"footnotes":""},"categories":[1590],"tags":[11,4077,24692,14770,1777,674,5219,5222,16354,12,220,10884],"class_list":{"0":"post-223291","1":"post","2":"type-post","3":"status-publish","4":"format-standard","5":"has-post-thumbnail","7":"category-ukraine","8":"tag-actualites","9":"tag-association","10":"tag-camping","11":"tag-champigny-sur-marne","12":"tag-eu","13":"tag-europe","14":"tag-expulsion","15":"tag-hebergement","16":"tag-logement-social","17":"tag-news","18":"tag-ukraine","19":"tag-ukrainiens"},"share_on_mastodon":{"url":"https:\/\/pubeurope.com\/@fr\/114789726514330721","error":""},"_links":{"self":[{"href":"https:\/\/www.europesays.com\/fr\/wp-json\/wp\/v2\/posts\/223291","targetHints":{"allow":["GET"]}}],"collection":[{"href":"https:\/\/www.europesays.com\/fr\/wp-json\/wp\/v2\/posts"}],"about":[{"href":"https:\/\/www.europesays.com\/fr\/wp-json\/wp\/v2\/types\/post"}],"author":[{"embeddable":true,"href":"https:\/\/www.europesays.com\/fr\/wp-json\/wp\/v2\/users\/2"}],"replies":[{"embeddable":true,"href":"https:\/\/www.europesays.com\/fr\/wp-json\/wp\/v2\/comments?post=223291"}],"version-history":[{"count":0,"href":"https:\/\/www.europesays.com\/fr\/wp-json\/wp\/v2\/posts\/223291\/revisions"}],"wp:featuredmedia":[{"embeddable":true,"href":"https:\/\/www.europesays.com\/fr\/wp-json\/wp\/v2\/media\/223292"}],"wp:attachment":[{"href":"https:\/\/www.europesays.com\/fr\/wp-json\/wp\/v2\/media?parent=223291"}],"wp:term":[{"taxonomy":"category","embeddable":true,"href":"https:\/\/www.europesays.com\/fr\/wp-json\/wp\/v2\/categories?post=223291"},{"taxonomy":"post_tag","embeddable":true,"href":"https:\/\/www.europesays.com\/fr\/wp-json\/wp\/v2\/tags?post=223291"}],"curies":[{"name":"wp","href":"https:\/\/api.w.org\/{rel}","templated":true}]}}