{"id":223298,"date":"2025-07-03T14:19:10","date_gmt":"2025-07-03T14:19:10","guid":{"rendered":"https:\/\/www.europesays.com\/fr\/223298\/"},"modified":"2025-07-03T14:19:10","modified_gmt":"2025-07-03T14:19:10","slug":"limec-deviendra-t-il-un-jour-le-corridor-economique-reliant-linde-a-leurope","status":"publish","type":"post","link":"https:\/\/www.europesays.com\/fr\/223298\/","title":{"rendered":"L&rsquo;IMEC deviendra-t-il un jour le corridor \u00e9conomique reliant l&rsquo;Inde \u00e0 l&rsquo;Europe\u00a0?"},"content":{"rendered":"<p><img decoding=\"async\" class=\"c-ad__placeholder__logo\" src=\"https:\/\/static.euronews.com\/website\/images\/logos\/logo-euronews-grey-6-180x22.svg\" width=\"180\" height=\"22\" alt=\"\" loading=\"lazy\"\/>PUBLICIT\u00c9<\/p>\n<p>Le <strong>Corridor \u00c9conomique Inde-Moyen-Orient-Europe (IMEC)<\/strong> est l&rsquo;une des initiatives de connectivit\u00e9 moderne les plus ambitieuses.<\/p>\n<p>Il vise \u00e0 cr\u00e9er une voie de transport et de commerce moderne reliant l&rsquo;Inde \u00e0 l&rsquo;Europe via le Moyen-Orient, en s&rsquo;appuyant sur les ports, les r\u00e9seaux ferroviaires, les autoroutes et l&rsquo;infrastructure num\u00e9rique.<\/p>\n<p>Le projet vise \u00e0 <strong>redessiner les cartes du commerce mondial<\/strong>, \u00e0 offrir des alternatives au Canal de Suez et \u00e0 renforcer la s\u00e9curit\u00e9 \u00e9nerg\u00e9tique et logistique de l&rsquo;Europe.<\/p>\n<p><strong>Pour la Gr\u00e8ce<\/strong>, l&rsquo;IMEC est l&rsquo;occasion de renforcer son r\u00f4le de porte d&rsquo;entr\u00e9e essentielle vers l&rsquo;Europe.<\/p>\n<p>Les ports grecs, en particulier ceux du <strong>Pir\u00e9e et de Thessalonique<\/strong>, peuvent devenir des plaques tournantes essentielles pour le transbordement des marchandises et leur distribution vers l&rsquo;arri\u00e8re-pays europ\u00e9en. Dans le m\u00eame temps, la Gr\u00e8ce peut jouer le r\u00f4le de plaque tournante de l&rsquo;\u00e9nergie, en contribuant \u00e0 la diversification des sources d&rsquo;\u00e9nergie et des voies d&rsquo;approvisionnement.<\/p>\n<p>Cependant, l&rsquo;IMEC s&rsquo;accompagne \u00e9galement de d\u00e9fis importants : tensions g\u00e9opolitiques, concurrence d&rsquo;autres routes commerciales et d&rsquo;autres pays, n\u00e9cessit\u00e9 d&rsquo;investissements importants dans les infrastructures et la coordination des politiques.<\/p>\n<p>Ces d\u00e9fis ont \u00e9t\u00e9 discut\u00e9s en d\u00e9tail lors de l&rsquo;\u00e9v\u00e9nement intitul\u00e9 <strong>\u00ab\u00a0L&rsquo;IMEC, du potentiel au partenariat\u00a0\u00bb,<\/strong> organis\u00e9 par le <strong>Balkans &amp; Black Sea Forum \u00ab\u00a0Executive Roundtable 2025\u00a0\u00bb<\/strong> avec la participation d&rsquo;ambassadeurs des pays concern\u00e9s, d&rsquo;analystes, d&rsquo;experts et d&rsquo;acteurs de l&rsquo;industrie.<\/p>\n<p>Les principales conclusions sont les suivantes :<\/p>\n<p>Le corridor IMEC <strong>a besoin d&rsquo;une orientation et d&rsquo;un financement clairs.<\/strong> Le projet est n\u00e9 d&rsquo;une initiative indienne, \u00e0 laquelle l&rsquo;UE et l&rsquo;Arabie saoudite ont adh\u00e9r\u00e9. Toutefois, contrairement \u00e0 d&rsquo;autres initiatives similaires, l&rsquo;Inde n&rsquo;a pas mis en place d&rsquo;organisme de mise en \u0153uvre sp\u00e9cifique pour le projet et n&rsquo;a pas non plus engag\u00e9 de fonds.<\/p>\n<p>La plupart des intervenants ont convenu que les projets devront \u00eatre financ\u00e9s par des partenariats entre l&rsquo;Inde et l&rsquo;UE, tandis que la contribution de l&rsquo;Arabie saoudite sera cruciale, tout comme celle des \u00c9tats-Unis, qui sont initialement favorables au projet mais le consid\u00e8rent comme faisant partie d&rsquo;un programme plus large visant \u00e0 mettre en \u0153uvre les accords d&rsquo;Abraham.<\/p>\n<p>Comme l&rsquo;ont soulign\u00e9 les intervenants, il est peu probable que l&rsquo;Inde, principalement en raison de mentalit\u00e9s diff\u00e9rentes, engage des fonds et des m\u00e9canismes pour la mise en \u0153uvre de l&rsquo;IMEC, comme l&rsquo;a fait la Chine pour l&rsquo;initiative \u00ab\u00a0<a href=\"https:\/\/fr.euronews.com\/2023\/05\/17\/la-perte-dinfluence-de-la-russie-en-asie-centrale-au-profit-de-la-chine\" target=\"_blank\" rel=\"noopener\"><strong>One Belt One Road<\/strong><\/a>\u00ab\u00a0.<\/p>\n<p>Le gouvernement indien indique que les pays devraient adopter le projet eux-m\u00eames et d\u00e9velopper des plans nationaux pour sa mise en \u0153uvre.<\/p>\n<p>Le corridor n\u00e9cessitera une coordination dans le d\u00e9veloppement et l&rsquo;exploitation des infrastructures n\u00e9cessaires. Le projet est plus facile pour les <strong>ports<\/strong>, mais pour le rail, les difficult\u00e9s sont nombreuses : n\u00e9cessit\u00e9 de trouver des capitaux d&rsquo;investissement, construction des lignes n\u00e9cessaires (qui, dans certains cas, traversent des zones de grande instabilit\u00e9 g\u00e9opolitique), union douani\u00e8re, bureau de vente.<\/p>\n<p>Comme l&rsquo;a dit l&rsquo;un des intervenants : \u00ab\u00a0Chaque corridor est aussi fort que son point le plus faible\u00a0\u00bb.<\/p>\n<p><strong>Pour la Gr\u00e8ce,<\/strong> le grand d\u00e9fi est le port du Pir\u00e9e. La Gr\u00e8ce tente d&rsquo;\u00e9merger comme la principale porte d&rsquo;entr\u00e9e du corridor vers l&rsquo;Europe (en concurrence avec l&rsquo;Italie et la France), mais le fait que le port du Pir\u00e9e soit g\u00e9r\u00e9 par une soci\u00e9t\u00e9 chinoise soul\u00e8ve des questions quant \u00e0 sa volont\u00e9 et \u00e0 sa capacit\u00e9 d&rsquo;\u00eatre \u00e0 la derni\u00e8re extr\u00e9mit\u00e9 de l&rsquo;IMEC.<\/p>\n<p>Alternativement, comme l&rsquo;ont not\u00e9 certains intervenants, le port de Thessalonique pourrait jouer ce r\u00f4le.<\/p>\n<p>Le deuxi\u00e8me d\u00e9fi majeur concerne <strong>le r\u00e9seau ferroviaire<\/strong>, qui est sous-d\u00e9velopp\u00e9 tant \u00e0 l&rsquo;int\u00e9rieur de la Gr\u00e8ce qu&rsquo;en termes de connexions avec les pays voisins. Comme nous l&rsquo;avons vu, sans un r\u00e9seau ferroviaire solide et interconnect\u00e9, le potentiel d&rsquo;exploitation de l&rsquo;IMEC est consid\u00e9rablement limit\u00e9.<\/p>\n<p>Les conflits militaires au Moyen-Orient g\u00e8lent les plans de d\u00e9veloppement du corridor. Bien que les tensions se soient apais\u00e9es au cours des derniers jours, la r\u00e9gion du Moyen-Orient reste une zone de tensions et de conflits \u00e9lev\u00e9s, ce qui soul\u00e8ve des questions quant \u00e0 savoir si et comment l&rsquo;infrastructure n\u00e9cessaire sera prot\u00e9g\u00e9e.<\/p>\n<p>Quant \u00e0 Chypre, dont la participation au projet a \u00e9t\u00e9 confirm\u00e9e lors de la r\u00e9cente visite de Narendra Modi \u00e0 Nicosie, il a \u00e9t\u00e9 not\u00e9 que Chypre peut devenir une plaque tournante r\u00e9gionale pour l&rsquo;arbitrage, en s&rsquo;appuyant sur son exp\u00e9rience dans ce domaine et sur son appartenance \u00e0 l&rsquo;UE.<\/p>\n<p>Quel sera le r\u00f4le des Palestiniens dans ce projet ?<\/p>\n<p>\u00ab\u00a0Les Palestiniens devraient faire partie du projet\u00a0\u00bb, ont not\u00e9 les orateurs, par exemple avec des liaisons ferroviaires vers la Jordanie \u00e0 travers la Cisjordanie. Cependant, une telle perspective n\u00e9cessite une paix permanente dans la r\u00e9gion ce qui parait pour l&rsquo;heure irr\u00e9aliste. <\/p>\n","protected":false},"excerpt":{"rendered":"PUBLICIT\u00c9 Le Corridor \u00c9conomique Inde-Moyen-Orient-Europe (IMEC) est l&rsquo;une des initiatives de connectivit\u00e9 moderne les plus ambitieuses. Il vise&hellip;\n","protected":false},"author":2,"featured_media":223299,"comment_status":"","ping_status":"","sticky":false,"template":"","format":"standard","meta":{"footnotes":""},"categories":[1586],"tags":[11,2160,1777,674,1011,27,8906,5595,12,25,364],"class_list":{"0":"post-223298","1":"post","2":"type-post","3":"status-publish","4":"format-standard","5":"has-post-thumbnail","7":"category-europe","8":"tag-actualites","9":"tag-commerce-international","10":"tag-eu","11":"tag-europe","12":"tag-fr","13":"tag-france","14":"tag-grece","15":"tag-inde","16":"tag-news","17":"tag-republique-francaise","18":"tag-union-europeenne"},"share_on_mastodon":{"url":"https:\/\/pubeurope.com\/@fr\/114789742330959806","error":""},"_links":{"self":[{"href":"https:\/\/www.europesays.com\/fr\/wp-json\/wp\/v2\/posts\/223298","targetHints":{"allow":["GET"]}}],"collection":[{"href":"https:\/\/www.europesays.com\/fr\/wp-json\/wp\/v2\/posts"}],"about":[{"href":"https:\/\/www.europesays.com\/fr\/wp-json\/wp\/v2\/types\/post"}],"author":[{"embeddable":true,"href":"https:\/\/www.europesays.com\/fr\/wp-json\/wp\/v2\/users\/2"}],"replies":[{"embeddable":true,"href":"https:\/\/www.europesays.com\/fr\/wp-json\/wp\/v2\/comments?post=223298"}],"version-history":[{"count":0,"href":"https:\/\/www.europesays.com\/fr\/wp-json\/wp\/v2\/posts\/223298\/revisions"}],"wp:featuredmedia":[{"embeddable":true,"href":"https:\/\/www.europesays.com\/fr\/wp-json\/wp\/v2\/media\/223299"}],"wp:attachment":[{"href":"https:\/\/www.europesays.com\/fr\/wp-json\/wp\/v2\/media?parent=223298"}],"wp:term":[{"taxonomy":"category","embeddable":true,"href":"https:\/\/www.europesays.com\/fr\/wp-json\/wp\/v2\/categories?post=223298"},{"taxonomy":"post_tag","embeddable":true,"href":"https:\/\/www.europesays.com\/fr\/wp-json\/wp\/v2\/tags?post=223298"}],"curies":[{"name":"wp","href":"https:\/\/api.w.org\/{rel}","templated":true}]}}