{"id":223308,"date":"2025-07-03T14:26:16","date_gmt":"2025-07-03T14:26:16","guid":{"rendered":"https:\/\/www.europesays.com\/fr\/223308\/"},"modified":"2025-07-03T14:26:16","modified_gmt":"2025-07-03T14:26:16","slug":"du-canada-aux-bleus-la-folle-ascension-de-tyler-duguid","status":"publish","type":"post","link":"https:\/\/www.europesays.com\/fr\/223308\/","title":{"rendered":"du Canada aux Bleus, la folle ascension de Tyler Duguid"},"content":{"rendered":"<p>            Par<br \/>\n        <strong><br \/>\n            <a href=\"https:\/\/actu.fr\/auteur\/thomas-corbet-actu-fr\" title=\"Consulter tous les articles de Thomas Corbet\" rel=\"nofollow noopener\" target=\"_blank\">Thomas Corbet<\/a><br \/>\n        <\/strong><\/p>\n<p>        Publi\u00e9 le<\/p>\n<p>            3 juil. 2025 \u00e0 12h44        <\/p>\n<p>Convoqu\u00e9 pour la tourn\u00e9e du <a href=\"https:\/\/actu.fr\/rugby\/xv-de-france\" rel=\"nofollow noopener\" target=\"_blank\">XV de France<\/a> en Nouvelle-Z\u00e9lande, <strong>Tyler Duguid<\/strong> honorera sa premi\u00e8re s\u00e9lection au sein de la <a href=\"https:\/\/actu.fr\/sports\/rugby\/pro\/xv-de-france-avec-9-petits-nouveaux-la-compo-des-bleus-face-aux-all-blacks_62859805.html\" rel=\"nofollow noopener\" target=\"_blank\">compo des Bleus<\/a> lors du match inaugural contre les All Blacks. La nouvelle \u00e9tape d\u2019un <strong>parcours fou<\/strong>, qui a vu le 2e ligne partir du Canada pour atterrir \u00e0 Montpellier et d\u00e9sormais dans les rangs de l\u2019\u00e9quipe de France, sur lequel il s\u2019\u00e9tait confi\u00e9 dans les colonnes de <a href=\"https:\/\/www.midilibre.fr\/2025\/06\/24\/des-tontons-francais-champion-national-de-lutte-greco-romaine-refus-du-canada-cinq-choses-a-savoir-sur-tyler-duguid-retenu-avec-le-xv-de-france-pour-12778843.php\" rel=\"nofollow noopener\" target=\"_blank\">Midi Libre<\/a>.\u00a0<\/p>\n<p>Tyler Duguid du Canada au XV de France<\/p>\n<p class=\" wall-content\">Tout le monde n\u2019avait peut-\u00eatre pas pris Tyler Duguid (24 ans) au s\u00e9rieux quand, il y a quelques mois, il avait annonc\u00e9 avoir pour ambition de porter le maillot de l\u2019\u00e9quipe de France de rugby. \u00ab\u00a0Non mais qui c\u2019est ce mec\u00a0\u00bb, avaient-d\u00fb se demander un bon paquet d\u2019amateurs de rugby non avertis.<\/p>\n<p class=\" wall-content\">Le mec en question est n\u00e9 en 2000 et \u00e0 grandi dans l\u2019ouest canadien, \u00e0 Edmonton pour \u00eatre pr\u00e9cis. Pas exactement une terre de rugby, il faut bien l\u2019avouer. D\u2019ailleurs, dans sa jeunesse, il touche un peu \u00e0 tout, au football am\u00e9ricain ou \u00e0 la lutte gr\u00e9co-romaine o\u00f9 il remporte un titre national.<\/p>\n<p class=\" wall-content\">Puis vient le moment de faire un choix. \u00ab\u00a0J\u2019aimais vraiment la lutte. Mais je crois que j\u2019\u00e9tais tout simplement plus heureux sur un terrain de rugby\u00a0\u00bb, confiait-il il y a peu \u00e0 Midi Libre. Rep\u00e9r\u00e9 par un agent lors d\u2019un match avec les U18 du Canada, il d\u00e9cide de tenter l\u2019aventure en France en 2019.<\/p>\n<p>Narbonne, Montpellier, puis les Bleus<\/p>\n<p class=\" wall-content\">Sa premi\u00e8re exp\u00e9rience avec le rugby hexagonal, elle n\u2019est pas des plus concluantes. Arriv\u00e9 au centre de formation de Narbonne, ses entraineurs veulent en faire un pilier droit. Le colosse de 2m01 (pour 124 kilos selon le site du MHR) n\u2019en d\u00e9mord pas, il sera 2e ligne !<\/p>\n<p class=\" wall-content\">C\u2019est ainsi en 2020 qu\u2019il arrive dans l\u2019H\u00e9rault, alpagu\u00e9 par Joan Caudullo alors responsable du centre de formation du MHR et d\u00e9sormais manager de l\u2019\u00e9quipe professionnelle. Et le moins que l\u2019on puisse dire, c\u2019est que l\u2019ancien talonneur des Cistes a eu le nez creux !<\/p>\n<p>Vid\u00e9os : en ce moment sur Actu<\/p>\n<p class=\" wall-content\">Lors de la saison 2024-2025, Tyler Duguid s\u2019est tout simplement impos\u00e9, profitant certes de l\u2019absence de Paul Willemse, comme la poutre du pack montpelli\u00e9rain : 20 fois titulaire sur 26 matchs disput\u00e9s avec le MHR pour 1614 minutes sur les terrains. Avec \u00e0 la cl\u00e9 une solide performance avec France A contre l\u2019Angleterre le 21 juin et une confirmation, c\u2019est tout ce que l\u2019on lui souhaite, contre les All Blacks ce 5 juillet.<\/p>\n<blockquote class=\"ac-article-quote wall-content\">\n<p>C\u2019est un jeune joueur qui a donn\u00e9 satisfaction sur le premier match en Angleterre m\u00eame s\u2019il \u00e9tait un peu tendu et stress\u00e9 par cette premi\u00e8re apparition. On esp\u00e8re qu\u2019il va se rel\u00e2cher et monter de niveau sur sa performance de samedi. <\/p>\n<p>    <strong>Fabien Galthi\u00e9<\/strong><br \/>\n        S\u00e9lectionneur du XV de France    <\/p><\/blockquote>\n<p class=\" wall-content\">Un voyage dingue qui n\u2019est sans doute pas fini. On vous le conseille, suivez Duguid !<\/p>\n<p class=\" wall-content\">Suivez toute l\u2019actualit\u00e9 de vos villes et m\u00e9dias favoris en vous inscrivant \u00e0 <a href=\"https:\/\/moncompte.actu.fr\" title=\"D\u00e9couvez Mon Actu\" rel=\"nofollow noopener\" data-trk=\"{&quot;cta&quot;:{&quot;action&quot;:&quot;https:\\\/\\\/moncompte.actu.fr&quot;,&quot;category&quot;:&quot;mon compte&quot;,&quot;from&quot;:&quot;article footer&quot;,&quot;name&quot;:&quot;Mon actu&quot;,&quot;type&quot;:&quot;cta&quot;}}\" target=\"_blank\">Mon Actu<\/a>.<\/p>\n","protected":false},"excerpt":{"rendered":"Par Thomas Corbet Publi\u00e9 le 3 juil. 2025 \u00e0 12h44 Convoqu\u00e9 pour la tourn\u00e9e du XV de France&hellip;\n","protected":false},"author":2,"featured_media":223309,"comment_status":"","ping_status":"","sticky":false,"template":"","format":"standard","meta":{"footnotes":""},"categories":[1416],"tags":[1011,27,3788,479,1468,60,513],"class_list":{"0":"post-223308","1":"post","2":"type-post","3":"status-publish","4":"format-standard","5":"has-post-thumbnail","7":"category-rugby","8":"tag-fr","9":"tag-france","10":"tag-pro","11":"tag-rugby","12":"tag-rugby-football","13":"tag-sports","14":"tag-xv-de-france"},"share_on_mastodon":{"url":"https:\/\/pubeurope.com\/@fr\/114789769766818777","error":""},"_links":{"self":[{"href":"https:\/\/www.europesays.com\/fr\/wp-json\/wp\/v2\/posts\/223308","targetHints":{"allow":["GET"]}}],"collection":[{"href":"https:\/\/www.europesays.com\/fr\/wp-json\/wp\/v2\/posts"}],"about":[{"href":"https:\/\/www.europesays.com\/fr\/wp-json\/wp\/v2\/types\/post"}],"author":[{"embeddable":true,"href":"https:\/\/www.europesays.com\/fr\/wp-json\/wp\/v2\/users\/2"}],"replies":[{"embeddable":true,"href":"https:\/\/www.europesays.com\/fr\/wp-json\/wp\/v2\/comments?post=223308"}],"version-history":[{"count":0,"href":"https:\/\/www.europesays.com\/fr\/wp-json\/wp\/v2\/posts\/223308\/revisions"}],"wp:featuredmedia":[{"embeddable":true,"href":"https:\/\/www.europesays.com\/fr\/wp-json\/wp\/v2\/media\/223309"}],"wp:attachment":[{"href":"https:\/\/www.europesays.com\/fr\/wp-json\/wp\/v2\/media?parent=223308"}],"wp:term":[{"taxonomy":"category","embeddable":true,"href":"https:\/\/www.europesays.com\/fr\/wp-json\/wp\/v2\/categories?post=223308"},{"taxonomy":"post_tag","embeddable":true,"href":"https:\/\/www.europesays.com\/fr\/wp-json\/wp\/v2\/tags?post=223308"}],"curies":[{"name":"wp","href":"https:\/\/api.w.org\/{rel}","templated":true}]}}