{"id":223312,"date":"2025-07-03T14:28:28","date_gmt":"2025-07-03T14:28:28","guid":{"rendered":"https:\/\/www.europesays.com\/fr\/223312\/"},"modified":"2025-07-03T14:28:28","modified_gmt":"2025-07-03T14:28:28","slug":"les-u18-feminines-debutent-sur-des-plateaux","status":"publish","type":"post","link":"https:\/\/www.europesays.com\/fr\/223312\/","title":{"rendered":"Les U18 f\u00e9minines d\u00e9butent sur des plateaux"},"content":{"rendered":"<p>                            <img decoding=\"async\" class=\"img-fluid thumbnail__news\" src=\"https:\/\/www.europesays.com\/fr\/wp-content\/uploads\/2025\/07\/a6c31f5b-ac3f-4f60-817d-0f32a01dd96e.jpg\" alt=\"Les U18 f\u00e9minines d\u00e9butent sur des plateaux\"\/><br \/>\n                                                        Apr\u00e8s les phases d\u00e9partementales et r\u00e9gionales, les U18 f\u00e9minines ont rendez-vous le samedi 15 f\u00e9vrier et le dimanche 16 f\u00e9vrier pour les plateaux 16e et 8e de finale la Coupe de France. <\/p>\n<p><strong>Plateau n\u00b01 \u00e0 Lattes (34)<br \/><\/strong>Samedi 15 f\u00e9vrier<br \/>17h15 :\u00a0 IE &#8211; AS TOURNEFEUILLE (NATIONAL) &#8211; TOULOUSE METROPOLE BASKET SAS (NATIONAL)<br \/>20h00 : IE &#8211; CTC DE L&rsquo;ETANG MARIGNANE-ROGNAC (REGIONAL +7) &#8211; BASKET LATTES MONTPELLIER (NATIONAL)<\/p>\n<p>Dimanche 16 f\u00e9vrier<br \/>Vainqueur match 1 &#8211; Vainqueur match 2<\/p>\n<p><strong>Plateau n\u00b02 \u00e0 Saint Verge (79)<\/strong><br \/>Samedi 15 f\u00e9vrier<br \/>17h15 : FEYTIAT BASKET 87 (NATIONAL) &#8211; BASKET LANDES SASP (NATIONAL)<br \/>20h00 : TARBES GESPE BIGORRE (NATIONAL) &#8211; ANGLET COTE BASQUE BASKET (NATIONAL)<\/p>\n<p>Dimanche 16 f\u00e9vrier<br \/>Vainqueur match 1 &#8211; Vainqueur match 2<\/p>\n<p><strong>Plateau n\u00b03 \u00e0 Savenay (44)<\/strong><br \/>Samedi 15 f\u00e9vrier<br \/>17h15 : ROCHE VENDEE BC (NATIONAL) &#8211; C&rsquo;CHARTRES BASKET FEMININ (NATIONAL)<br \/>20h00 : LAMBOISIERES-MARTIN BASKET (REGIONAL +7) &#8211; ANGERS &#8211; UNION FEMININE BASKET 49 (NATIONAL)<\/p>\n<p>Dimanche 16 f\u00e9vrier<br \/>Vainqueur match 1 &#8211; Vainqueur match 2<\/p>\n<p><strong>Plateau n\u00b04 \u00e0 Lannion (22)<\/strong><br \/>Samedi 15 f\u00e9vrier<br \/>17h15 : APLEMONT LE HAVRE BASKET (NATIONAL) &#8211; USO MONDEVILLE BASKET (NATIONAL)<br \/>20h00 : RENNES AVENIR (NATIONAL) &#8211; LANDERNEAU BRETAGNE BASKET HN (NATIONAL)<\/p>\n<p>Dimanche 16 f\u00e9vrier<br \/>Vainqueur match 1 &#8211; Vainqueur match 2<\/p>\n<p><strong>Plateau n\u00b05 \u00e0 Blois (41)<\/strong><br \/>Samedi 15 f\u00e9vrier<br \/>17h15 : BOURGES BASKET (NATIONAL) &#8211; USM SARAN (NATIONAL)<br \/>20h00 : PARIS BASKET 18 (REGIONAL +7) &#8211; COTE D&rsquo;OPALE BASKET CALAIS (NATIONAL)<\/p>\n<p>Dimanche 16 f\u00e9vrier<br \/>Vainqueur match 1 &#8211; Vainqueur match 2<\/p>\n<p><strong>Plateau n\u00b06 \u00e0 Gauchy (02)<\/strong><br \/>Samedi 15 f\u00e9vrier<br \/>17h15 : SAINT-AMAND HAINAUT BASKET (NATIONAL) &#8211; ESB VILLENEUVE D&rsquo;ASCQ LILLE METROPOLE (NATIONAL)<br \/>20h00 : AULNOYE AS (NATIONAL) &#8211; FLAMMES CAROLO BASKET ARDENNES (NATIONAL)<\/p>\n<p>Dimanche 16 f\u00e9vrier<br \/>Vainqueur match 1 &#8211; Vainqueur match 2<\/p>\n<p><strong>Plateau n\u00b07 \u00e0 Priss\u00e9 (71)<\/strong><br \/>Samedi 15 f\u00e9vrier<br \/>17h15 : SLUC NANCY BASKET ASSOCIATION (DEPARTEMENTAL) +7 &#8211; ELAN CHALON (REGIONAL)<br \/>20h00 : CHARNAY BASKET BOURGOGNE SUD (NATIONAL) &#8211; S.I. GRAFFENSTADEN (NATIONAL)<\/p>\n<p>Dimanche 16 f\u00e9vrier<br \/>Vainqueur match 1 &#8211; Vainqueur match 2<\/p>\n<p><strong>Plateau n\u00b08 \u00e0 Roanne (42)<\/strong><br \/>Samedi 15 f\u00e9vrier<br \/>17h15 : PAYS VOIRONNAIS BASKET CLUB (NATIONAL) &#8211; FC LYON ASVEL FEMININ (NATIONAL)<br \/>20h00 : IE &#8211; CTC ENTENTE BASKET ONDAINE &#8211; FRAISSES-UNIEUX BASKET 42 (REGIONAL +7) &#8211; BC LA TRONCHE MEYLAN (NATIONAL)<\/p>\n<p>Dimanche 16 f\u00e9vrier<br \/>Vainqueur match 1 &#8211; Vainqueur match 2<\/p>\n","protected":false},"excerpt":{"rendered":"Apr\u00e8s les phases d\u00e9partementales et r\u00e9gionales, les U18 f\u00e9minines ont rendez-vous le samedi 15 f\u00e9vrier et le dimanche&hellip;\n","protected":false},"author":2,"featured_media":223313,"comment_status":"","ping_status":"","sticky":false,"template":"","format":"standard","meta":{"footnotes":""},"categories":[1414],"tags":[1465,1464,1011,27,60],"class_list":{"0":"post-223312","1":"post","2":"type-post","3":"status-publish","4":"format-standard","5":"has-post-thumbnail","7":"category-basket","8":"tag-basket","9":"tag-basketball","10":"tag-fr","11":"tag-france","12":"tag-sports"},"share_on_mastodon":{"url":"https:\/\/pubeurope.com\/@fr\/114789779436909045","error":""},"_links":{"self":[{"href":"https:\/\/www.europesays.com\/fr\/wp-json\/wp\/v2\/posts\/223312","targetHints":{"allow":["GET"]}}],"collection":[{"href":"https:\/\/www.europesays.com\/fr\/wp-json\/wp\/v2\/posts"}],"about":[{"href":"https:\/\/www.europesays.com\/fr\/wp-json\/wp\/v2\/types\/post"}],"author":[{"embeddable":true,"href":"https:\/\/www.europesays.com\/fr\/wp-json\/wp\/v2\/users\/2"}],"replies":[{"embeddable":true,"href":"https:\/\/www.europesays.com\/fr\/wp-json\/wp\/v2\/comments?post=223312"}],"version-history":[{"count":0,"href":"https:\/\/www.europesays.com\/fr\/wp-json\/wp\/v2\/posts\/223312\/revisions"}],"wp:featuredmedia":[{"embeddable":true,"href":"https:\/\/www.europesays.com\/fr\/wp-json\/wp\/v2\/media\/223313"}],"wp:attachment":[{"href":"https:\/\/www.europesays.com\/fr\/wp-json\/wp\/v2\/media?parent=223312"}],"wp:term":[{"taxonomy":"category","embeddable":true,"href":"https:\/\/www.europesays.com\/fr\/wp-json\/wp\/v2\/categories?post=223312"},{"taxonomy":"post_tag","embeddable":true,"href":"https:\/\/www.europesays.com\/fr\/wp-json\/wp\/v2\/tags?post=223312"}],"curies":[{"name":"wp","href":"https:\/\/api.w.org\/{rel}","templated":true}]}}