{"id":223318,"date":"2025-07-03T14:31:10","date_gmt":"2025-07-03T14:31:10","guid":{"rendered":"https:\/\/www.europesays.com\/fr\/223318\/"},"modified":"2025-07-03T14:31:10","modified_gmt":"2025-07-03T14:31:10","slug":"cyclisme-route-de-nouvelles-mesures-pour-la-securite-des-coureurs-en-test-en-fin-de-saison","status":"publish","type":"post","link":"https:\/\/www.europesays.com\/fr\/223318\/","title":{"rendered":"Cyclisme. Route &#8211; De nouvelles mesures pour la s\u00e9curit\u00e9 des coureurs en test en fin de saison"},"content":{"rendered":"<p>Avec un grand nombre de chutes et d&rsquo;accidents graves chaque ann\u00e9e (297 depuis 6 mois selon SafeR), \u00ab\u00a0La s\u00e9curit\u00e9 des coureurs reste une priorit\u00e9 importante pour l&rsquo;UCI et tous les acteurs du cyclisme\u00a0\u00bb\u00a0indique <strong><a href=\"https:\/\/www.cyclismactu.net\/..\/news-sport-route-david-lappartient-n-est-plus-president-du-cnosf-mais-reste-a-uci-88455.html\" target=\"_blank\" rel=\"nofollow noopener\">David Lappartient<\/a><\/strong>, le pr\u00e9sident de l&rsquo;<strong>Union Cycliste Internationale<\/strong>. Dans le but de renforcer la s\u00e9curit\u00e9 des coureurs en course, l&rsquo;<strong>UCI <\/strong>a donc annoncer de nouvelles mesures qui seront en phase de tests sur certaines courses de fin de saison. Ainsi, \u00e0 l&rsquo;instar de ce que l&rsquo;on a pu voir lors des derniers <strong>Tour de Suisse <\/strong>et <strong>Tour de Suisse Women<\/strong>, l&rsquo;<strong>UCI<\/strong> a annonc\u00e9 mener un projet pour introduire un syst\u00e8me de suivi des coureurs lors des prochains <strong><a href=\"https:\/\/www.cyclismactu.net\/..\/news-championnats-du-monde-route-la-delegation-belge-ne-fera-pas-impasse-sur-rwanda-88205.html\" target=\"_blank\" rel=\"nofollow noopener\">Championnats du Monde<\/a><\/strong>, au Rwanda.<\/p>\n<p>Vid\u00e9o &#8211; Qui pour succ\u00e9der \u00e0 Tadej Pogacar sur les mondiaux ? Lire la suite de l&rsquo;article&#13;<\/p>\n<p>\u00a0<\/p>\n<p>&#13;<br \/>\nDes tests au Rwanda et en Chine&#13;<\/p>\n<p>Avec ce syst\u00e8me de suivi GPS lors des courses, les organisateurs pourront plus facilement rep\u00e9rer les coureurs et pr\u00e9venir les centres de s\u00e9curit\u00e9 en cas de signaux anormaux, permettant ainsi une intervention plus rapide. Les prochains <strong>Championnats du Monde<\/strong>, du 21 au 28 septembre au Rwanda, serviront ainsi de tests \u00e0 grande \u00e9chelle afin de potentiellement \u00e9largir ensuite cette mesure \u00e0 toutes les courses du calendrier.<\/p>\n<p>&#13;<\/p>\n<p>Mais ce n&rsquo;est pas la seule mesure qui a \u00e9t\u00e9 annonc\u00e9e par l&rsquo;UCI, puisqu&rsquo;elle a \u00e9galement d\u00e9cid\u00e9 d&rsquo;exp\u00e9rimenter des limites de braquets pour \u00e9viter au maximum les vitesses extr\u00eames des coureurs. Ces tests se feront sur le prochain <strong>Tour de Guangxi<\/strong>\u00a0o\u00f9 les v\u00e9los seront contr\u00f4l\u00e9s avant chaque \u00e9tape pour limiter les braquets \u00e0 54 x 11, soit\u00a010,46 m\u00e8tres par tour de manivelle, et seront suivis par une enqu\u00eate aupr\u00e8s des principaux concern\u00e9s, les cyclistes, afin d&rsquo;avoir des retours sur l&rsquo;exp\u00e9rimentation, avant d&rsquo;effectuer potentiellement d&rsquo;autres tests en 2026.<\/p>\n","protected":false},"excerpt":{"rendered":"Avec un grand nombre de chutes et d&rsquo;accidents graves chaque ann\u00e9e (297 depuis 6 mois selon SafeR), \u00ab\u00a0La&hellip;\n","protected":false},"author":2,"featured_media":223319,"comment_status":"","ping_status":"","sticky":false,"template":"","format":"standard","meta":{"footnotes":""},"categories":[1411],"tags":[1154,207,211,1011,27,209,60,210,212,208,213],"class_list":{"0":"post-223318","1":"post","2":"type-post","3":"status-publish","4":"format-standard","5":"has-post-thumbnail","7":"category-cyclisme","8":"tag-cycling","9":"tag-cyclisme","10":"tag-ffc","11":"tag-fr","12":"tag-france","13":"tag-route","14":"tag-sports","15":"tag-tour-de-france","16":"tag-uci","17":"tag-velo","18":"tag-world-tour"},"share_on_mastodon":{"url":"","error":""},"_links":{"self":[{"href":"https:\/\/www.europesays.com\/fr\/wp-json\/wp\/v2\/posts\/223318","targetHints":{"allow":["GET"]}}],"collection":[{"href":"https:\/\/www.europesays.com\/fr\/wp-json\/wp\/v2\/posts"}],"about":[{"href":"https:\/\/www.europesays.com\/fr\/wp-json\/wp\/v2\/types\/post"}],"author":[{"embeddable":true,"href":"https:\/\/www.europesays.com\/fr\/wp-json\/wp\/v2\/users\/2"}],"replies":[{"embeddable":true,"href":"https:\/\/www.europesays.com\/fr\/wp-json\/wp\/v2\/comments?post=223318"}],"version-history":[{"count":0,"href":"https:\/\/www.europesays.com\/fr\/wp-json\/wp\/v2\/posts\/223318\/revisions"}],"wp:featuredmedia":[{"embeddable":true,"href":"https:\/\/www.europesays.com\/fr\/wp-json\/wp\/v2\/media\/223319"}],"wp:attachment":[{"href":"https:\/\/www.europesays.com\/fr\/wp-json\/wp\/v2\/media?parent=223318"}],"wp:term":[{"taxonomy":"category","embeddable":true,"href":"https:\/\/www.europesays.com\/fr\/wp-json\/wp\/v2\/categories?post=223318"},{"taxonomy":"post_tag","embeddable":true,"href":"https:\/\/www.europesays.com\/fr\/wp-json\/wp\/v2\/tags?post=223318"}],"curies":[{"name":"wp","href":"https:\/\/api.w.org\/{rel}","templated":true}]}}