{"id":223320,"date":"2025-07-03T14:32:10","date_gmt":"2025-07-03T14:32:10","guid":{"rendered":"https:\/\/www.europesays.com\/fr\/223320\/"},"modified":"2025-07-03T14:32:10","modified_gmt":"2025-07-03T14:32:10","slug":"le-real-madrid-na-plus-le-choix-le-psg-va-soffrir-une-star-de-xabi-alonso","status":"publish","type":"post","link":"https:\/\/www.europesays.com\/fr\/223320\/","title":{"rendered":"Le Real Madrid n\u2019a plus le choix, le PSG va s\u2019offrir une star de Xabi Alonso"},"content":{"rendered":"<p data-testid=\"article-teaser\">Luis Enrique en veut un de plus en attaque. Et c\u2019est du c\u00f4t\u00e9 de Madrid que le PSG pourrait frapper fort avec un nom qui va faire parler.<\/p>\n<p>Tous les deux pr\u00e9sents aux Etats-Unis pour la Coupe du monde des clubs, le Real Madrid et le Paris Saint-Germain scrutent le mercato, m\u00eame s\u2019ils ne perdent pas de vue l\u2019objectif principal de leur venue dans le pays de l\u2019Oncle Sam\u00a0: repartir avec le troph\u00e9e de cette premi\u00e8re \u00e9dition \u00e9largie du tournoi. Pendant ce temps, <a href=\"https:\/\/www.goal.com\/fr\/listes\/desire-doue-etincelant-un-psg-hyper-realiste-ecrase-l-inter-milan-et-monte-sur-le-toit-de-l-europe-5-0\/blt2bc539db22142d1a\" target=\"_self\" rel=\"noopener\">le club champion d\u2019Europe<\/a> veut faire ses emplettes chez <a href=\"https:\/\/www.goal.com\/fr\/news\/c-est-fait-kylian-mbappe-est-un-joueur-du-real-madrid\/blt7f20259e3518820b\" target=\"_self\" rel=\"noopener\">le Rival, qui lui a arrach\u00e9 Kylian Mbapp\u00e9 gratuitement l\u2019\u00e9t\u00e9 dernier<\/a>.<\/p>\n<p><a href=\"https:\/\/dazn.prf.hn\/click\/camref:1011lG4NZ\/destination:https:\/\/www.dazn.com\/competition\/Competition:dc4k1xh2984zbypbnunk7ncic\" target=\"_blank\" class=\"affiliate-button\" rel=\"noopener\"><img loading=\"lazy\" decoding=\"async\" src=\"https:\/\/www.europesays.com\/fr\/wp-content\/uploads\/2025\/04\/DAZN.png\" width=\"72\" height=\"40\" alt=\"logo\" class=\"affiliate-logo\"\/>Regarder la Coupe du Monde des Clubs 2025 sur DAZN<\/p>\n<p>Regardez maintenant<\/p>\n<p><\/a>L&rsquo;article continue ci-dessous<\/p>\n","protected":false},"excerpt":{"rendered":"Luis Enrique en veut un de plus en attaque. Et c\u2019est du c\u00f4t\u00e9 de Madrid que le PSG&hellip;\n","protected":false},"author":2,"featured_media":223321,"comment_status":"","ping_status":"","sticky":false,"template":"","format":"standard","meta":{"footnotes":""},"categories":[1410],"tags":[4782,5696,18645,28918,63,1011,27,921,91,36231,4790,36230,22693,60,36229],"class_list":{"0":"post-223320","1":"post","2":"type-post","3":"status-publish","4":"format-standard","5":"has-post-thumbnail","7":"category-football","8":"tag-bayern-munich","9":"tag-borussia-dortmund","10":"tag-coupe-du-monde-des-clubs-fifa","11":"tag-fifa-club-world-cup","12":"tag-football","13":"tag-fr","14":"tag-france","15":"tag-luis-enrique","16":"tag-paris-saint-germain","17":"tag-paris-saint-germain-vs-bayern-munich","18":"tag-real-madrid","19":"tag-real-madrid-vs-borussia-dortmund","20":"tag-rodrygo","21":"tag-sports","22":"tag-x-alonso"},"share_on_mastodon":{"url":"https:\/\/pubeurope.com\/@fr\/114789793467276375","error":""},"_links":{"self":[{"href":"https:\/\/www.europesays.com\/fr\/wp-json\/wp\/v2\/posts\/223320","targetHints":{"allow":["GET"]}}],"collection":[{"href":"https:\/\/www.europesays.com\/fr\/wp-json\/wp\/v2\/posts"}],"about":[{"href":"https:\/\/www.europesays.com\/fr\/wp-json\/wp\/v2\/types\/post"}],"author":[{"embeddable":true,"href":"https:\/\/www.europesays.com\/fr\/wp-json\/wp\/v2\/users\/2"}],"replies":[{"embeddable":true,"href":"https:\/\/www.europesays.com\/fr\/wp-json\/wp\/v2\/comments?post=223320"}],"version-history":[{"count":0,"href":"https:\/\/www.europesays.com\/fr\/wp-json\/wp\/v2\/posts\/223320\/revisions"}],"wp:featuredmedia":[{"embeddable":true,"href":"https:\/\/www.europesays.com\/fr\/wp-json\/wp\/v2\/media\/223321"}],"wp:attachment":[{"href":"https:\/\/www.europesays.com\/fr\/wp-json\/wp\/v2\/media?parent=223320"}],"wp:term":[{"taxonomy":"category","embeddable":true,"href":"https:\/\/www.europesays.com\/fr\/wp-json\/wp\/v2\/categories?post=223320"},{"taxonomy":"post_tag","embeddable":true,"href":"https:\/\/www.europesays.com\/fr\/wp-json\/wp\/v2\/tags?post=223320"}],"curies":[{"name":"wp","href":"https:\/\/api.w.org\/{rel}","templated":true}]}}