{"id":223324,"date":"2025-07-03T14:34:08","date_gmt":"2025-07-03T14:34:08","guid":{"rendered":"https:\/\/www.europesays.com\/fr\/223324\/"},"modified":"2025-07-03T14:34:08","modified_gmt":"2025-07-03T14:34:08","slug":"cet-architecte-sest-recemment-installe-a-cherbourg","status":"publish","type":"post","link":"https:\/\/www.europesays.com\/fr\/223324\/","title":{"rendered":"Cet architecte s&rsquo;est r\u00e9cemment install\u00e9 \u00e0 Cherbourg"},"content":{"rendered":"<p>            Par<br \/>\n        <strong><br \/>\n            <a href=\"https:\/\/actu.fr\/auteur\/redaction-pressemanche\" title=\"Consulter tous les articles de R\u00e9daction La Presse de la Manche\" rel=\"nofollow noopener\" target=\"_blank\">R\u00e9daction La Presse de la Manche<\/a><br \/>\n        <\/strong><\/p>\n<p>        Publi\u00e9 le<\/p>\n<p>            3 juil. 2025 \u00e0 12h46        <\/p>\n<p data-end=\"762\">Le mot \u00ab architecte \u00bb est souvent utilis\u00e9 \u00e0 tort et \u00e0 travers : architecte d\u2019int\u00e9rieur, naval, informatique\u2026 Pourtant, dans le domaine du b\u00e2timent, ce titre est strictement encadr\u00e9. Pour concevoir des projets publics ou priv\u00e9s, il faut \u00eatre <b>dipl\u00f4m\u00e9 d\u2019\u00c9tat<\/b> (DPLG ou HMONP) et <b>inscrit \u00e0 l\u2019Ordre des architectes.<\/b><\/p>\n<p data-end=\"861\" class=\" wall-content\">R\u00e9cemment install\u00e9 \u00e0 <a href=\"https:\/\/actu.fr\/normandie\/cherbourg-en-cotentin_50129\" rel=\"nofollow noopener\" target=\"_blank\">Cherbourg<\/a> (Manche), <b>Mathias Anquetil<\/b> exerce ce m\u00e9tier depuis <b>pr\u00e8s de vingt ans.<\/b><\/p>\n<p data-end=\"1248\" class=\" wall-content\">Dipl\u00f4m\u00e9 de l\u2019\u00c9cole d\u2019architecture de Versailles apr\u00e8s six ann\u00e9es d\u2019\u00e9tudes, Mathias commence sa carri\u00e8re dans plusieurs agences de la Manche. <b>En 2009,<\/b> il d\u00e9cide de se lancer \u00e0 son compte \u00e0 <a href=\"https:\/\/actu.fr\/normandie\/granville_50218\" rel=\"nofollow noopener\" target=\"_blank\">Granville<\/a>, avant de cr\u00e9er sa propre soci\u00e9t\u00e9 en<b> 2011.<\/b><\/p>\n<p>Entour\u00e9 de partenaires sp\u00e9cialis\u00e9s<\/p>\n<p data-end=\"1410\" class=\" wall-content\">Aujourd\u2019hui, il travaille seul, mais s\u2019entoure <b>de partenaires sp\u00e9cialis\u00e9s <\/b>pour chaque projet : bureaux d\u2019\u00e9tudes, \u00e9conomistes de la construction, urbanistes\u2026 \u00ab Travailler en \u00e9quipe, c\u2019est essentiel. Cela enrichit les projets et garantit leur qualit\u00e9. \u00bb<\/p>\n<p data-end=\"1726\" class=\" wall-content\">L\u2019architecte est<b> le chef d\u2019orchestre d\u2019un projet. <\/b>Il accompagne le client \u00e0 chaque \u00e9tape : conception, mise au point technique, choix des entreprises, suivi de chantier. \u00ab Nous cr\u00e9ons \u00e0 partir de z\u00e9ro, en tenant compte des besoins, des contraintes et des envies. Le projet se construit en<b> trois temps <\/b>: l\u2019id\u00e9e, la technique, la r\u00e9alisation. \u00bb<\/p>\n<p data-end=\"1959\" class=\" wall-content\">Mathias insiste sur <b>l\u2019importance du sur-mesure<\/b> : \u00ab Chaque projet est unique. Mon r\u00f4le est d\u2019assurer une coh\u00e9rence globale, du premier croquis jusqu\u2019\u00e0 la r\u00e9ception finale \u00bb.<\/p>\n<p>Vid\u00e9os : en ce moment sur ActuUn art total<\/p>\n<p data-end=\"2418\" class=\" wall-content\">Depuis son installation \u00e0 Cherbourg, il a men\u00e9 plusieurs chantiers : r\u00e9habilitation d\u2019immeubles \u00e0 <a href=\"https:\/\/actu.fr\/tag\/equeurdreville-hainneville\" rel=\"nofollow noopener\" target=\"_blank\">\u00c9queurdreville<\/a>, r\u00e9novation d\u2019une agence bancaire \u00e0 <a href=\"https:\/\/actu.fr\/tag\/tourlaville\" rel=\"nofollow noopener\" target=\"_blank\">Tourlaville<\/a>, construction de maisons individuelles\u2026 Il travaille aussi sur des projets d\u2019isolation thermique par l\u2019ext\u00e9rieur, en r\u00e9ponse aux enjeux \u00e9nerg\u00e9tiques actuels.<\/p>\n<p data-end=\"2558\" class=\" wall-content\"><b>Musicien et dessinateur, <\/b>notre homme voit dans l\u2019architecture <b>un art total.<\/b> \u00ab \u00c0 chaque projet, je fais face \u00e0 de nombreuses difficult\u00e9s, mais l\u2019objectif \u00e0 atteindre reste une source de motivation constante. En tant qu\u2019architectes, nous avons souvent pour mission de cr\u00e9er \u00e0 partir de rien. Cela implique d\u2019analyser les demandes, les contraintes, les besoins et les envies du client, puis de synth\u00e9tiser toutes ces informations pour concevoir un b\u00e2timent qui leur corresponde pleinement. Et tout cela, en veillant \u00e0 pr\u00e9server une <b>part d\u2019esth\u00e9tisme et d\u2019\u00e9merveillement. \u00bb<\/b><\/p>\n<p data-end=\"2558\" class=\" wall-content\"><b>De notre correspondant Maryline CHOLOT<\/b><\/p>\n<p>Plus d\u2019infos : Architecture Mouvement, 4-6, avenue Louis-Lumi\u00e8re, sur <a href=\"https:\/\/actu.fr\/cdn-cgi\/l\/email-protection\" class=\"__cf_email__\" data-cfemail=\"adccdfcec5c4d9c8ced9d8dfc883c0c2d8dbc8c0c8c3d9eddecbdf83cbdf\" rel=\"nofollow noopener\" target=\"_blank\">[email\u00a0protected]<\/a><\/p>\n<p class=\" wall-content\">Suivez toute l\u2019actualit\u00e9 de vos villes et m\u00e9dias favoris en vous inscrivant \u00e0 <a href=\"https:\/\/moncompte.actu.fr\" title=\"D\u00e9couvez Mon Actu\" rel=\"nofollow noopener\" data-trk=\"{&quot;cta&quot;:{&quot;action&quot;:&quot;https:\\\/\\\/moncompte.actu.fr&quot;,&quot;category&quot;:&quot;mon compte&quot;,&quot;from&quot;:&quot;article footer&quot;,&quot;name&quot;:&quot;Mon actu&quot;,&quot;type&quot;:&quot;cta&quot;}}\" target=\"_blank\">Mon Actu<\/a>.<\/p>\n","protected":false},"excerpt":{"rendered":"Par R\u00e9daction La Presse de la Manche Publi\u00e9 le 3 juil. 2025 \u00e0 12h46 Le mot \u00ab architecte&hellip;\n","protected":false},"author":2,"featured_media":223325,"comment_status":"","ping_status":"","sticky":false,"template":"","format":"standard","meta":{"footnotes":""},"categories":[1358],"tags":[1477,1348,1384,1385,33304,3168,1386,58,33,59,1011,27],"class_list":{"0":"post-223324","1":"post","2":"type-post","3":"status-publish","4":"format-standard","5":"has-post-thumbnail","7":"category-arts-et-design","8":"tag-artisanat","9":"tag-arts","10":"tag-arts-and-design","11":"tag-arts-et-design","12":"tag-commerces-a-cherbourg","13":"tag-cotentin","14":"tag-design","15":"tag-divertissement","16":"tag-economie","17":"tag-entertainment","18":"tag-fr","19":"tag-france"},"share_on_mastodon":{"url":"https:\/\/pubeurope.com\/@fr\/114789801234379691","error":""},"_links":{"self":[{"href":"https:\/\/www.europesays.com\/fr\/wp-json\/wp\/v2\/posts\/223324","targetHints":{"allow":["GET"]}}],"collection":[{"href":"https:\/\/www.europesays.com\/fr\/wp-json\/wp\/v2\/posts"}],"about":[{"href":"https:\/\/www.europesays.com\/fr\/wp-json\/wp\/v2\/types\/post"}],"author":[{"embeddable":true,"href":"https:\/\/www.europesays.com\/fr\/wp-json\/wp\/v2\/users\/2"}],"replies":[{"embeddable":true,"href":"https:\/\/www.europesays.com\/fr\/wp-json\/wp\/v2\/comments?post=223324"}],"version-history":[{"count":0,"href":"https:\/\/www.europesays.com\/fr\/wp-json\/wp\/v2\/posts\/223324\/revisions"}],"wp:featuredmedia":[{"embeddable":true,"href":"https:\/\/www.europesays.com\/fr\/wp-json\/wp\/v2\/media\/223325"}],"wp:attachment":[{"href":"https:\/\/www.europesays.com\/fr\/wp-json\/wp\/v2\/media?parent=223324"}],"wp:term":[{"taxonomy":"category","embeddable":true,"href":"https:\/\/www.europesays.com\/fr\/wp-json\/wp\/v2\/categories?post=223324"},{"taxonomy":"post_tag","embeddable":true,"href":"https:\/\/www.europesays.com\/fr\/wp-json\/wp\/v2\/tags?post=223324"}],"curies":[{"name":"wp","href":"https:\/\/api.w.org\/{rel}","templated":true}]}}