{"id":223330,"date":"2025-07-03T14:37:10","date_gmt":"2025-07-03T14:37:10","guid":{"rendered":"https:\/\/www.europesays.com\/fr\/223330\/"},"modified":"2025-07-03T14:37:10","modified_gmt":"2025-07-03T14:37:10","slug":"absent-depuis-bientot-une-decennie-jean-jacques-goldman-va-bientot-faire-son-retour-a-la-television","status":"publish","type":"post","link":"https:\/\/www.europesays.com\/fr\/223330\/","title":{"rendered":"Absent depuis bient\u00f4t une d\u00e9cennie, Jean-Jacques Goldman va bient\u00f4t faire son retour \u00e0 la t\u00e9l\u00e9vision"},"content":{"rendered":"<p class=\"paragraph text_align_left lp-f-body-02\">Neuf ans apr\u00e8s s\u2019\u00eatre retir\u00e9 de la vie publique, Jean-Jacques Goldman fait son grand retour sur les \u00e9crans avec une apparition in\u00e9dite dans un documentaire qui sera diffus\u00e9 la saison prochaine en prime time sur TF1, r\u00e9v\u00e8le <a href=\"https:\/\/www.ozap.com\/actu\/il-nous-a-accorde-une-heure-jean-jacques-goldman-va-faire-son-grand-retour-sur-tf1-lors-dun-prime-time-evenement-sur-les-enfoires\/650649\" target=\"_self\" rel=\"nofollow noopener\">PureM\u00e9dias<\/a>.<\/p>\n<p class=\"paragraph text_align_left lp-f-body-02\">L\u2019occasion de revenir sur l\u2019histoire des Enfoir\u00e9s, en particulier sur l\u2019\u00e9criture de la mythique \u00ab Chanson des Restos \u00bb, sortie en 1986, compos\u00e9e \u00e0 la demande de Coluche.<\/p>\n<p class=\"paragraph text_align_left lp-f-body-02\">Il y a quelques mois, le chanteur pr\u00e9f\u00e9r\u00e9 des Fran\u00e7ais <a href=\"https:\/\/www.leparisien.fr\/culture-loisirs\/musique\/jean-jacques-goldman-a-ecrit-une-chanson-pour-le-concert-solidaire-du-bleuet-de-france-25-03-2025-TSZUTGQZ3FB6TADZCOF5TULOYA.php\" target=\"_self\" rel=\"nofollow noopener\">\u00e9tait sorti de sa retraite artistique pour \u00e9crire une chanson<\/a> pour le concert solidaire \u00ab Sentinelles d\u2019un soir \u00bb, qui s\u2019est d\u00e9roul\u00e9 le 10 avril \u00e0 Paris. Elle avait interpr\u00e9t\u00e9e par deux artistes li\u00e9s au Bleuet de France, Elo\u00efz et Yvard.<\/p>\n<p>Une soir\u00e9e pleine d\u2019\u00e9motion<\/p>\n<p class=\"paragraph text_align_left lp-f-body-02\">Jean-Jacques Goldman, parrain et directeur artistique du spectacle jusqu\u2019en 2016, lorsqu\u2019il a annonc\u00e9 vouloir \u00ab passer la main \u00bb, ne sera \u00e9videmment pas seul dans ce documentaire. Une cinquantaine d\u2019autres intervenants sont aussi pr\u00e9sents, des choristes aux \u00e9quipes ayant suivi les tourn\u00e9es, ils raconteront les coulisses des \u00ab Enfoir\u00e9s \u00bb.<\/p>\n<p class=\"paragraph text_align_left lp-f-body-02\">Sur la m\u00eame p\u00e9riode sera aussidiffus\u00e9e sur TMC une soir\u00e9e sp\u00e9ciale \u00ab Vos 40 titres pr\u00e9f\u00e9r\u00e9s des Enfoir\u00e9s \u00bb, consacr\u00e9e \u00e0 l\u2019\u00e9lection de la chanson favorite par les abonn\u00e9es de la plate-forme TF1 +. De quoi promettre une nouvelle soir\u00e9e riche en \u00e9motions.<\/p>\n","protected":false},"excerpt":{"rendered":"Neuf ans apr\u00e8s s\u2019\u00eatre retir\u00e9 de la vie publique, Jean-Jacques Goldman fait son grand retour sur les \u00e9crans&hellip;\n","protected":false},"author":2,"featured_media":223331,"comment_status":"","ping_status":"","sticky":false,"template":"","format":"standard","meta":{"footnotes":""},"categories":[1355],"tags":[872,58,59,1011,27,1361,873],"class_list":{"0":"post-223330","1":"post","2":"type-post","3":"status-publish","4":"format-standard","5":"has-post-thumbnail","7":"category-musique","8":"tag-culture-et-loisirs","9":"tag-divertissement","10":"tag-entertainment","11":"tag-fr","12":"tag-france","13":"tag-music","14":"tag-musique"},"share_on_mastodon":{"url":"https:\/\/pubeurope.com\/@fr\/114789813015331851","error":""},"_links":{"self":[{"href":"https:\/\/www.europesays.com\/fr\/wp-json\/wp\/v2\/posts\/223330","targetHints":{"allow":["GET"]}}],"collection":[{"href":"https:\/\/www.europesays.com\/fr\/wp-json\/wp\/v2\/posts"}],"about":[{"href":"https:\/\/www.europesays.com\/fr\/wp-json\/wp\/v2\/types\/post"}],"author":[{"embeddable":true,"href":"https:\/\/www.europesays.com\/fr\/wp-json\/wp\/v2\/users\/2"}],"replies":[{"embeddable":true,"href":"https:\/\/www.europesays.com\/fr\/wp-json\/wp\/v2\/comments?post=223330"}],"version-history":[{"count":0,"href":"https:\/\/www.europesays.com\/fr\/wp-json\/wp\/v2\/posts\/223330\/revisions"}],"wp:featuredmedia":[{"embeddable":true,"href":"https:\/\/www.europesays.com\/fr\/wp-json\/wp\/v2\/media\/223331"}],"wp:attachment":[{"href":"https:\/\/www.europesays.com\/fr\/wp-json\/wp\/v2\/media?parent=223330"}],"wp:term":[{"taxonomy":"category","embeddable":true,"href":"https:\/\/www.europesays.com\/fr\/wp-json\/wp\/v2\/categories?post=223330"},{"taxonomy":"post_tag","embeddable":true,"href":"https:\/\/www.europesays.com\/fr\/wp-json\/wp\/v2\/tags?post=223330"}],"curies":[{"name":"wp","href":"https:\/\/api.w.org\/{rel}","templated":true}]}}