{"id":223346,"date":"2025-07-03T14:45:11","date_gmt":"2025-07-03T14:45:11","guid":{"rendered":"https:\/\/www.europesays.com\/fr\/223346\/"},"modified":"2025-07-03T14:45:11","modified_gmt":"2025-07-03T14:45:11","slug":"lessayiste-et-chroniqueur-laurent-kupferman-retrouve-mort-a-fontainebleau-deux-hommes-en-garde-a-vue","status":"publish","type":"post","link":"https:\/\/www.europesays.com\/fr\/223346\/","title":{"rendered":"L\u2019essayiste et chroniqueur Laurent Kupferman retrouv\u00e9 mort \u00e0 Fontainebleau, deux hommes en garde \u00e0 vue"},"content":{"rendered":"<p class=\"paragraph text_align_left lp-f-body-02\">Une figure du monde culturel s\u2019est \u00e9teinte de fa\u00e7on brutale. Essayiste, consultant en communication et chroniqueur dans divers m\u00e9dias, franc-ma\u00e7on engag\u00e9 au sein du Grand Orient de France, Laurent Kupferman est d\u00e9c\u00e9d\u00e9 mercredi 2 juillet au matin \u00e0 <a href=\"https:\/\/www.leparisien.fr\/seine-et-marne-77\/fontainebleau-77300\/\" target=\"_self\" rel=\"nofollow noopener\">Fontainebleau<\/a> (Seine-et-Marne) dans des circonstances qui restent \u00e0 d\u00e9terminer.<\/p>\n<p class=\"paragraph text_align_left lp-f-body-02\">Deux hommes se trouvaient avec lui dans un logement d\u2019une des rues principales du centre-ville de Fontainebleau. Selon nos informations, ils auraient tous les trois consomm\u00e9 des drogues de synth\u00e8se durant la nuit. Vers 8 heures, les deux autres hommes ont trouv\u00e9 Laurent Kupferman inanim\u00e9. Ils auraient tent\u00e9 un massage cardiaque tout en alertant les secours. Ces deux hommes, \u00e2g\u00e9s de 39 et 58 ans, ont \u00e9t\u00e9 plac\u00e9s en garde \u00e0 vue au commissariat de police de Fontainebleau.<\/p>\n","protected":false},"excerpt":{"rendered":"Une figure du monde culturel s\u2019est \u00e9teinte de fa\u00e7on brutale. Essayiste, consultant en communication et chroniqueur dans divers&hellip;\n","protected":false},"author":2,"featured_media":223347,"comment_status":"","ping_status":"","sticky":false,"template":"","format":"standard","meta":{"footnotes":""},"categories":[4],"tags":[11,118,1011,27,1944,12,25,1937],"class_list":{"0":"post-223346","1":"post","2":"type-post","3":"status-publish","4":"format-standard","5":"has-post-thumbnail","7":"category-france","8":"tag-actualites","9":"tag-faits-divers","10":"tag-fr","11":"tag-france","12":"tag-ma-ville","13":"tag-news","14":"tag-republique-francaise","15":"tag-seine-et-marne"},"share_on_mastodon":{"url":"https:\/\/pubeurope.com\/@fr\/114789844539561597","error":""},"_links":{"self":[{"href":"https:\/\/www.europesays.com\/fr\/wp-json\/wp\/v2\/posts\/223346","targetHints":{"allow":["GET"]}}],"collection":[{"href":"https:\/\/www.europesays.com\/fr\/wp-json\/wp\/v2\/posts"}],"about":[{"href":"https:\/\/www.europesays.com\/fr\/wp-json\/wp\/v2\/types\/post"}],"author":[{"embeddable":true,"href":"https:\/\/www.europesays.com\/fr\/wp-json\/wp\/v2\/users\/2"}],"replies":[{"embeddable":true,"href":"https:\/\/www.europesays.com\/fr\/wp-json\/wp\/v2\/comments?post=223346"}],"version-history":[{"count":0,"href":"https:\/\/www.europesays.com\/fr\/wp-json\/wp\/v2\/posts\/223346\/revisions"}],"wp:featuredmedia":[{"embeddable":true,"href":"https:\/\/www.europesays.com\/fr\/wp-json\/wp\/v2\/media\/223347"}],"wp:attachment":[{"href":"https:\/\/www.europesays.com\/fr\/wp-json\/wp\/v2\/media?parent=223346"}],"wp:term":[{"taxonomy":"category","embeddable":true,"href":"https:\/\/www.europesays.com\/fr\/wp-json\/wp\/v2\/categories?post=223346"},{"taxonomy":"post_tag","embeddable":true,"href":"https:\/\/www.europesays.com\/fr\/wp-json\/wp\/v2\/tags?post=223346"}],"curies":[{"name":"wp","href":"https:\/\/api.w.org\/{rel}","templated":true}]}}