{"id":22335,"date":"2025-04-13T14:03:08","date_gmt":"2025-04-13T14:03:08","guid":{"rendered":"https:\/\/www.europesays.com\/fr\/22335\/"},"modified":"2025-04-13T14:03:08","modified_gmt":"2025-04-13T14:03:08","slug":"girondins-seul-ou-accompagne-sil-faut-rester-comme-ca-on-restera-comme-ca-declare-gerard-lopez","status":"publish","type":"post","link":"https:\/\/www.europesays.com\/fr\/22335\/","title":{"rendered":"Girondins : \u00ab\u00a0Seul ou accompagn\u00e9 s\u2019il faut rester comme \u00e7a, on restera comme \u00e7a,\u00a0\u00bb d\u00e9clare G\u00e9rard Lopez"},"content":{"rendered":"<p><img decoding=\"async\" src=\"https:\/\/www.europesays.com\/fr\/wp-content\/uploads\/2025\/04\/671_aea9086e1a8077efffb90c16b5c60359.jpg\" alt=\"Girondins : &quot;Seul ou accompagn\u00e9 s\u2019il faut rester comme \u00e7a, on restera comme \u00e7a,&quot; d\u00e9clare G\u00e9rard Lopez\" class=\"img-responsive mt-3\"\/><\/p>\n<p class=\"text-center mb-3\" style=\"font-size: 14px\">\u00a9 Iconsport<\/p>\n<p style=\"text-align: justify;\">Apr\u00e8s avoir ni\u00e9 une <a href=\"https:\/\/www.webgirondins.com\/actualite-girondins-girondins-gerard-lopez-nie-toute-offre-d-oliver-kahn-pour-bordeaux-128711\" target=\"_blank\" rel=\"noopener nofollow\">offre avec preuve de fonds fournie par Oliver Kahn et son associ\u00e9 pour Bordeaux<\/a>, il explique qu&rsquo;il est pr\u00eat \u00e0 rester seul aux commandes des Girondins de Bordeaux. Extraits.<\/p>\n<p style=\"text-align: justify;\">G\u00e9rard Lopez avec les images de Foreverlaradio : \u00ab\u00a0En termes de plan d&rsquo;affaires, on a pr\u00e9vu deux saisons dans chaque division. On ne d\u00e9pense pas 40M\u20ac par saison. Donc, seul ou accompagn\u00e9 s\u2019il faut rester comme \u00e7a, on restera comme \u00e7a. On doit passer par une s\u00e9ance devant le tribunal de commerce pour d\u00e9finir la valeur de la dette. C&rsquo;est le 27 mai.\u00a0\u00bb<\/p>\n<p style=\"text-align: justify;\">Sa d\u00e9claration complt\u00e8te :<\/p>\n<p>\u00a0<\/p>\n<p>\u00c0 voir aussi &gt;&gt; <strong><a href=\"https:\/\/www.webgirondins.com\/actualite-girondins-le-debrief-a-chaud-de-bordeaux-saint-malo-1-0-128709\" target=\"_blank\" rel=\"noopener nofollow\">Le D\u00e9brief \u00e0 Chaud de Bordeaux-Saint-Malo (1-0)<\/a><\/strong><\/p>\n<p style=\"text-align: justify;\">\u00a0<\/p>\n","protected":false},"excerpt":{"rendered":"\u00a9 Iconsport Apr\u00e8s avoir ni\u00e9 une offre avec preuve de fonds fournie par Oliver Kahn et son associ\u00e9&hellip;\n","protected":false},"author":2,"featured_media":22336,"comment_status":"","ping_status":"","sticky":false,"template":"","format":"standard","meta":{"footnotes":""},"categories":[9],"tags":[8289,1997,5244,1993,8293,8300,2823,8290,1011,27,8296,8294,1987,8299,8295,6073,955,4919,8297,1426,8298,8291,8292,3213,8288,60,7262],"class_list":{"0":"post-22335","1":"post","2":"type-post","3":"status-publish","4":"format-standard","5":"has-post-thumbnail","7":"category-sports","8":"tag-accompagne","9":"tag-bordeaux","10":"tag-club","11":"tag-comme","12":"tag-declare","13":"tag-devenir","14":"tag-face","15":"tag-faut","16":"tag-fr","17":"tag-france","18":"tag-gagne","19":"tag-gerard","20":"tag-girondins","21":"tag-journalistes","22":"tag-lopez","23":"tag-malo","24":"tag-match","25":"tag-president","26":"tag-proprietaire","27":"tag-questions","28":"tag-repondu","29":"tag-rester","30":"tag-restera","31":"tag-saint","32":"tag-seul","33":"tag-sports","34":"tag-sujet"},"share_on_mastodon":{"url":"https:\/\/pubeurope.com\/@fr\/114331032369470450","error":""},"_links":{"self":[{"href":"https:\/\/www.europesays.com\/fr\/wp-json\/wp\/v2\/posts\/22335","targetHints":{"allow":["GET"]}}],"collection":[{"href":"https:\/\/www.europesays.com\/fr\/wp-json\/wp\/v2\/posts"}],"about":[{"href":"https:\/\/www.europesays.com\/fr\/wp-json\/wp\/v2\/types\/post"}],"author":[{"embeddable":true,"href":"https:\/\/www.europesays.com\/fr\/wp-json\/wp\/v2\/users\/2"}],"replies":[{"embeddable":true,"href":"https:\/\/www.europesays.com\/fr\/wp-json\/wp\/v2\/comments?post=22335"}],"version-history":[{"count":0,"href":"https:\/\/www.europesays.com\/fr\/wp-json\/wp\/v2\/posts\/22335\/revisions"}],"wp:featuredmedia":[{"embeddable":true,"href":"https:\/\/www.europesays.com\/fr\/wp-json\/wp\/v2\/media\/22336"}],"wp:attachment":[{"href":"https:\/\/www.europesays.com\/fr\/wp-json\/wp\/v2\/media?parent=22335"}],"wp:term":[{"taxonomy":"category","embeddable":true,"href":"https:\/\/www.europesays.com\/fr\/wp-json\/wp\/v2\/categories?post=22335"},{"taxonomy":"post_tag","embeddable":true,"href":"https:\/\/www.europesays.com\/fr\/wp-json\/wp\/v2\/tags?post=22335"}],"curies":[{"name":"wp","href":"https:\/\/api.w.org\/{rel}","templated":true}]}}