{"id":223350,"date":"2025-07-03T14:47:13","date_gmt":"2025-07-03T14:47:13","guid":{"rendered":"https:\/\/www.europesays.com\/fr\/223350\/"},"modified":"2025-07-03T14:47:13","modified_gmt":"2025-07-03T14:47:13","slug":"saint-etienne-ce-grand-parc-du-centre-va-se-metamorphoser-ce-qui-va-changer","status":"publish","type":"post","link":"https:\/\/www.europesays.com\/fr\/223350\/","title":{"rendered":"Saint-Etienne. Ce grand parc du centre va se m\u00e9tamorphoser : ce qui va changer"},"content":{"rendered":"<p>            Par<br \/>\n        <strong><br \/>\n            <a href=\"https:\/\/actu.fr\/auteur\/mathias-souteyrat\" title=\"Consulter tous les articles de Mathias Souteyrat\" target=\"_blank\" rel=\"noopener\">Mathias Souteyrat<\/a><br \/>\n        <\/strong><\/p>\n<p>        Publi\u00e9 le<\/p>\n<p>            3 juil. 2025 \u00e0 10h04        <\/p>\n<p>Lieu des r\u00e9cents \u00e9v\u00e9nements de la Fan zone de l\u2019Euro 2016 ou de la Coupe du monde de rugby en 2023, le parc Fran\u00e7ois-Mitterrand va se transformer \u00e0 <a href=\"https:\/\/actu.fr\/saint-etienne\/\" target=\"_blank\" rel=\"noopener\">Saint-Etienne<\/a> d\u2019ici \u00e0 2028. Voici les changements et \u00e0 quoi (bri\u00e8vement) il va ressembler.<\/p>\n<p class=\" wall-content\">Sur les 10 hectares du parc, six vont \u00eatre r\u00e9am\u00e9nag\u00e9s.<\/p>\n<p>D\u00e9molition du bowling et du si\u00e8ge des ambulances Davin<\/p>\n<p class=\" wall-content\">D\u00e9molition de b\u00e2timents en friche, r\u00e9am\u00e9nagement des espaces, plantation de pr\u00e8s de 450 arbres, en plus d\u2019arbustes et de plantes, pr\u00e9sence de l\u2019eau avec l\u2019installation d\u2019une fontaine ludique\u2026 le chantier de la Plaine Achille s\u2019annonce important.<\/p>\n<p>    <img   decoding=\"async\" loading=\"lazy\" src=\"https:\/\/www.europesays.com\/fr\/wp-content\/uploads\/2025\/07\/609401-apidae-fiche-slider-960x640.jpg\" alt=\"Le parc Fran\u00e7ois-Mitterrand \u00e0 Saint-Etienne.\" width=\"960\" height=\"640\"\/><br \/>\n    Le parc Fran\u00e7ois-Mitterrand \u00e0 Saint-Etienne. (\u00a9M\u00e9tropole de Saint-Etienne)<\/p>\n<p class=\" wall-content\">L\u2019ancien bowling a ainsi \u00e9t\u00e9 d\u00e9moli en 2024. \u00c0 c\u00f4t\u00e9, le b\u00e2timent de l\u2019ancien restaurant et ancienne salle de r\u00e9ception Le Flore est en cours de d\u00e9molition.<\/p>\n<p>Vid\u00e9os : en ce moment sur ActuFin des travaux en 2028<\/p>\n<p class=\" wall-content\">Le si\u00e8ge des ambulances Davin, c\u00f4t\u00e9 boulevard Thiers, va aussi dispara\u00eetre cet \u00e9t\u00e9.<\/p>\n<ul class=\" wall-content\">\n<li>Des espaces de convivialit\u00e9 seront cr\u00e9\u00e9s\u2009: tables de pique-nique, hamacs\u2026<\/li>\n<li>Des jeux pour enfants seront install\u00e9s, ainsi que des am\u00e9nagements ludiques et sportifs (tourniquets, balan\u00e7oires, trampoline, arbre \u00e0 basket\u2026).<\/li>\n<li>Les entr\u00e9es pour y acc\u00e9der, au nombre de quatre, seront plus visibles et leur signal\u00e9tique am\u00e9lior\u00e9e.<\/li>\n<\/ul>\n<blockquote class=\"ac-article-quote wall-content\">\n<p>Les cheminements au sein du parc seront aussi repens\u00e9s et l&rsquo;accessibilit\u00e9 am\u00e9lior\u00e9e pour les personnes \u00e0 mobilit\u00e9 r\u00e9duite. \u00c0 terme, l&rsquo;ambition est de le relier \u00e0 la Cit\u00e9 du design gr\u00e2ce \u00e0 des am\u00e9nagements effectu\u00e9s sur le boulevard Jules-Janin.<\/p>\n<p>    <strong>Ville de Saint-Etienne<\/strong>\n            <\/p><\/blockquote>\n<p class=\" wall-content\">Les travaux du parc \u00e0 proprement parler\u00a0d\u00e9buteront au printemps 2026. Ils devraient s\u2019achever \u00e0 horizon 2028.<\/p>\n<p class=\" wall-content\">Suivez toute l\u2019actualit\u00e9 de vos villes et m\u00e9dias favoris en vous inscrivant \u00e0 <a href=\"https:\/\/moncompte.actu.fr\" title=\"D\u00e9couvez Mon Actu\" rel=\"nofollow noopener\" data-trk=\"{&quot;cta&quot;:{&quot;action&quot;:&quot;https:\\\/\\\/moncompte.actu.fr&quot;,&quot;category&quot;:&quot;mon compte&quot;,&quot;from&quot;:&quot;article footer&quot;,&quot;name&quot;:&quot;Mon actu&quot;,&quot;type&quot;:&quot;cta&quot;}}\" target=\"_blank\">Mon Actu<\/a>.<\/p>\n","protected":false},"excerpt":{"rendered":"Par Mathias Souteyrat Publi\u00e9 le 3 juil. 2025 \u00e0 10h04 Lieu des r\u00e9cents \u00e9v\u00e9nements de la Fan zone&hellip;\n","protected":false},"author":2,"featured_media":223351,"comment_status":"","ping_status":"","sticky":false,"template":"","format":"standard","meta":{"footnotes":""},"categories":[9653],"tags":[1111,11,2430,1130,1777,674,1011,27,12,52,25,4001],"class_list":{"0":"post-223350","1":"post","2":"type-post","3":"status-publish","4":"format-standard","5":"has-post-thumbnail","7":"category-saint-etienne","8":"tag-actu","9":"tag-actualites","10":"tag-auvergne-rhone-alpes","11":"tag-biodiversite","12":"tag-eu","13":"tag-europe","14":"tag-fr","15":"tag-france","16":"tag-news","17":"tag-planete","18":"tag-republique-francaise","19":"tag-saint-etienne"},"share_on_mastodon":{"url":"https:\/\/pubeurope.com\/@fr\/114789852386294635","error":""},"_links":{"self":[{"href":"https:\/\/www.europesays.com\/fr\/wp-json\/wp\/v2\/posts\/223350","targetHints":{"allow":["GET"]}}],"collection":[{"href":"https:\/\/www.europesays.com\/fr\/wp-json\/wp\/v2\/posts"}],"about":[{"href":"https:\/\/www.europesays.com\/fr\/wp-json\/wp\/v2\/types\/post"}],"author":[{"embeddable":true,"href":"https:\/\/www.europesays.com\/fr\/wp-json\/wp\/v2\/users\/2"}],"replies":[{"embeddable":true,"href":"https:\/\/www.europesays.com\/fr\/wp-json\/wp\/v2\/comments?post=223350"}],"version-history":[{"count":0,"href":"https:\/\/www.europesays.com\/fr\/wp-json\/wp\/v2\/posts\/223350\/revisions"}],"wp:featuredmedia":[{"embeddable":true,"href":"https:\/\/www.europesays.com\/fr\/wp-json\/wp\/v2\/media\/223351"}],"wp:attachment":[{"href":"https:\/\/www.europesays.com\/fr\/wp-json\/wp\/v2\/media?parent=223350"}],"wp:term":[{"taxonomy":"category","embeddable":true,"href":"https:\/\/www.europesays.com\/fr\/wp-json\/wp\/v2\/categories?post=223350"},{"taxonomy":"post_tag","embeddable":true,"href":"https:\/\/www.europesays.com\/fr\/wp-json\/wp\/v2\/tags?post=223350"}],"curies":[{"name":"wp","href":"https:\/\/api.w.org\/{rel}","templated":true}]}}