{"id":223359,"date":"2025-07-03T14:52:12","date_gmt":"2025-07-03T14:52:12","guid":{"rendered":"https:\/\/www.europesays.com\/fr\/223359\/"},"modified":"2025-07-03T14:52:12","modified_gmt":"2025-07-03T14:52:12","slug":"le-porte-avions-charles-de-gaulle-accueille-son-nouveau-commandant","status":"publish","type":"post","link":"https:\/\/www.europesays.com\/fr\/223359\/","title":{"rendered":"Le porte-avions Charles-de-Gaulle accueille son nouveau commandant"},"content":{"rendered":"<p><img loading=\"lazy\" decoding=\"async\" alt=\"\u00a9 Marine Nationale - Le CV Thomas Puga a \u00e9t\u00e9 reconnu commandant du Charles-de-Gaulle par le vice-amiral d'escadre Christophe Cluzel.\" data-zoom-src=\"https:\/\/www.europesays.com\/fr\/wp-content\/uploads\/2025\/07\/initial-thomas-puga-commandant-porte-avion.jpg\" data-zoomable=\"\" height=\"702\" src=\"https:\/\/www.europesays.com\/fr\/wp-content\/uploads\/2025\/07\/initial-thomas-puga-commandant-porte-avion.jpg\" width=\"1248\"\/>  <\/p>\n<p class=\"article-desc\">\u00a9 Marine Nationale &#8211; Le CV Thomas Puga a \u00e9t\u00e9 reconnu commandant du Charles-de-Gaulle par le vice-amiral d&rsquo;escadre Christophe Cluzel. <\/p>\n<p>C&rsquo;est une c\u00e9r\u00e9monie qui s&rsquo;est d\u00e9roul\u00e9e sur la base navale de Toulon : jeudi 3 juillet, <a href=\"https:\/\/mesinfos.fr\/83000-toulon\/toulon-les-defis-du-nouveau-commandant-de-la-force-d-action-navale-182572.html\" rel=\"noopener\" target=\"_blank\">le vice-amiral d\u2019escadre Christophe Cluzel<\/a>, amiral commandant la Force d\u2019action navale, a fait reconna\u00eetre le capitaine de vaisseau (CV) Thomas Puga comme <strong>commandant du porte-avions Charles-de-Gaulle. <\/strong>Il remplace <a href=\"https:\/\/mesinfos.fr\/83000-toulon\/un-nouveau-commandant-pour-le-porte-avions-charles-de-gaulle-179887.html\" rel=\"noopener\" target=\"_blank\">le CV Georges-Antoine Florentin en fonction depuis 2023<\/a>.\u00a0 <\/p>\n<p>Ancien \u00e9l\u00e8ve de l&rsquo;\u00c9cole navale o\u00f9 il s&rsquo;est sp\u00e9cialis\u00e9 dans l&rsquo;a\u00e9ronavale puis de l&rsquo;\u00c9cole de guerre, le nouveau commandant porte un nom bien connu au sein des forces militaires. Son p\u00e8re, Beno\u00eet Puga, \u00e9tait le <strong>chef de l&rsquo;\u00e9tat-major particulier du pr\u00e9sident de la R\u00e9publique <\/strong>sous Nicolas Sarkozy et Fran\u00e7ois Hollande. <\/p>\n<p>Fin d&rsquo;un commandement remarqu\u00e9 pour le CV Georges-Antoine Florentin <\/p>\n<p>En 24 mois, sous le commandement du CV Georges-Antoine Florentin, le <strong>Charles-de-Gaulle a particip\u00e9 \u00e0 deux d\u00e9ploiements significatifs<\/strong>. Le premier a eu lieu au printemps 2024 sous le contr\u00f4le op\u00e9rationnel de l&rsquo;OTAN. Il s&rsquo;agissait d&rsquo;une mission de surveillance et de reconnaissance dans le cadre de l&rsquo;activit\u00e9 Neptune Strike.<\/p>\n<p>Peu de temps apr\u00e8s, en novembre 2024, le porte-avion a effectu\u00e9 sa plus longue op\u00e9ration, d&rsquo;une dur\u00e9e d&rsquo;environ cinq mois, dans le cadre <a href=\"https:\/\/mesinfos.fr\/83000-toulon\/le-porte-avions-charles-de-gaulle-est-rentre-a-toulon-221301.html\" rel=\"noopener\" target=\"_blank\">de la mission Clemenceau 25<\/a>. Celle-ci visait \u00e0 renforcer la coop\u00e9ration avec les alli\u00e9s et partenaires de la France, ainsi qu&rsquo;\u00e0 contribuer aux op\u00e9rations nationales et internationales en M\u00e9diterran\u00e9e, en oc\u00e9an Indien et dans le Pacifique.\u00a0<\/p>\n<p>Le nouvelle affectation du CV Georges-Antoine Florentin n&rsquo;est pas encore connue.\u00a0 <\/p>\n<p>Un connaisseur du porte-avions Charles-de-Gaulle <\/p>\n<p>A 45 ans, le CV Thomas Puga a d\u00e9j\u00e0 eu l\u2019occasion de servir sous la banni\u00e8re du Charles-de-Gaulle \u00e0 diff\u00e9rentes reprises lors de missions en Afghanistan, en Libye mais aussi en Irak et en Syrie. Il a notamment \u00e9t\u00e9 <strong>commandant adjoint op\u00e9rations en 2020 <\/strong>et a particip\u00e9 \u00e0 la <strong>mission Cl\u00e9menceau 21.<\/strong> <\/p>\n<p>En 2022, il est nomm\u00e9 commandant de la fr\u00e9gate de type La Fayette (FLF) Gu\u00e9pratte avant d&rsquo;\u00eatre envoy\u00e9 pendant deux ann\u00e9es au cabinet du chef d&rsquo;\u00e9tat-major de la Marine en tant que chef du bureau strat\u00e9gie et politique. Le CV Thomas Puga est <strong>chevalier de l&rsquo;Ordre de la L\u00e9gion d&rsquo;Honneur et de l&rsquo;ordre national du M\u00e9rite.\u00a0<\/strong><\/p>\n","protected":false},"excerpt":{"rendered":"\u00a9 Marine Nationale &#8211; Le CV Thomas Puga a \u00e9t\u00e9 reconnu commandant du Charles-de-Gaulle par le vice-amiral d&rsquo;escadre&hellip;\n","protected":false},"author":2,"featured_media":223360,"comment_status":"","ping_status":"","sticky":false,"template":"","format":"standard","meta":{"footnotes":""},"categories":[9619],"tags":[1111,11,1777,674,1011,27,567,12,13521,882,25,2310],"class_list":{"0":"post-223359","1":"post","2":"type-post","3":"status-publish","4":"format-standard","5":"has-post-thumbnail","7":"category-toulon","8":"tag-actu","9":"tag-actualites","10":"tag-eu","11":"tag-europe","12":"tag-fr","13":"tag-france","14":"tag-marine-nationale","15":"tag-news","16":"tag-porte-avions-charles-de-gaulle","17":"tag-provence-alpes-cote-dazur","18":"tag-republique-francaise","19":"tag-toulon"},"share_on_mastodon":{"url":"https:\/\/pubeurope.com\/@fr\/114789872118436348","error":""},"_links":{"self":[{"href":"https:\/\/www.europesays.com\/fr\/wp-json\/wp\/v2\/posts\/223359","targetHints":{"allow":["GET"]}}],"collection":[{"href":"https:\/\/www.europesays.com\/fr\/wp-json\/wp\/v2\/posts"}],"about":[{"href":"https:\/\/www.europesays.com\/fr\/wp-json\/wp\/v2\/types\/post"}],"author":[{"embeddable":true,"href":"https:\/\/www.europesays.com\/fr\/wp-json\/wp\/v2\/users\/2"}],"replies":[{"embeddable":true,"href":"https:\/\/www.europesays.com\/fr\/wp-json\/wp\/v2\/comments?post=223359"}],"version-history":[{"count":0,"href":"https:\/\/www.europesays.com\/fr\/wp-json\/wp\/v2\/posts\/223359\/revisions"}],"wp:featuredmedia":[{"embeddable":true,"href":"https:\/\/www.europesays.com\/fr\/wp-json\/wp\/v2\/media\/223360"}],"wp:attachment":[{"href":"https:\/\/www.europesays.com\/fr\/wp-json\/wp\/v2\/media?parent=223359"}],"wp:term":[{"taxonomy":"category","embeddable":true,"href":"https:\/\/www.europesays.com\/fr\/wp-json\/wp\/v2\/categories?post=223359"},{"taxonomy":"post_tag","embeddable":true,"href":"https:\/\/www.europesays.com\/fr\/wp-json\/wp\/v2\/tags?post=223359"}],"curies":[{"name":"wp","href":"https:\/\/api.w.org\/{rel}","templated":true}]}}