{"id":223361,"date":"2025-07-03T14:53:09","date_gmt":"2025-07-03T14:53:09","guid":{"rendered":"https:\/\/www.europesays.com\/fr\/223361\/"},"modified":"2025-07-03T14:53:09","modified_gmt":"2025-07-03T14:53:09","slug":"un-mois-de-juillet-riche-en-musique-en-culture-et-en-partage","status":"publish","type":"post","link":"https:\/\/www.europesays.com\/fr\/223361\/","title":{"rendered":"un mois de juillet riche en musique, en culture et en partage"},"content":{"rendered":"<p>            Par<br \/>\n        <strong><br \/>\n            <a href=\"https:\/\/actu.fr\/auteur\/metropoop\" title=\"Consulter tous les articles de R\u00e9daction M\u00e9tropolitain\" rel=\"nofollow noopener\" target=\"_blank\">R\u00e9daction M\u00e9tropolitain<\/a><br \/>\n        <\/strong><\/p>\n<p>        Publi\u00e9 le<\/p>\n<p>            3 juil. 2025 \u00e0 16h39        <\/p>\n<p>Sous le soleil m\u00e9diterran\u00e9en, <strong>Mauguio-Carnon<\/strong> d\u00e9roule tout au long de l\u2019\u00e9t\u00e9 <strong>une programmation vari\u00e9e<\/strong>, gratuite ou accessible, m\u00ealant concerts, spectacles, expositions, balades et festivit\u00e9s populaires. Un \u00e9t\u00e9 ponctu\u00e9 de <strong>rendez-vous incontournables<\/strong> sur le port, dans les ar\u00e8nes ou au ch\u00e2teau, \u00e0 vivre en famille ou entre amis, les pieds dans l\u2019eau ou dans l\u2019histoire. Pour commencer, d\u00e9couvrez la programmation du mois de juillet. Gardez l\u2019oeil ouvert, ao\u00fbt suivra tr\u00e8s prochainement !<\/p>\n<p>Des animations pour tous les go\u00fbts, tout au long de l\u2019\u00e9t\u00e9<\/p>\n<p class=\" wall-content\">Entre juin et septembre, plusieurs dispositifs accueillent les visiteurs. <strong>La travers\u00e9e du chenal<\/strong> entre Carnon Est et Carnon Ouest est assur\u00e9e gratuitement par le bac. \u00c0 bord du <strong>petit train touristique<\/strong>, on d\u00e9couvre Carnon autrement, gr\u00e2ce \u00e0 ses treize arr\u00eats et \u00e0 son application d\u00e9di\u00e9e \u00ab Zenbus \u00bb, pour suivre son trajet en direct. Un <strong>jeu de piste gratuit<\/strong>, \u00ab Les P\u2019tits explorateurs \u00bb, invite petits et grands \u00e0 percer les myst\u00e8res de la ville. C\u00f4t\u00e9 patrimoine, des<strong> expositions artistiques<\/strong> (peintures, sculptures, photos) s\u2019installent \u00e0 l\u2019Espace des Cistes et dans divers lieux de Mauguio.<\/p>\n<p class=\" wall-content\">Du 3 juillet au 11 septembre, les <strong>balades naturalistes<\/strong> propos\u00e9es par le SYMBO sur les berges de l\u2019\u00c9tang de l\u2019Or conjuguent marche, d\u00e9couverte sensorielle et parfois ap\u00e9ritif. Au Ch\u00e2teau des Comtes de Melgueil, <strong>visites guid\u00e9es et libres<\/strong> rythment les dimanches matin et plusieurs mercredis. Enfin, les<strong> march\u00e9s traditionnels et artisanaux<\/strong> continuent de faire battre le c\u0153ur de la station baln\u00e9aire : les dimanches \u00e0 Mauguio, les mardis, jeudis et samedis \u00e0 Carnon, et tous les mercredis soir pour le <strong>march\u00e9 artisanal du port<\/strong>.<\/p>\n<p>    <a href=\"https:\/\/www.google.com\/maps\/embed?pb=!1m18!1m12!1m3!1d92471.14310006735!2d3.930446218864825!3d43.59148110952758!2m3!1f0!2f0!3f0!3m2!1i1024!2i768!4f13.1!3m3!1m2!1s0x12b6a310cec356c1%3A0x4078821166ac570!2s34130%20Mauguio!5e0!3m2!1sfr!2sfr!4v1751442956762!5m2!1sfr!2sfr\" title=\"Ouvrie le lien\" rel=\"nofollow noopener\" target=\"_blank\">Cliquez ici pour visualiser le contenu<\/a><\/p>\n<p>En juillet, les soir\u00e9es s\u2019animent sur le port, au jardin, et sous les \u00e9toiles<\/p>\n<p class=\" wall-content\">La <strong>sc\u00e8ne musicale<\/strong> prend le large d\u00e8s le 4 juillet avec Black Fox, suivi tout au long du mois par Cascade, Klax\u2019on, BRBB, Oyance ou encore What Else. Le r\u00e9pertoire est \u00e9clectique : pop, rock, soul, jazz, musique sacr\u00e9e ou du monde. \u00c0 noter la performance de l\u2019ensemble vocal Oyance le 9 juillet \u00e0 l\u2019\u00e9glise St Jean de Malte. Plusieurs concerts sont propos\u00e9s par l\u2019Association des Commer\u00e7ants de Carnon. Les <strong>spectacles jeunesse<\/strong> ne sont pas en reste : le 7 juillet, les dragons de \u00ab Flammes et Slam ! \u00bb bousculent les contes de f\u00e9es, tandis que le 15 juillet, les familles sont invit\u00e9es \u00e0 <strong>cr\u00e9er une \u0153uvre de land\u2019art<\/strong> au Jardin des Cistes.<\/p>\n<p>Vid\u00e9os : en ce moment sur Actu<\/p>\n<p class=\" wall-content\">C\u00f4t\u00e9 grand \u00e9cran, les \u00ab <strong>Cin\u00e9mas sous les \u00e9toiles<\/strong> \u00bb rythment les mardis et jeudis : \u00ab Mission Impossible \u00bb, \u00ab Lilo et Stitch \u00bb, ou encore \u00ab Vacances forc\u00e9es \u00bb et \u00ab Ma m\u00e8re, Dieu et Sylvie Vartan \u00bb s\u2019affichent en plein air, \u00e0 Carnon ou Mauguio. Tarif unique : 5 euros. <strong>Le 13 et 14 juillet<\/strong>, la f\u00eate nationale s\u2019empare des deux communes. \u00c0 Carnon, le feu d\u2019artifice est tir\u00e9 depuis l\u2019avant-port. \u00c0 Mauguio, les festivit\u00e9s se d\u00e9roulent au parc paysager, avec retraite aux flambeaux, pe\u00f1a Mistral, et bal populaire men\u00e9 par l\u2019orchestre Sortie de Secours. Renseignements, inscriptions et programmes complets disponibles \u00e0 l\u2019Office de Tourisme de Mauguio-Carnon.<\/p>\n<p><strong>&gt; Pratique :<\/strong> Enfin, le mois se cl\u00f4t dans la bonne humeur avec le MysterQuizz du 29 juillet sur la place Cassan, et deux projections en plein air pour prolonger les soir\u00e9es d\u2019\u00e9t\u00e9.<\/p>\n<p class=\" wall-content\">Suivez toute l\u2019actualit\u00e9 de vos villes et m\u00e9dias favoris en vous inscrivant \u00e0 <a href=\"https:\/\/moncompte.actu.fr\" title=\"D\u00e9couvez Mon Actu\" rel=\"nofollow noopener\" data-trk=\"{&quot;cta&quot;:{&quot;action&quot;:&quot;https:\\\/\\\/moncompte.actu.fr&quot;,&quot;category&quot;:&quot;mon compte&quot;,&quot;from&quot;:&quot;article footer&quot;,&quot;name&quot;:&quot;Mon actu&quot;,&quot;type&quot;:&quot;cta&quot;}}\" target=\"_blank\">Mon Actu<\/a>.<\/p>\n","protected":false},"excerpt":{"rendered":"Par R\u00e9daction M\u00e9tropolitain Publi\u00e9 le 3 juil. 2025 \u00e0 16h39 Sous le soleil m\u00e9diterran\u00e9en, Mauguio-Carnon d\u00e9roule tout au&hellip;\n","protected":false},"author":2,"featured_media":57256,"comment_status":"","ping_status":"","sticky":false,"template":"","format":"standard","meta":{"footnotes":""},"categories":[9599],"tags":[1111,11,1777,674,1011,27,1305,2208,12,2680,25],"class_list":{"0":"post-223361","1":"post","2":"type-post","3":"status-publish","4":"format-standard","5":"has-post-thumbnail","7":"category-montpellier","8":"tag-actu","9":"tag-actualites","10":"tag-eu","11":"tag-europe","12":"tag-fr","13":"tag-france","14":"tag-lifestyle","15":"tag-montpellier","16":"tag-news","17":"tag-occitanie","18":"tag-republique-francaise"},"share_on_mastodon":{"url":"https:\/\/pubeurope.com\/@fr\/114789875949011964","error":""},"_links":{"self":[{"href":"https:\/\/www.europesays.com\/fr\/wp-json\/wp\/v2\/posts\/223361","targetHints":{"allow":["GET"]}}],"collection":[{"href":"https:\/\/www.europesays.com\/fr\/wp-json\/wp\/v2\/posts"}],"about":[{"href":"https:\/\/www.europesays.com\/fr\/wp-json\/wp\/v2\/types\/post"}],"author":[{"embeddable":true,"href":"https:\/\/www.europesays.com\/fr\/wp-json\/wp\/v2\/users\/2"}],"replies":[{"embeddable":true,"href":"https:\/\/www.europesays.com\/fr\/wp-json\/wp\/v2\/comments?post=223361"}],"version-history":[{"count":0,"href":"https:\/\/www.europesays.com\/fr\/wp-json\/wp\/v2\/posts\/223361\/revisions"}],"wp:featuredmedia":[{"embeddable":true,"href":"https:\/\/www.europesays.com\/fr\/wp-json\/wp\/v2\/media\/57256"}],"wp:attachment":[{"href":"https:\/\/www.europesays.com\/fr\/wp-json\/wp\/v2\/media?parent=223361"}],"wp:term":[{"taxonomy":"category","embeddable":true,"href":"https:\/\/www.europesays.com\/fr\/wp-json\/wp\/v2\/categories?post=223361"},{"taxonomy":"post_tag","embeddable":true,"href":"https:\/\/www.europesays.com\/fr\/wp-json\/wp\/v2\/tags?post=223361"}],"curies":[{"name":"wp","href":"https:\/\/api.w.org\/{rel}","templated":true}]}}