{"id":223366,"date":"2025-07-03T14:56:13","date_gmt":"2025-07-03T14:56:13","guid":{"rendered":"https:\/\/www.europesays.com\/fr\/223366\/"},"modified":"2025-07-03T14:56:13","modified_gmt":"2025-07-03T14:56:13","slug":"un-mois-danimations-certaines-insolites-sur-une-plage-de-sable","status":"publish","type":"post","link":"https:\/\/www.europesays.com\/fr\/223366\/","title":{"rendered":"un mois d&rsquo;animations (certaines insolites) sur une plage de sable"},"content":{"rendered":"<p>            Par<br \/>\n        <strong><br \/>\n            <a href=\"https:\/\/actu.fr\/auteur\/jessie-leclerc\" title=\"Consulter tous les articles de Jessie Leclerc\" target=\"_blank\" rel=\"noopener\">Jessie Leclerc<\/a><br \/>\n        <\/strong><\/p>\n<p>        Publi\u00e9 le<\/p>\n<p>            3 juil. 2025 \u00e0 14h00        <\/p>\n<p>Pas de mer <a href=\"https:\/\/actu.fr\/normandie\/rouen_76540\" target=\"_blank\" rel=\"noopener\">\u00e0 Rouen (Seine-Maritime)<\/a>, une chose bien dommage en plein \u00e9t\u00e9\u2026 Mais fort heureusement, les quais bas rive gauche se transforment, durant un mois, en station baln\u00e9aire \u00e9ph\u00e9m\u00e8re. <strong>Rouen sur Mer est de retour du 4 juillet au 3 ao\u00fbt 2025<\/strong>. Un mois de dr\u00f4les d\u2019animations en tout genre, totalement gratuites, et pour tous, des plus petits aux plus \u00e2g\u00e9s\u2009! Il y aura m\u00eame\u2026 des poneys\u2009!<\/p>\n<p>Une plage de sable<\/p>\n<p class=\" wall-content\">Chaque \u00e9t\u00e9 depuis 2008, Rouen sur Mer est \u00ab\u2009The place to be\u2009\u00bb. Et cette ann\u00e9e, <strong>du mardi au dimanche<\/strong>, les quais de Rouen, entre les ponts Jeanne-d\u2019Arc et Guillaume-le-Conqu\u00e9rant, s\u2019animent tous les apr\u00e8s-midi, de 12h \u00e0 20h et jusqu\u2019\u00e0 21h les vendredis et m\u00eame 22h les samedis. La grande plage de sable install\u00e9e le long de la Seine ouvre \u00e0 12h, afin de se poser et manger au soleil, et les animations d\u00e9marrent \u00e0 14h.<\/p>\n<p>Du sport, des jeux, de l\u2019eau\u2026 Programme<\/p>\n<p class=\" wall-content\"><strong>Sur l\u2019eau\u2009:<\/strong><\/p>\n<p class=\" wall-content\">Si les temp\u00e9ratures montent, rien de tel qu\u2019une activit\u00e9 dans ou sur l\u2019eau pour se rafra\u00eechir. Pour ce faire, la Ville propose\u2009:<\/p>\n<ul class=\" wall-content\">\n<li>Cano\u00eb-kayak sur la Seine<\/li>\n<li>Plong\u00e9e subaquatique\u2009: plong\u00e9e, apn\u00e9e et nage avec palmes. \u00e0 partir de 8\u00a0ans.<\/li>\n<\/ul>\n<p class=\" wall-content\">Des stages de natation pour apprendre \u00e0 nager comme un poisson dans l\u2019eau sont aussi propos\u00e9s <a href=\"https:\/\/actu.fr\/normandie\/mont-saint-aignan_76451\/mont-saint-aignan-le-centre-bien-etre-de-la-piscine-euroceane-va-enfin-rouvrir_62756134.html\" target=\"_blank\" rel=\"noopener\">avec la piscine<\/a> Denis Diderot.<\/p>\n<p class=\" wall-content\"><strong>Se d\u00e9fouler par le sport\u2009:<\/strong><\/p>\n<ul class=\" wall-content\">\n<li><strong>Des classiques\u2009:<\/strong> football, tennis, basketball, handball, rugby, athl\u00e9tisme, running, roller, judo, v\u00e9lo, \u00e9checs, danse et danse K-pop\u2026<\/li>\n<li><strong>Les stars de l\u2019\u00e9t\u00e9\u2009:<\/strong> beach-volley et beach handball, p\u00e9tanque frisbee ultimate\u2026<\/li>\n<li><strong>Plus insolites\u2009:<\/strong> baseball, MMA, football am\u00e9ricain, cheerleading, jujitsu (art martial), Aikishintaiso\/Qi Gong (gymnastique \u00e9nerg\u00e9tique chinoise relaxante), Tai Chi Chuan (encha\u00eenement de mouvements lents), Technique d\u2019a\u00efkido (art martial japonais), taekwondo (art martial cor\u00e9en)\u2026<\/li>\n<li><strong>Handisport<\/strong><\/li>\n<\/ul>\n<p>Vid\u00e9os : en ce moment sur Actu<\/p>\n<p class=\" wall-content\">Et pour les plus aventuriers, Rouen sur Mer organise <strong>plusieurs animations Koh Lanta<\/strong>, en famille, entre amis ou entre coll\u00e8gues, pour se d\u00e9fier en \u00e9quipe. Au programme\u2009: combat de sumos, tir \u00e0 la corde, parcours \u00e0 skis, course en sac, passe-trappe g\u00e9ant, hockey, skate, relais, parcours en aveugle, cloche-pied, pyramide humaine, attrape-moi si tu peux, ainsi que la mythique \u00c9preuve des poteaux.<\/p>\n<p class=\" wall-content\"><strong>Et si on prenait soin de soi\u2009?<\/strong><\/p>\n<p class=\" wall-content\">Pour les moins sportifs, pourquoi ne pas profiter d\u2019un <strong>moment de d\u00e9tente<\/strong>\u2009? R\u00e9flexologie, massages des pieds, assis, en famille, cont\u00e9s\u2026 <a href=\"https:\/\/actu.fr\/normandie\/rouen_76540\/a-rouen-cette-franchise-parisienne-de-pilates-haut-de-gamme-ouvre-en-face-de-la-mairie_61723223.html\" target=\"_blank\" rel=\"noopener\">Yoga et pilates<\/a>, athl\u00e9 fit, remise en forme, maquillage.<\/p>\n<p class=\" wall-content\"><strong>Les mains \u00e0 la p\u00e2te\u2026<\/strong><\/p>\n<p class=\" wall-content\">Sur la plage, de nombreux <a href=\"https:\/\/actu.fr\/normandie\/rouen_76540\/nouveau-dans-le-quartier-des-antiquaires-a-rouen-un-atelier-boutique-de-sculptures-et-d-artisanat-d-art_62720988.html\" target=\"_blank\" rel=\"noopener\">ateliers manuels<\/a> sont propos\u00e9s tout le mois de juillet\u2009: cuisine, ateliers cr\u00e9atifs divers et vari\u00e9s, landart, jardinage, upcycling, vannerie, tissage\u2026<\/p>\n<p class=\" wall-content\">Plus insolite, il sera m\u00eame <strong>possible de peindre sur des poneys<\/strong>\u2009! \u00c7a se passe dimanche 27\u00a0juillet, en continu de 15h30 \u00e0 18h30. Chacun pourra aussi toucher l\u2019\u00e9quid\u00e9, le caresser, le brosser, mais aussi le diriger \u00e0 la main.<\/p>\n<p class=\" wall-content\"><strong>\u00c0 vos jeux\u2009!<\/strong><\/p>\n<p class=\" wall-content\">Tout au long du mois de juillet, et jusqu\u2019au 3\u00a0ao\u00fbt, des cessions jeux sont organis\u00e9es\u2009: billard, jeux de dames, jeu de Go, <a href=\"https:\/\/actu.fr\/normandie\/rouen_76540\/nouveau-a-rouen-600-jeux-differents-a-louer-chez-soi-le-temps-d-une-soiree_61285183.html\" target=\"_blank\" rel=\"noopener\">jeux de soci\u00e9t\u00e9<\/a>\u2026<\/p>\n<p>Des soir\u00e9es<\/p>\n<p class=\" wall-content\">Quand le soleil se couche, des soir\u00e9es promettent de faire plaisir \u00e0 toutes les g\u00e9n\u00e9rations. Les quais deviennent alors une grande sc\u00e8ne festive. Voici les temps forts \u00e0 ne pas manquer\u2009:<\/p>\n<ul class=\" wall-content\">\n<li><strong>Samedi 12\u00a0juillet\u2009:<\/strong> soir\u00e9e country \u2013 de 19h \u00e0 22h.<\/li>\n<li><strong>Vendredi 18\u00a0juillet\u2009:<\/strong> soir\u00e9e-concert\u00a0les Rockab\u2019s Boys \u2013 de 19h30 \u00e0 21h.<\/li>\n<li><strong>Samedi 19\u00a0 juillet\u2009:<\/strong> soir\u00e9e karaok\u00e9 \u2013 de 19h30 \u00e0 22h.<\/li>\n<li><strong>Vendredi 25\u00a0juillet\u2009: <\/strong>soir\u00e9e DJ\u00a0Les Tontons Mixeurs \u2013 de 19h30 \u00e0 21h.<\/li>\n<li><strong>Samedi 26\u00a0juillet\u2009:<\/strong> concert funk, soul, jazz et gospel avec Eternal\u2019s Lyn et Beenta \u2013 de 19h30 \u00e0 21h.<\/li>\n<li><strong>Vendredi 1er\u00a0ao\u00fbt\u2009:<\/strong> soir\u00e9e dansante Rock, West Coast Swing, Salsa, Chacha, Valse, etc. \u2013 de 18h30 \u00e0 21h30.<\/li>\n<li><strong>Samedi 2\u00a0ao\u00fbt\u2009:<\/strong> soir\u00e9e danse salsa et Bachata \u2013 de 19h \u00e0 22h.<\/li>\n<\/ul>\n<p class=\" wall-content\">\u00c0 chacun son bonheur donc, parmi la large vari\u00e9t\u00e9 d\u2019activit\u00e9s propos\u00e9es cette ann\u00e9e.<\/p>\n<p>D\u00e9tail du programme et horaires en cliquant ici.<\/p>\n<p>Suivez l\u2019actualit\u00e9 de Rouen <a href=\"https:\/\/www.whatsapp.com\/channel\/0029VaKfnf99hXF2ddApFB1D\" target=\"_blank\" rel=\"noopener\">sur notre cha\u00eene WhatsApp<\/a> et <a href=\"https:\/\/www.tiktok.com\/@76actu.fr?lang=fr\" target=\"_blank\" rel=\"noopener\">sur notre compte TikTok<\/a><\/p>\n<p class=\" wall-content\">Suivez toute l\u2019actualit\u00e9 de vos villes et m\u00e9dias favoris en vous inscrivant \u00e0 <a href=\"https:\/\/moncompte.actu.fr\" title=\"D\u00e9couvez Mon Actu\" rel=\"nofollow noopener\" data-trk=\"{&quot;cta&quot;:{&quot;action&quot;:&quot;https:\\\/\\\/moncompte.actu.fr&quot;,&quot;category&quot;:&quot;mon compte&quot;,&quot;from&quot;:&quot;article footer&quot;,&quot;name&quot;:&quot;Mon actu&quot;,&quot;type&quot;:&quot;cta&quot;}}\" target=\"_blank\">Mon Actu<\/a>.<\/p>\n<p>                    <script async src=\"\/\/www.tiktok.com\/embed.js\"><\/script><\/p>\n","protected":false},"excerpt":{"rendered":"Par Jessie Leclerc Publi\u00e9 le 3 juil. 2025 \u00e0 14h00 Pas de mer \u00e0 Rouen (Seine-Maritime), une chose&hellip;\n","protected":false},"author":2,"featured_media":223111,"comment_status":"","ping_status":"","sticky":false,"template":"","format":"standard","meta":{"footnotes":""},"categories":[9587],"tags":[1111,11,9086,1777,674,1011,27,1652,12,5161,8302,25,9590,3176],"class_list":{"0":"post-223366","1":"post","2":"type-post","3":"status-publish","4":"format-standard","5":"has-post-thumbnail","7":"category-rouen","8":"tag-actu","9":"tag-actualites","10":"tag-bon-plan-a-rouen","11":"tag-eu","12":"tag-europe","13":"tag-fr","14":"tag-france","15":"tag-loisirs-culture","16":"tag-news","17":"tag-normandie","18":"tag-plages","19":"tag-republique-francaise","20":"tag-rouen","21":"tag-vacances-scolaires"},"share_on_mastodon":{"url":"https:\/\/pubeurope.com\/@fr\/114789887872296486","error":""},"_links":{"self":[{"href":"https:\/\/www.europesays.com\/fr\/wp-json\/wp\/v2\/posts\/223366","targetHints":{"allow":["GET"]}}],"collection":[{"href":"https:\/\/www.europesays.com\/fr\/wp-json\/wp\/v2\/posts"}],"about":[{"href":"https:\/\/www.europesays.com\/fr\/wp-json\/wp\/v2\/types\/post"}],"author":[{"embeddable":true,"href":"https:\/\/www.europesays.com\/fr\/wp-json\/wp\/v2\/users\/2"}],"replies":[{"embeddable":true,"href":"https:\/\/www.europesays.com\/fr\/wp-json\/wp\/v2\/comments?post=223366"}],"version-history":[{"count":0,"href":"https:\/\/www.europesays.com\/fr\/wp-json\/wp\/v2\/posts\/223366\/revisions"}],"wp:featuredmedia":[{"embeddable":true,"href":"https:\/\/www.europesays.com\/fr\/wp-json\/wp\/v2\/media\/223111"}],"wp:attachment":[{"href":"https:\/\/www.europesays.com\/fr\/wp-json\/wp\/v2\/media?parent=223366"}],"wp:term":[{"taxonomy":"category","embeddable":true,"href":"https:\/\/www.europesays.com\/fr\/wp-json\/wp\/v2\/categories?post=223366"},{"taxonomy":"post_tag","embeddable":true,"href":"https:\/\/www.europesays.com\/fr\/wp-json\/wp\/v2\/tags?post=223366"}],"curies":[{"name":"wp","href":"https:\/\/api.w.org\/{rel}","templated":true}]}}