{"id":223367,"date":"2025-07-03T14:57:11","date_gmt":"2025-07-03T14:57:11","guid":{"rendered":"https:\/\/www.europesays.com\/fr\/223367\/"},"modified":"2025-07-03T14:57:11","modified_gmt":"2025-07-03T14:57:11","slug":"metropole-de-grenoble-on-connait-la-date-douverture-de-nike-a-neyrpic-de-nouvelles-enseignes-annoncees","status":"publish","type":"post","link":"https:\/\/www.europesays.com\/fr\/223367\/","title":{"rendered":"M\u00e9tropole de Grenoble. On connait la date d\u2019ouverture de Nike \u00e0 Neyrpic, de nouvelles enseignes annonc\u00e9es"},"content":{"rendered":"<p>Le P\u00f4le de vie, de commerces et de loisirs Neyrpic, implant\u00e9 \u00e0 Saint-Martin-d\u2019H\u00e8res, <a href=\"https:\/\/www.ledauphine.com\/economie\/2024\/10\/02\/neyrpic-est-ouvert-le-public-est-(deja)-au-rendez-vous\" target=\"_blank\" rel=\"noopener\">ouvert depuis le 2\u00a0octobre<\/a> , va accueillir de nouvelles enseignes dont certaines tr\u00e8s prochainement\u2026<\/p>\n<p>Le site, qui compte d\u00e9j\u00e0 un peu plus de 70 boutiques et une vingtaine de restaurants (si l\u2019on y int\u00e8gre les espaces gourmands), va voir d\u00e9barquer des marques pour la plupart in\u00e9dites dans la M\u00e9tropole.<\/p>\n<p>  700 m2 pour Nike<\/p>\n<p>Et cela va commencer, d\u00e8s le 16\u00a0juillet, avec Coffee Break, qui vient tout droit de Haute-Savoie.<\/p>\n<p>Le lendemain, une grosse marque, appr\u00e9ci\u00e9e par tous les publics, tr\u00e8s attendue, va officiellement s\u2019implanter sur une surface de 700 m2\u00a0: Nike et ses mod\u00e8les iconiques.<\/p>\n<p>Ce contenu est bloqu\u00e9 car vous n&rsquo;avez pas accept\u00e9 les cookies et autres traceurs.<\/p>\n<p>En cliquant sur \u00ab J\u2019accepte \u00bb, les cookies et autres traceurs seront d\u00e9pos\u00e9s et vous pourrez visualiser les contenus  (<a href=\"\" class=\"consentModule_policy\" target=\"_blank\" title=\"Consulter la politique de protection des donn\u00e9es du fournisseur\">plus d&rsquo;informations<\/a>).<\/p>\n<p>En cliquant sur \u00ab J\u2019accepte tous les cookies \u00bb, vous autorisez des d\u00e9p\u00f4ts de cookies et autres traceurs pour le stockage de vos donn\u00e9es sur nos sites et applications \u00e0 des fins de personnalisation et de ciblage publicitaire.<\/p>\n<p class=\"consentModule_secondaryText\">Vous gardez la possibilit\u00e9 de retirer votre consentement \u00e0 tout moment en consultant notre <a href=\"https:\/\/www.ledauphine.com\/protection-des-donnees\" target=\"_blank\" title=\"Consulter notre politique de protection des donn\u00e9es\" rel=\"noopener\">politique de protection des donn\u00e9es<\/a>. <br \/>&#13;<br \/>\n            <a href=\"https:\/\/www.ledauphine.com\/economie\/2025\/07\/03\/javascript:Didomi.notice.show()\" class=\"consentModule_cmp\" target=\"_blank\" rel=\"noopener\">G\u00e9rer mes choix<\/a>&#13;\n        <\/p>\n<p>&#13;<br \/>\n                        J&rsquo;accepte&#13;<br \/>\n            J&rsquo;accepte tous les cookies&#13;\n        <\/p>\n<p>Viendront ensuite Hairdis (produits capillaires) en ao\u00fbt\u00a0; Tedgie\u2019s (ex-Tacos de Grenoble) durant le second semestre\u00a0; Columbus Caf\u00e9 en octobre\u00a0; Matsuri (restaurant japonais) en novembre et P\u00e8re &amp; Fish (cuisine issue de la p\u00eache durable) \u00e0 cette m\u00eame p\u00e9riode.<\/p>\n","protected":false},"excerpt":{"rendered":"Le P\u00f4le de vie, de commerces et de loisirs Neyrpic, implant\u00e9 \u00e0 Saint-Martin-d\u2019H\u00e8res, ouvert depuis le 2\u00a0octobre ,&hellip;\n","protected":false},"author":2,"featured_media":223368,"comment_status":"","ping_status":"","sticky":false,"template":"","format":"standard","meta":{"footnotes":""},"categories":[9566],"tags":[1111,11,2430,4406,33,112,1777,674,107,1011,27,2731,108,12,25,9448,11264],"class_list":{"0":"post-223367","1":"post","2":"type-post","3":"status-publish","4":"format-standard","5":"has-post-thumbnail","7":"category-grenoble","8":"tag-actu","9":"tag-actualites","10":"tag-auvergne-rhone-alpes","11":"tag-commerce-et-services","12":"tag-economie","13":"tag-edition-grenoble-agglomeration","14":"tag-eu","15":"tag-europe","16":"tag-fil-info","17":"tag-fr","18":"tag-france","19":"tag-grenoble","20":"tag-isere","21":"tag-news","22":"tag-republique-francaise","23":"tag-saint-martin-dheres","24":"tag-saint-martin-dheres-bassin"},"share_on_mastodon":{"url":"https:\/\/pubeurope.com\/@fr\/114789891759407543","error":""},"_links":{"self":[{"href":"https:\/\/www.europesays.com\/fr\/wp-json\/wp\/v2\/posts\/223367","targetHints":{"allow":["GET"]}}],"collection":[{"href":"https:\/\/www.europesays.com\/fr\/wp-json\/wp\/v2\/posts"}],"about":[{"href":"https:\/\/www.europesays.com\/fr\/wp-json\/wp\/v2\/types\/post"}],"author":[{"embeddable":true,"href":"https:\/\/www.europesays.com\/fr\/wp-json\/wp\/v2\/users\/2"}],"replies":[{"embeddable":true,"href":"https:\/\/www.europesays.com\/fr\/wp-json\/wp\/v2\/comments?post=223367"}],"version-history":[{"count":0,"href":"https:\/\/www.europesays.com\/fr\/wp-json\/wp\/v2\/posts\/223367\/revisions"}],"wp:featuredmedia":[{"embeddable":true,"href":"https:\/\/www.europesays.com\/fr\/wp-json\/wp\/v2\/media\/223368"}],"wp:attachment":[{"href":"https:\/\/www.europesays.com\/fr\/wp-json\/wp\/v2\/media?parent=223367"}],"wp:term":[{"taxonomy":"category","embeddable":true,"href":"https:\/\/www.europesays.com\/fr\/wp-json\/wp\/v2\/categories?post=223367"},{"taxonomy":"post_tag","embeddable":true,"href":"https:\/\/www.europesays.com\/fr\/wp-json\/wp\/v2\/tags?post=223367"}],"curies":[{"name":"wp","href":"https:\/\/api.w.org\/{rel}","templated":true}]}}