{"id":223389,"date":"2025-07-03T15:08:10","date_gmt":"2025-07-03T15:08:10","guid":{"rendered":"https:\/\/www.europesays.com\/fr\/223389\/"},"modified":"2025-07-03T15:08:10","modified_gmt":"2025-07-03T15:08:10","slug":"maxime-poundje-va-rechausser-les-crampons-avec-les-girondins-de-bordeaux-france-girondins-de-bordeaux","status":"publish","type":"post","link":"https:\/\/www.europesays.com\/fr\/223389\/","title":{"rendered":"Maxime Poundj\u00e9 va rechausser les crampons avec les Girondins de Bordeaux &#8211; France &#8211; Girondins de Bordeaux"},"content":{"rendered":"<p>La retraite, c\u2019est 64 ans, pas 32.<\/p>\n<p>Joueur majeur de Bordeaux dans les ann\u00e9es 2010, <strong>Maxime Poundj\u00e9 est de retour au sein du club au scapulaire.<\/strong> Le Franco-Camerounais <strong>jouera au sein de l\u2019\u00e9quipe r\u00e9serve en R\u00e9gional 1<\/strong> aux c\u00f4t\u00e9s de cinq autres recrues, ont annonc\u00e9 les <a target=\"_blank\" href=\"https:\/\/www.girondins.com\/fr\/news\/39639\/douze-nouvelles-recrues\" rel=\"nofollow noopener\">Girondins de Bordeaux cette semaine.<\/a><\/p>\n<p>Il se formait pour sa reconversion \u00e0 Bordeaux<\/p>\n<p>\u00c0 32 ans, <a target=\"_blank\" href=\"https:\/\/www.sofoot.com\/breves\/apres-huit-mois-de-chomage-maxime-poundje-ex-bordeaux-signant-au-fc-lausanne-sport-suisse\" rel=\"nofollow noopener\">il sort \u00e0 nouveau du ch\u00f4mage <\/a>avec un objectif : <strong>\u00e9pauler le club avec lequel il a disput\u00e9 159 rencontres<\/strong> pour\u2026 deux r\u00e9alisations.<\/p>\n<p>L\u2019\u00e9t\u00e9 dernier, <strong>les deux parties avaient d\u00e9j\u00e0 discut\u00e9 concernant la signature du joueur<\/strong> en \u00e9quipe premi\u00e8re, qui, pour rappel, \u00e9voluera toujours en National 2 la saison prochaine. Finalement, Poundj\u00e9 \u00e9tait juste rest\u00e9 chez les Girondins afin de <strong>continuer sa formation ax\u00e9e sur la gestion des organisations sportives.<\/strong> <a target=\"_blank\" href=\"https:\/\/www.sofoot.com\/articles\/vincent-koziello-en-stage-avec-lunfp-fc-quand-on-est-eloigne-du-terrain-on-nest-pas-vraiment-footballeur\" rel=\"nofollow noopener\">Un dipl\u00f4me, nomm\u00e9 DUGOS<\/a>, mis en place par la branche reconversion de l\u2019UNFP pour les n\u00e9oretrait\u00e9s.<\/p>\n<p>Les devoirs maison et les contr\u00f4les surprises, \u00e7a va deux minutes.<\/p>\n<p>\t\t\t\t\t\t\t\t\t\t<a class=\"lien-connexe\" href=\"https:\/\/www.sofoot.com\/breves\/rio-mavuba-et-paul-baysse-ont-repris-du-service-a-bordeaux\" rel=\"nofollow noopener\" target=\"_blank\">Rio Mavuba et Paul Baysse ont bel et bien rechauss\u00e9 les crampons avec Bordeaux<\/a>\t\t\t\t\t<\/p>\n","protected":false},"excerpt":{"rendered":"La retraite, c\u2019est 64 ans, pas 32. Joueur majeur de Bordeaux dans les ann\u00e9es 2010, Maxime Poundj\u00e9 est&hellip;\n","protected":false},"author":2,"featured_media":223390,"comment_status":"","ping_status":"","sticky":false,"template":"","format":"standard","meta":{"footnotes":""},"categories":[2817],"tags":[1111,47,11,61,1997,69,65,64,1777,674,63,1011,27,68,66,12,62,2219,70,25,67],"class_list":{"0":"post-223389","1":"post","2":"type-post","3":"status-publish","4":"format-standard","5":"has-post-thumbnail","7":"category-bordeaux","8":"tag-actu","9":"tag-actualite","10":"tag-actualites","11":"tag-actus-football","12":"tag-bordeaux","13":"tag-bundesliga","14":"tag-championnats-europeens","15":"tag-equipe-de-france","16":"tag-eu","17":"tag-europe","18":"tag-football","19":"tag-fr","20":"tag-france","21":"tag-ligua","22":"tag-ligue-1","23":"tag-news","24":"tag-news-foot","25":"tag-nouvelle-aquitaine","26":"tag-premier-league","27":"tag-republique-francaise","28":"tag-serie-a"},"share_on_mastodon":{"url":"https:\/\/pubeurope.com\/@fr\/114789935089439464","error":""},"_links":{"self":[{"href":"https:\/\/www.europesays.com\/fr\/wp-json\/wp\/v2\/posts\/223389","targetHints":{"allow":["GET"]}}],"collection":[{"href":"https:\/\/www.europesays.com\/fr\/wp-json\/wp\/v2\/posts"}],"about":[{"href":"https:\/\/www.europesays.com\/fr\/wp-json\/wp\/v2\/types\/post"}],"author":[{"embeddable":true,"href":"https:\/\/www.europesays.com\/fr\/wp-json\/wp\/v2\/users\/2"}],"replies":[{"embeddable":true,"href":"https:\/\/www.europesays.com\/fr\/wp-json\/wp\/v2\/comments?post=223389"}],"version-history":[{"count":0,"href":"https:\/\/www.europesays.com\/fr\/wp-json\/wp\/v2\/posts\/223389\/revisions"}],"wp:featuredmedia":[{"embeddable":true,"href":"https:\/\/www.europesays.com\/fr\/wp-json\/wp\/v2\/media\/223390"}],"wp:attachment":[{"href":"https:\/\/www.europesays.com\/fr\/wp-json\/wp\/v2\/media?parent=223389"}],"wp:term":[{"taxonomy":"category","embeddable":true,"href":"https:\/\/www.europesays.com\/fr\/wp-json\/wp\/v2\/categories?post=223389"},{"taxonomy":"post_tag","embeddable":true,"href":"https:\/\/www.europesays.com\/fr\/wp-json\/wp\/v2\/tags?post=223389"}],"curies":[{"name":"wp","href":"https:\/\/api.w.org\/{rel}","templated":true}]}}