{"id":223397,"date":"2025-07-03T15:12:11","date_gmt":"2025-07-03T15:12:11","guid":{"rendered":"https:\/\/www.europesays.com\/fr\/223397\/"},"modified":"2025-07-03T15:12:11","modified_gmt":"2025-07-03T15:12:11","slug":"cyclisme-a-lille-le-grand-depart-du-tour-de-france-2025-ne-perd-pas-le-nord","status":"publish","type":"post","link":"https:\/\/www.europesays.com\/fr\/223397\/","title":{"rendered":"Cyclisme : \u00e0 Lille, le Grand D\u00e9part du Tour de France 2025 ne perd pas le Nord"},"content":{"rendered":"<p>Lille (Nord), envoy\u00e9 sp\u00e9cial.<\/p>\n<p>Apr\u00e8s la canicule, les paysages du Nord se sont soudain rafra\u00eechis \u00e0 la ferveur d\u2019un enthousiasme spectaculaire qui balayait toute morosit\u00e9. Bienvenus \u00e0 Lille, pour le Grand D\u00e9part de la 112e \u00e9dition du Tour de France, ce samedi 5\u00a0juillet, quand les 184 coureurs s\u2019\u00e9lanceront pour trois semaines de labeur, 21 \u00e9tapes et 3\u00a0339 kilom\u00e8tres.<\/p>\n<p>Dans le centre et le c\u0153ur de la capitale des Flandres, ce jeudi, un parfum de feuilles tendres projet\u00e9 par les vents flottait dans le chaos pr\u00e9paratoire de la Grande Boucle. Une impression de bonheur. Et puis, Grand\u2019Place, sous un soyeux soleil, des dizaines de milliers de personnes&#8230;<\/p>\n","protected":false},"excerpt":{"rendered":"Lille (Nord), envoy\u00e9 sp\u00e9cial. Apr\u00e8s la canicule, les paysages du Nord se sont soudain rafra\u00eechis \u00e0 la ferveur&hellip;\n","protected":false},"author":2,"featured_media":223398,"comment_status":"","ping_status":"","sticky":false,"template":"","format":"standard","meta":{"footnotes":""},"categories":[2815],"tags":[1111,11,207,1777,674,1011,27,811,1307,12,1309,25,60,210,36252],"class_list":{"0":"post-223397","1":"post","2":"type-post","3":"status-publish","4":"format-standard","5":"has-post-thumbnail","7":"category-lille","8":"tag-actu","9":"tag-actualites","10":"tag-cyclisme","11":"tag-eu","12":"tag-europe","13":"tag-fr","14":"tag-france","15":"tag-hauts-de-france","16":"tag-lille","17":"tag-news","18":"tag-nord-pas-de-calais","19":"tag-republique-francaise","20":"tag-sports","21":"tag-tour-de-france","22":"tag-tour-de-france-hommes-2025"},"share_on_mastodon":{"url":"https:\/\/pubeurope.com\/@fr\/114789950649435092","error":""},"_links":{"self":[{"href":"https:\/\/www.europesays.com\/fr\/wp-json\/wp\/v2\/posts\/223397","targetHints":{"allow":["GET"]}}],"collection":[{"href":"https:\/\/www.europesays.com\/fr\/wp-json\/wp\/v2\/posts"}],"about":[{"href":"https:\/\/www.europesays.com\/fr\/wp-json\/wp\/v2\/types\/post"}],"author":[{"embeddable":true,"href":"https:\/\/www.europesays.com\/fr\/wp-json\/wp\/v2\/users\/2"}],"replies":[{"embeddable":true,"href":"https:\/\/www.europesays.com\/fr\/wp-json\/wp\/v2\/comments?post=223397"}],"version-history":[{"count":0,"href":"https:\/\/www.europesays.com\/fr\/wp-json\/wp\/v2\/posts\/223397\/revisions"}],"wp:featuredmedia":[{"embeddable":true,"href":"https:\/\/www.europesays.com\/fr\/wp-json\/wp\/v2\/media\/223398"}],"wp:attachment":[{"href":"https:\/\/www.europesays.com\/fr\/wp-json\/wp\/v2\/media?parent=223397"}],"wp:term":[{"taxonomy":"category","embeddable":true,"href":"https:\/\/www.europesays.com\/fr\/wp-json\/wp\/v2\/categories?post=223397"},{"taxonomy":"post_tag","embeddable":true,"href":"https:\/\/www.europesays.com\/fr\/wp-json\/wp\/v2\/tags?post=223397"}],"curies":[{"name":"wp","href":"https:\/\/api.w.org\/{rel}","templated":true}]}}