{"id":223405,"date":"2025-07-03T15:16:19","date_gmt":"2025-07-03T15:16:19","guid":{"rendered":"https:\/\/www.europesays.com\/fr\/223405\/"},"modified":"2025-07-03T15:16:19","modified_gmt":"2025-07-03T15:16:19","slug":"animaux-la-spa-de-lyon-lance-une-campagne-contre-les-abandons","status":"publish","type":"post","link":"https:\/\/www.europesays.com\/fr\/223405\/","title":{"rendered":"Animaux. La SPA de Lyon lance une campagne contre les abandons"},"content":{"rendered":"<p>\u00c0 l\u2019approche des vacances, les refuges voient affluer chiens, chats et petits animaux de compagnie. Actuellement, pr\u00e8s de 500 animaux sont pris en charge dans nos refuges de Brignais (Rh\u00f4ne) et Dompierre-sur-Veyle (Ain). Les moyens humains, logistiques et financiers sont limit\u00e9s pour subvenir \u00e0 leurs besoins. Chaque \u00e9t\u00e9, nos refuges sont satur\u00e9s et nos \u00e9quipes \u00e9prouv\u00e9es. Les adoptions, plus rares \u00e0 cette p\u00e9riode, paralysent la capacit\u00e9 d\u2019accueil.<\/p>\n<p>Ce fl\u00e9au connu ne doit pas \u00eatre banalis\u00e9 ou ignor\u00e9. Notre nouvelle campagne d\u00e9nonce des motifs d\u2019abandon absurdes mais souvent utilis\u00e9s : \u00ab Il nous encombre en vacances \u00bb, \u00ab Il perd trop ses poils \u00bb, \u00ab On n\u2019a pas le temps de s\u2019en occuper \u00bb \u2026 La SPA de Lyon d\u00e9nonce ces comportements, \u00e0 l\u2019origine de milliers de victimes. Chaque adoptant doit \u00eatre conscient des enjeux et s\u2019engager uniquement si toutes les conditions sont r\u00e9unies pour accueillir un animal. Nos refuges restent ouverts tout l\u2019\u00e9t\u00e9 (hors dimanches et jours f\u00e9ri\u00e9s).<\/p>\n<p>Venez rencontrer nos pensionnaires, ils n&rsquo;attendent que vous. Si vous ne pouvez pas adopter, vous pouvez toujours nous soutenir. La SPA de Lyon, association autonome et ind\u00e9pendante, compte sur votre g\u00e9n\u00e9rosit\u00e9 pour continuer ses actions et sauver d\u2019autres animaux dans le besoin. Procurez-vous nos autocollants contre les abandons, sur www.spa-lyon.org ou dans notre boutique \u00e0 Lyon 2e et nos refuges.<\/p>\n","protected":false},"excerpt":{"rendered":"\u00c0 l\u2019approche des vacances, les refuges voient affluer chiens, chats et petits animaux de compagnie. Actuellement, pr\u00e8s de&hellip;\n","protected":false},"author":2,"featured_media":223406,"comment_status":"","ping_status":"","sticky":false,"template":"","format":"standard","meta":{"footnotes":""},"categories":[1889],"tags":[1111,11,1867,2430,1777,674,107,1011,27,329,2428,1031,15108,12,25],"class_list":{"0":"post-223405","1":"post","2":"type-post","3":"status-publish","4":"format-standard","5":"has-post-thumbnail","7":"category-lyon","8":"tag-actu","9":"tag-actualites","10":"tag-animaux","11":"tag-auvergne-rhone-alpes","12":"tag-eu","13":"tag-europe","14":"tag-fil-info","15":"tag-fr","16":"tag-france","17":"tag-france-monde","18":"tag-lyon","19":"tag-magazine","20":"tag-magazine-lifestyle","21":"tag-news","22":"tag-republique-francaise"},"share_on_mastodon":{"url":"https:\/\/pubeurope.com\/@fr\/114789966408683195","error":""},"_links":{"self":[{"href":"https:\/\/www.europesays.com\/fr\/wp-json\/wp\/v2\/posts\/223405","targetHints":{"allow":["GET"]}}],"collection":[{"href":"https:\/\/www.europesays.com\/fr\/wp-json\/wp\/v2\/posts"}],"about":[{"href":"https:\/\/www.europesays.com\/fr\/wp-json\/wp\/v2\/types\/post"}],"author":[{"embeddable":true,"href":"https:\/\/www.europesays.com\/fr\/wp-json\/wp\/v2\/users\/2"}],"replies":[{"embeddable":true,"href":"https:\/\/www.europesays.com\/fr\/wp-json\/wp\/v2\/comments?post=223405"}],"version-history":[{"count":0,"href":"https:\/\/www.europesays.com\/fr\/wp-json\/wp\/v2\/posts\/223405\/revisions"}],"wp:featuredmedia":[{"embeddable":true,"href":"https:\/\/www.europesays.com\/fr\/wp-json\/wp\/v2\/media\/223406"}],"wp:attachment":[{"href":"https:\/\/www.europesays.com\/fr\/wp-json\/wp\/v2\/media?parent=223405"}],"wp:term":[{"taxonomy":"category","embeddable":true,"href":"https:\/\/www.europesays.com\/fr\/wp-json\/wp\/v2\/categories?post=223405"},{"taxonomy":"post_tag","embeddable":true,"href":"https:\/\/www.europesays.com\/fr\/wp-json\/wp\/v2\/tags?post=223405"}],"curies":[{"name":"wp","href":"https:\/\/api.w.org\/{rel}","templated":true}]}}