{"id":223411,"date":"2025-07-03T15:19:09","date_gmt":"2025-07-03T15:19:09","guid":{"rendered":"https:\/\/www.europesays.com\/fr\/223411\/"},"modified":"2025-07-03T15:19:09","modified_gmt":"2025-07-03T15:19:09","slug":"il-sera-bientot-possible-de-ramener-sa-poele-usagee-a-la-poste-pour-la-faire-recycler","status":"publish","type":"post","link":"https:\/\/www.europesays.com\/fr\/223411\/","title":{"rendered":"il sera bient\u00f4t possible de ramener sa po\u00eale usag\u00e9e \u00e0 La Poste pour la faire recycler"},"content":{"rendered":"<p>            Par<br \/>\n        <strong><br \/>\n            <a href=\"https:\/\/actu.fr\/auteur\/redaction-paris\" title=\"Consulter tous les articles de R\u00e9daction Paris\" target=\"_blank\" rel=\"noopener\">R\u00e9daction Paris<\/a><br \/>\n        <\/strong><\/p>\n<p>        Publi\u00e9 le<\/p>\n<p>            3 juil. 2025 \u00e0 17h14        <\/p>\n<p><a href=\"https:\/\/actu.fr\/ile-de-france\/paris_75056\/la-poste-vend-desormais-des-paires-de-lunettes-reconditionnees-la-liste-des-bureaux-concernes-a-paris_62302388.html\" target=\"_blank\" rel=\"noopener\">Apr\u00e8s les lunettes<\/a>, les ustensiles de cuisine. <a href=\"https:\/\/actu.fr\/tag\/la-poste\" target=\"_blank\" rel=\"noopener\">La Poste<\/a> s\u2019appr\u00eate \u00e0 se lancer dans une op\u00e9ration de recyclage, cette fois-ci en collaboration avec Tefal. Pour cette nouvelle collecte, il sera donc question de <strong>po\u00eales<\/strong> et de <strong>casseroles<\/strong>. L\u2019objectif\u2009? Transformer \u00ab\u2009une po\u00eale usag\u00e9e en une nouvelle po\u00eale\u2009\u00bb, explique le groupe SEB dans un communiqu\u00e9, ce jeudi 3\u00a0juillet 2025.<\/p>\n<p>Plusieurs points de collecte \u00e0 Paris<\/p>\n<p class=\" wall-content\">Afin de \u00ab\u2009garantir une collecte accessible \u00e0 tous\u2009\u00bb, la marque va s\u2019appuyer sur le \u00ab\u2009r\u00e9seau de proximit\u00e9 unique de La Poste\u2009\u00bb. L\u2019ambition est que d\u00e8s le mois d\u2019octobre\u00a02025, chaque Fran\u00e7ois soit \u00ab\u2009\u00e0 moins de 15\u00a0minutes d\u2019un point de collecte\u2009\u00bb, gr\u00e2ce \u00e0 \u00ab\u2009un maillage de <strong>1\u2009700 points de collecte<\/strong> dont 945 sites postaux\u2009\u00bb.<\/p>\n<p class=\" wall-content\">Paris et la petite couronne disposeront de plusieurs points de collecte\u2009:\u00a0<strong>dix-huit<\/strong>\u00a0dans la capitale,\u00a0<strong>quatre<\/strong>\u00a0en Seine-Saint-Denis,\u00a0<strong>trois<\/strong>\u00a0dans les Hauts-de-Seine et\u00a0<strong>trois<\/strong>\u00a0dans le Val-de-Marne.\u00a0Une carte interactive est disponible sur\u00a0<a href=\"https:\/\/www.tefal.fr\/nousvousdevonslemeilleur\/cycle-de-vie-recyclage-poeles-casseroles\" target=\"_blank\" rel=\"noopener\">tefal.fr<\/a>.<\/p>\n<p class=\" wall-content\">\u00ab\u00a0En mettant notre r\u00e9seau de proximit\u00e9 au service d\u2019une fili\u00e8re de collecte et de recyclage innovante, nous contribuons concr\u00e8tement \u00e0 <strong>l\u2019\u00e9conomie circulaire<\/strong> et \u00e0 la valorisation du made in France\u00a0\u00bb, s\u2019est exprim\u00e9 Philippe Dorge, directeur g\u00e9n\u00e9ral adjoint du groupe La Poste.\u00a0<\/p>\n<p class=\" wall-content\">Une fa\u00e7on d\u2019encourager les citoyens \u00e0 se d\u00e9barrasser de leurs po\u00eales usag\u00e9es qui contiennent souvent du <a href=\"https:\/\/actu.fr\/planete\/pollution\/pfas-decouvrez-la-liste-des-usines-les-plus-polluantes-de-france-dans-notre-carte_62460238.html\" target=\"_blank\" rel=\"noopener\">PFAS<\/a>, des polluants \u00e9ternels particuli\u00e8rement pr\u00e9sents dans les rev\u00eatements adh\u00e9sifs et \u00ab<strong>\u2009d\u2019\u00e9conomiser plus de 90\u2009% de CO2<\/strong> par rapport \u00e0 la production d\u2019aluminium vierge.\u2009\u00bb<\/p>\n<p>Vid\u00e9os : en ce moment sur Actu<\/p>\n<p class=\" wall-content\">\u00ab\u00a0Avec cette initiative, nous affirmons notre volont\u00e9 de rendre l\u2019\u00e9conomie circulaire accessible \u00e0 tous, tout en garantissant des <strong>proc\u00e9d\u00e9s de recyclage<\/strong> performants et responsables\u00a0\u00bb, a de son c\u00f4t\u00e9 fait savoir Thierry de La Tour d\u2019Artaise, pr\u00e9sident du groupe SEB.\u00a0<\/p>\n<p class=\" wall-content\">Suivez toute l\u2019actualit\u00e9 de vos villes et m\u00e9dias favoris en vous inscrivant \u00e0 <a href=\"https:\/\/moncompte.actu.fr\" title=\"D\u00e9couvez Mon Actu\" rel=\"nofollow noopener\" data-trk=\"{&quot;cta&quot;:{&quot;action&quot;:&quot;https:\\\/\\\/moncompte.actu.fr&quot;,&quot;category&quot;:&quot;mon compte&quot;,&quot;from&quot;:&quot;article footer&quot;,&quot;name&quot;:&quot;Mon actu&quot;,&quot;type&quot;:&quot;cta&quot;}}\" target=\"_blank\">Mon Actu<\/a>.<\/p>\n","protected":false},"excerpt":{"rendered":"Par R\u00e9daction Paris Publi\u00e9 le 3 juil. 2025 \u00e0 17h14 Apr\u00e8s les lunettes, les ustensiles de cuisine. La&hellip;\n","protected":false},"author":2,"featured_media":223412,"comment_status":"","ping_status":"","sticky":false,"template":"","format":"standard","meta":{"footnotes":""},"categories":[1888],"tags":[1111,1928,11,1927,436,1777,674,1011,27,3316,12,1926,626,1925,52,25],"class_list":{"0":"post-223411","1":"post","2":"type-post","3":"status-publish","4":"format-standard","5":"has-post-thumbnail","7":"category-paris","8":"tag-actu","9":"tag-actu-paris","10":"tag-actualites","11":"tag-actualites-paris","12":"tag-environnement","13":"tag-eu","14":"tag-europe","15":"tag-fr","16":"tag-france","17":"tag-la-poste","18":"tag-news","19":"tag-news-paris","20":"tag-paris","21":"tag-paris-news","22":"tag-planete","23":"tag-republique-francaise"},"share_on_mastodon":{"url":"https:\/\/pubeurope.com\/@fr\/114789978248307274","error":""},"_links":{"self":[{"href":"https:\/\/www.europesays.com\/fr\/wp-json\/wp\/v2\/posts\/223411","targetHints":{"allow":["GET"]}}],"collection":[{"href":"https:\/\/www.europesays.com\/fr\/wp-json\/wp\/v2\/posts"}],"about":[{"href":"https:\/\/www.europesays.com\/fr\/wp-json\/wp\/v2\/types\/post"}],"author":[{"embeddable":true,"href":"https:\/\/www.europesays.com\/fr\/wp-json\/wp\/v2\/users\/2"}],"replies":[{"embeddable":true,"href":"https:\/\/www.europesays.com\/fr\/wp-json\/wp\/v2\/comments?post=223411"}],"version-history":[{"count":0,"href":"https:\/\/www.europesays.com\/fr\/wp-json\/wp\/v2\/posts\/223411\/revisions"}],"wp:featuredmedia":[{"embeddable":true,"href":"https:\/\/www.europesays.com\/fr\/wp-json\/wp\/v2\/media\/223412"}],"wp:attachment":[{"href":"https:\/\/www.europesays.com\/fr\/wp-json\/wp\/v2\/media?parent=223411"}],"wp:term":[{"taxonomy":"category","embeddable":true,"href":"https:\/\/www.europesays.com\/fr\/wp-json\/wp\/v2\/categories?post=223411"},{"taxonomy":"post_tag","embeddable":true,"href":"https:\/\/www.europesays.com\/fr\/wp-json\/wp\/v2\/tags?post=223411"}],"curies":[{"name":"wp","href":"https:\/\/api.w.org\/{rel}","templated":true}]}}