{"id":223413,"date":"2025-07-03T15:20:10","date_gmt":"2025-07-03T15:20:10","guid":{"rendered":"https:\/\/www.europesays.com\/fr\/223413\/"},"modified":"2025-07-03T15:20:10","modified_gmt":"2025-07-03T15:20:10","slug":"des-fumees-noires-visibles-jusqua-paris-les-pompiers-interviennent-sur-un-incendie-dans-le-val-doise","status":"publish","type":"post","link":"https:\/\/www.europesays.com\/fr\/223413\/","title":{"rendered":"Des fum\u00e9es noires visibles jusqu&rsquo;\u00e0 Paris : les pompiers interviennent sur un incendie dans le Val d&rsquo;Oise"},"content":{"rendered":"<ul class=\"jsx-862013697 ArticleChapo__List\">\n<li class=\"jsx-862013697 ArticleChapo__List_Item flex\">Un important incendie s&rsquo;est d\u00e9clar\u00e9 ce jeudi sur la commune de Goussainville.<\/li>\n<li class=\"jsx-862013697 ArticleChapo__List_Item flex\">Des fum\u00e9es noires ont envahi le ciel, inqui\u00e9tant les t\u00e9moins.<\/li>\n<li class=\"jsx-862013697 ArticleChapo__List_Item flex\">Les pompiers se sont imm\u00e9diatement rendus sur place.<\/li>\n<\/ul>\n<p data-module=\"article-paragraph\" class=\"jsx-3046738180 Paragraph\">D&rsquo;\u00e9paisses fum\u00e9es noires apparues dans le ciel en quelques minutes et visibles jusqu&rsquo;au centre de Paris. Ce jeudi apr\u00e8s-midi, un important incendie s&rsquo;est d\u00e9clar\u00e9 sur la commune de Goussainville, dans le Val-d&rsquo;Oise.\u00a0<\/p>\n<p data-module=\"article-paragraph\" class=\"jsx-3046738180 Paragraph Paragraph__End\">L&rsquo;information a \u00e9t\u00e9 imm\u00e9diatement relay\u00e9e par des t\u00e9moins inquiets et en qu\u00eate d&rsquo;informations et par d&rsquo;autres press\u00e9s de filmer la sc\u00e8ne et de la diffuser au plus grand nombre via les r\u00e9seaux sociaux.\u00a0<\/p>\n<blockquote data-testid=\"EmbedTwitter\" id=\"tweet-1940770048903409840-:R2bmij9n79m:\" class=\"jsx-aeff1a1c40f54d7a twitter-tweet flex justify-center items-center\"><p>#goussainville pic.twitter.com\/URNF9TuqMA \u2014 GFBEU (@GFBEU93)  July 3, 2025<\/p><\/blockquote>\n<blockquote data-testid=\"EmbedTwitter\" id=\"tweet-1940768159948329041-:R2c6ij9n79m:\" class=\"jsx-aeff1a1c40f54d7a twitter-tweet flex justify-center items-center\"><p>#Incendie \ud83d\udea8| Intervention en cours \u00e0  #Goussainville \u2013 Route de Roissy. Les sapeurs- #pompiers sont sur place. Un important panache de fum\u00e9es est visible. Prudence dans la zone \u26a0\ufe0f Laissez passer les v\u00e9hicules de secours. \ud83d\ude92  @Prefet95 @Valdoise @PoliceNat95 pic.twitter.com\/aqXq1ym5Gi \u2014 Sapeurs-pompiers du Val-d&rsquo;Oise \ud83d\ude92 (@Sdis_95)  July 3, 2025<\/p><\/blockquote>\n<p>Un p\u00e9rim\u00e8tre de s\u00e9curit\u00e9 a \u00e9t\u00e9 mis en place<\/p>\n<p data-module=\"article-paragraph\" class=\"jsx-3046738180 Paragraph\">Interrog\u00e9s par la r\u00e9daction de TF1-LCI, les sapeurs-pompiers du d\u00e9partement n&rsquo;ont pas souhait\u00e9 donner d&rsquo;informations pour l&rsquo;heure.\u00a0<\/p>\n<p data-module=\"article-paragraph\" class=\"jsx-3046738180 Paragraph\">Sur son site, la mairie de Goussainville se veut, elle, rassurante. Sur son compte Instagram, celle-ci a en effet indiqu\u00e9 qu&rsquo;il s&rsquo;agissait d&rsquo;un \u00ab\u00a0incendie d&rsquo;un engin de chantier\u00a0\u00bb survenu \u00ab\u00a0voie Rosi\u00e8res\u00a0\u00bb.\u00a0<\/p>\n<p data-module=\"article-paragraph\" class=\"jsx-3046738180 Paragraph Paragraph__End\">Un p\u00e9rim\u00e8tre de s\u00e9curit\u00e9 a \u00e9t\u00e9 \u00e9tabli. La mairie pr\u00e9cise que \u00ab\u00a0la route de Roissy\u00a0\u00bb est interrompue le temps de l&rsquo;intervention des soldats du feu.\u00a0<\/p>\n<p>Le sinistre survenu dans une entreprise de recyclage<\/p>\n<p data-module=\"article-paragraph\" class=\"jsx-3046738180 Paragraph\">Selon une source polici\u00e8re, l&rsquo;incendie est survenu chez BG recyclage, entreprise de collecte et de valorisation des d\u00e9chets de chantier et d&rsquo;\u00e9quipements \u00e9lectriques.\u00a0<\/p>\n<p data-module=\"article-paragraph\" class=\"jsx-3046738180 Paragraph Paragraph__End\">Neuf salari\u00e9s ont \u00e9t\u00e9 \u00e9vacu\u00e9s du site. Deux ont \u00e9t\u00e9 intoxiqu\u00e9s. Ils ont \u00e9t\u00e9 pris en charge par les secours.<\/p>\n<p>A.S avec Rapha\u00ebl Maillochon<\/p>\n<p><script async src=\"https:\/\/platform.twitter.com\/widgets.js\" charset=\"utf-8\"><\/script><\/p>\n","protected":false},"excerpt":{"rendered":"Un important incendie s&rsquo;est d\u00e9clar\u00e9 ce jeudi sur la commune de Goussainville. Des fum\u00e9es noires ont envahi le&hellip;\n","protected":false},"author":2,"featured_media":223414,"comment_status":"","ping_status":"","sticky":false,"template":"","format":"standard","meta":{"footnotes":""},"categories":[1888],"tags":[1111,1928,11,1927,1921,1777,674,1011,27,1310,1922,2954,12,1926,626,1925,1072,4775,25,2292,133,2953],"class_list":{"0":"post-223413","1":"post","2":"type-post","3":"status-publish","4":"format-standard","5":"has-post-thumbnail","7":"category-paris","8":"tag-actu","9":"tag-actu-paris","10":"tag-actualites","11":"tag-actualites-paris","12":"tag-article-video","13":"tag-eu","14":"tag-europe","15":"tag-fr","16":"tag-france","17":"tag-incendie","18":"tag-info","19":"tag-justice-et-faits-divers","20":"tag-news","21":"tag-news-paris","22":"tag-paris","23":"tag-paris-news","24":"tag-police","25":"tag-pompier","26":"tag-republique-francaise","27":"tag-val-doise","28":"tag-video","29":"tag-video-police"},"share_on_mastodon":{"url":"https:\/\/pubeurope.com\/@fr\/114789982238345189","error":""},"_links":{"self":[{"href":"https:\/\/www.europesays.com\/fr\/wp-json\/wp\/v2\/posts\/223413","targetHints":{"allow":["GET"]}}],"collection":[{"href":"https:\/\/www.europesays.com\/fr\/wp-json\/wp\/v2\/posts"}],"about":[{"href":"https:\/\/www.europesays.com\/fr\/wp-json\/wp\/v2\/types\/post"}],"author":[{"embeddable":true,"href":"https:\/\/www.europesays.com\/fr\/wp-json\/wp\/v2\/users\/2"}],"replies":[{"embeddable":true,"href":"https:\/\/www.europesays.com\/fr\/wp-json\/wp\/v2\/comments?post=223413"}],"version-history":[{"count":0,"href":"https:\/\/www.europesays.com\/fr\/wp-json\/wp\/v2\/posts\/223413\/revisions"}],"wp:featuredmedia":[{"embeddable":true,"href":"https:\/\/www.europesays.com\/fr\/wp-json\/wp\/v2\/media\/223414"}],"wp:attachment":[{"href":"https:\/\/www.europesays.com\/fr\/wp-json\/wp\/v2\/media?parent=223413"}],"wp:term":[{"taxonomy":"category","embeddable":true,"href":"https:\/\/www.europesays.com\/fr\/wp-json\/wp\/v2\/categories?post=223413"},{"taxonomy":"post_tag","embeddable":true,"href":"https:\/\/www.europesays.com\/fr\/wp-json\/wp\/v2\/tags?post=223413"}],"curies":[{"name":"wp","href":"https:\/\/api.w.org\/{rel}","templated":true}]}}