{"id":223423,"date":"2025-07-03T15:25:12","date_gmt":"2025-07-03T15:25:12","guid":{"rendered":"https:\/\/www.europesays.com\/fr\/223423\/"},"modified":"2025-07-03T15:25:12","modified_gmt":"2025-07-03T15:25:12","slug":"une-croissance-solide-de-lemploi-aux-etats-unis-masque-des-faiblesses-sous-jacentes","status":"publish","type":"post","link":"https:\/\/www.europesays.com\/fr\/223423\/","title":{"rendered":"Une croissance solide de l&#8217;emploi aux \u00c9tats-Unis masque des faiblesses sous-jacentes"},"content":{"rendered":"<p>La croissance de l&#8217;emploi aux \u00c9tats-Unis s&rsquo;est r\u00e9v\u00e9l\u00e9e plus robuste que pr\u00e9vu en juin, mais pr\u00e8s de la moiti\u00e9 de l&rsquo;augmentation des emplois non agricoles provient du secteur public, tandis que les cr\u00e9ations d&#8217;emplois dans le priv\u00e9 ralentissent nettement. Les secteurs comme l&rsquo;industrie manufacturi\u00e8re et le commerce de d\u00e9tail peinent \u00e0 faire face \u00e0 la politique de tarifs douaniers agressifs instaur\u00e9e par l&rsquo;administration Trump.<\/p>\n<p>Le rapport sur l&#8217;emploi, tr\u00e8s suivi, du d\u00e9partement du Travail montre \u00e9galement que le taux de ch\u00f4mage est tomb\u00e9 \u00e0 4,1 % le mois dernier, contre 4,2 % en mai, une baisse en partie attribuable au fait que certaines personnes ont quitt\u00e9 la population active. La dur\u00e9e hebdomadaire moyenne de travail a diminu\u00e9 le mois dernier, ce qui sugg\u00e8re que les entreprises r\u00e9duisent probablement les heures travaill\u00e9es face \u00e0 des vents \u00e9conomiques contraires croissants.<\/p>\n<p>\u00ab Bien que le chiffre global des emplois soit tr\u00e8s solide, la faiblesse \u00e9tait g\u00e9n\u00e9ralis\u00e9e dans le secteur priv\u00e9 \u00bb, explique Eugenio Aleman, chef \u00e9conomiste chez Raymond James. \u00ab Le march\u00e9 du travail a continu\u00e9 de s&rsquo;affaiblir en juin, ce qui correspond \u00e0 notre analyse et devrait relancer le d\u00e9bat sur la trajectoire des taux d&rsquo;int\u00e9r\u00eat de la R\u00e9serve f\u00e9d\u00e9rale. \u00bb<\/p>\n<p>Les emplois non agricoles ont augment\u00e9 de 147 000 le mois dernier, apr\u00e8s une r\u00e9vision \u00e0 la hausse \u00e0 144 000 en mai, selon le Bureau of Labor Statistics du d\u00e9partement du Travail. Les \u00e9conomistes interrog\u00e9s par Reuters anticipaient une hausse de 110 000 emplois, apr\u00e8s une progression pr\u00e9c\u00e9demment annonc\u00e9e de 139 000 en mai.<\/p>\n<p>Les estimations variaient entre une hausse de 50 000 \u00e0 160 000 emplois. Ce rapport a \u00e9t\u00e9 publi\u00e9 un jour plus t\u00f4t en raison du jour f\u00e9ri\u00e9 de l&rsquo;Independence Day, c\u00e9l\u00e9br\u00e9 vendredi. Malgr\u00e9 la hausse plus forte qu&rsquo;attendu des effectifs, la croissance de l&#8217;emploi ralentit et se concentre dans quelques secteurs seulement.<\/p>\n<p>L&#8217;emploi dans la fonction publique a augment\u00e9 de 73 000, port\u00e9 par une hausse de 40 000 dans l&rsquo;enseignement au niveau des \u00c9tats, un ph\u00e9nom\u00e8ne que les \u00e9conomistes attribuent \u00e0 une variation saisonni\u00e8re li\u00e9e \u00e0 la fin de l&rsquo;ann\u00e9e scolaire. L&rsquo;enseignement local a cr\u00e9\u00e9 23 000 emplois suppl\u00e9mentaires. Les pertes d&#8217;emplois au sein du gouvernement f\u00e9d\u00e9ral se poursuivent, avec 7 000 postes supprim\u00e9s ; l&rsquo;effectif est d\u00e9sormais en baisse de 69 000 depuis le pic observ\u00e9 en janvier.<\/p>\n<p>Dans le secteur priv\u00e9, les cr\u00e9ations d&#8217;emplois se sont \u00e9lev\u00e9es \u00e0 74 000, soit le niveau le plus bas depuis octobre 2024. Le secteur de la sant\u00e9 a ajout\u00e9 39 000 emplois, r\u00e9partis entre les h\u00f4pitaux, les maisons de retraite et les \u00e9tablissements de soins r\u00e9sidentiels. L&rsquo;aide sociale a progress\u00e9 de 19 000 emplois. En dehors de ces secteurs peu sensibles au cycle \u00e9conomique, les gains d&#8217;emplois sont rest\u00e9s faibles.<\/p>\n<p>Les indices boursiers am\u00e9ricains ont recul\u00e9. Le dollar s&rsquo;est appr\u00e9ci\u00e9 face \u00e0 un panier de devises. Les rendements des bons du Tr\u00e9sor am\u00e9ricain ont augment\u00e9.<\/p>\n<p><b>D\u00c9TAILS FAIBLES<\/b><\/p>\n<p>Selon les \u00e9conomistes, la politique de Donald Trump, jug\u00e9e anti-croissance, incluant des tarifs douaniers massifs sur les importations, des expulsions massives de migrants et de fortes coupes budg\u00e9taires, a modifi\u00e9 la perception de l&rsquo;\u00e9conomie par le public.<\/p>\n<p>La confiance des entreprises et des consommateurs avait bondi apr\u00e8s la victoire de Trump \u00e0 la pr\u00e9sidentielle en novembre dernier, dans l&rsquo;attente de baisses d&rsquo;imp\u00f4ts et d&rsquo;une r\u00e9glementation all\u00e9g\u00e9e, avant de retomber environ deux mois plus tard.<\/p>\n<p>L&rsquo;industrie manufacturi\u00e8re a supprim\u00e9 7 000 emplois, tandis que le commerce de gros en a perdu 6 600. Les services professionnels et administratifs ont vu leurs effectifs diminuer de 7 000. Les d\u00e9taillants n&rsquo;ont cr\u00e9\u00e9 que 2 400 emplois suppl\u00e9mentaires.<\/p>\n<p>La dur\u00e9e moyenne hebdomadaire de travail est tomb\u00e9e \u00e0 34,2 heures contre 34,3 heures en mai. Le taux de ch\u00f4mage a baiss\u00e9 par rapport \u00e0 4,2 % en mai, alors que les \u00e9conomistes anticipaient une hausse \u00e0 4,3 %.<\/p>\n<p>Plusieurs indicateurs, dont le nombre de personnes d\u00e9posant des demandes d&rsquo;allocations ch\u00f4mage ou percevant des indemnit\u00e9s, signalent un essoufflement du march\u00e9 du travail apr\u00e8s une solide performance qui a permis \u00e0 l&rsquo;\u00e9conomie d&rsquo;\u00e9viter la r\u00e9cession, alors que la banque centrale am\u00e9ricaine a men\u00e9 une politique mon\u00e9taire tr\u00e8s restrictive pour lutter contre l&rsquo;inflation.<\/p>\n<p>La plupart des \u00e9conomistes anticipent une hausse du taux de ch\u00f4mage au second semestre, ce qui pourrait inciter la Fed \u00e0 reprendre son cycle d&rsquo;assouplissement mon\u00e9taire d\u00e8s septembre.<\/p>\n<p>Cependant, certains \u00e9conomistes estiment que la hausse du taux de ch\u00f4mage pourrait \u00eatre limit\u00e9e, la r\u00e9duction de la population active due \u00e0 la politique migratoire de l&rsquo;administration Trump restreignant l&rsquo;offre de travail. Avec la suppression du statut l\u00e9gal temporaire de centaines de milliers de migrants par la Maison Blanche, les \u00e9conomistes estiment qu&rsquo;il faudrait cr\u00e9er moins de 100 000 emplois suppl\u00e9mentaires par mois pour maintenir le taux de ch\u00f4mage stable.<\/p>\n<p>Le mois dernier, la Fed a laiss\u00e9 son taux directeur dans une fourchette de 4,25 % \u00e0 4,50 %, niveau maintenu depuis d\u00e9cembre. Mardi, le pr\u00e9sident de la Fed, Jerome Powell, a r\u00e9it\u00e9r\u00e9 la volont\u00e9 de la banque centrale de \u00ab patienter et en apprendre davantage \u00bb sur l&rsquo;impact des tarifs douaniers sur l&rsquo;inflation avant d&rsquo;envisager une nouvelle baisse des taux.<\/p>\n","protected":false},"excerpt":{"rendered":"La croissance de l&#8217;emploi aux \u00c9tats-Unis s&rsquo;est r\u00e9v\u00e9l\u00e9e plus robuste que pr\u00e9vu en juin, mais pr\u00e8s de la&hellip;\n","protected":false},"author":2,"featured_media":223424,"comment_status":"","ping_status":"","sticky":false,"template":"","format":"standard","meta":{"footnotes":""},"categories":[1589],"tags":[11,340,73,1866,12,1864,1865,1863,308],"class_list":{"0":"post-223423","1":"post","2":"type-post","3":"status-publish","4":"format-standard","5":"has-post-thumbnail","7":"category-etats-unis","8":"tag-actualites","9":"tag-bourse","10":"tag-etats-unis","11":"tag-etats-unis-damerique","12":"tag-news","13":"tag-united-states","14":"tag-united-states-of-america","15":"tag-us","16":"tag-usa"},"share_on_mastodon":{"url":"https:\/\/pubeurope.com\/@fr\/114790001885751010","error":""},"_links":{"self":[{"href":"https:\/\/www.europesays.com\/fr\/wp-json\/wp\/v2\/posts\/223423","targetHints":{"allow":["GET"]}}],"collection":[{"href":"https:\/\/www.europesays.com\/fr\/wp-json\/wp\/v2\/posts"}],"about":[{"href":"https:\/\/www.europesays.com\/fr\/wp-json\/wp\/v2\/types\/post"}],"author":[{"embeddable":true,"href":"https:\/\/www.europesays.com\/fr\/wp-json\/wp\/v2\/users\/2"}],"replies":[{"embeddable":true,"href":"https:\/\/www.europesays.com\/fr\/wp-json\/wp\/v2\/comments?post=223423"}],"version-history":[{"count":0,"href":"https:\/\/www.europesays.com\/fr\/wp-json\/wp\/v2\/posts\/223423\/revisions"}],"wp:featuredmedia":[{"embeddable":true,"href":"https:\/\/www.europesays.com\/fr\/wp-json\/wp\/v2\/media\/223424"}],"wp:attachment":[{"href":"https:\/\/www.europesays.com\/fr\/wp-json\/wp\/v2\/media?parent=223423"}],"wp:term":[{"taxonomy":"category","embeddable":true,"href":"https:\/\/www.europesays.com\/fr\/wp-json\/wp\/v2\/categories?post=223423"},{"taxonomy":"post_tag","embeddable":true,"href":"https:\/\/www.europesays.com\/fr\/wp-json\/wp\/v2\/tags?post=223423"}],"curies":[{"name":"wp","href":"https:\/\/api.w.org\/{rel}","templated":true}]}}