{"id":223427,"date":"2025-07-03T15:27:14","date_gmt":"2025-07-03T15:27:14","guid":{"rendered":"https:\/\/www.europesays.com\/fr\/223427\/"},"modified":"2025-07-03T15:27:14","modified_gmt":"2025-07-03T15:27:14","slug":"%f0%9f%87%a9%f0%9f%87%aa-allemagne-quatre-blesses-dans-une-attaque-a-la-hache-a-bord-dun-train-en-baviere-des-passagers-neutralisent-lauteur","status":"publish","type":"post","link":"https:\/\/www.europesays.com\/fr\/223427\/","title":{"rendered":"\ud83c\udde9\ud83c\uddea Allemagne. Quatre bless\u00e9s dans une attaque \u00e0 la hache \u00e0 bord d\u2019un train en Bavi\u00e8re, des passagers neutralisent l\u2019auteur"},"content":{"rendered":"<p>Un homme a bless\u00e9 quatre passagers \u00e0 bord d\u2019un train ICE reliant Hambourg \u00e0 Vienne, jeudi 3 juillet en Bavi\u00e8re. Arm\u00e9 d\u2019une hache, il a \u00e9t\u00e9 ma\u00eetris\u00e9 par des voyageurs puis arr\u00eat\u00e9. Une enqu\u00eate est en cours.<\/p>\n<p><img loading=\"lazy\" data-recalc-dims=\"1\" decoding=\"async\" width=\"640\" height=\"360\" data-attachment-id=\"178547\" data-permalink=\"https:\/\/policeetrealites.com\/police-2808325_1280\/\" data-orig-file=\"https:\/\/i0.wp.com\/policeetrealites.com\/wp-content\/uploads\/2021\/07\/police-2808325_1280.jpg?fit=1280%2C720&amp;ssl=1\" data-orig-size=\"1280,720\" data-comments-opened=\"0\" data-image-meta=\"{&quot;aperture&quot;:&quot;0&quot;,&quot;credit&quot;:&quot;&quot;,&quot;camera&quot;:&quot;&quot;,&quot;caption&quot;:&quot;&quot;,&quot;created_timestamp&quot;:&quot;0&quot;,&quot;copyright&quot;:&quot;&quot;,&quot;focal_length&quot;:&quot;0&quot;,&quot;iso&quot;:&quot;0&quot;,&quot;shutter_speed&quot;:&quot;0&quot;,&quot;title&quot;:&quot;&quot;,&quot;orientation&quot;:&quot;0&quot;}\" data-image-title=\"police polizei allemagne\" data-image-description=\"\" data-image-caption=\"\" data-medium-file=\"https:\/\/i0.wp.com\/policeetrealites.com\/wp-content\/uploads\/2021\/07\/police-2808325_1280.jpg?fit=300%2C169&amp;ssl=1\" data-large-file=\"https:\/\/i0.wp.com\/policeetrealites.com\/wp-content\/uploads\/2021\/07\/police-2808325_1280.jpg?fit=640%2C360&amp;ssl=1\" src=\"https:\/\/www.europesays.com\/fr\/wp-content\/uploads\/2025\/07\/police-2808325_1280.jpg\" alt=\"\" class=\"wp-image-178547\"\/><\/p>\n<p class=\"p1\">Jeudi 3 juillet 2025, aux alentours de 13h55, un homme a agress\u00e9 plusieurs passagers \u00e0 bord d\u2019un train \u00e0 grande vitesse (ICE) circulant entre Hambourg et Vienne, alors que celui-ci traversait la Bavi\u00e8re, dans le sud-est de l\u2019Allemagne. Arm\u00e9 d\u2019une hache selon le journal Bild, l\u2019assaillant a bless\u00e9 l\u00e9g\u00e8rement quatre voyageurs.<\/p>\n<p class=\"p1\">Des passagers sont parvenus \u00e0 le ma\u00eetriser avant l\u2019intervention des secours. L\u2019un d\u2019eux a activ\u00e9 le frein d\u2019urgence. L\u2019auteur pr\u00e9sum\u00e9 a \u00e9t\u00e9 bless\u00e9 au moment de son interpellation et transport\u00e9 \u00e0 l\u2019h\u00f4pital par h\u00e9licopt\u00e8re.<\/p>\n<p class=\"p1\">La police allemande, d\u00e9ploy\u00e9e en nombre sur les lieux avec les pompiers, les secours et les \u00e9quipes de la Deutsche Bahn, a ouvert une enqu\u00eate pour d\u00e9terminer les circonstances exactes de l\u2019attaque. La ligne ferroviaire est actuellement coup\u00e9e.<\/p>\n<p class=\"p1\">Cet \u00e9v\u00e9nement survient dans un contexte s\u00e9curitaire tendu en Allemagne, r\u00e9guli\u00e8rement marqu\u00e9e ces derniers mois par des agressions \u00e0 l\u2019arme blanche, des attentats djihadistes et des actes violents \u00e0 caract\u00e8re politique.<\/p>\n<p>J\u2019aime \u00e7a\u00a0:<\/p>\n<p>J\u2019aime chargement\u2026<\/p>\n<p><a class=\"sd-link-color\"\/><\/p>\n<p>\tEn savoir plus sur Police &amp; R\u00e9alit\u00e9s<\/p>\n<p class=\"has-text-align-center\" style=\"margin-top:10px;margin-bottom:10px;font-size:15px\">Subscribe to get the latest posts sent to your email.<\/p>\n<p>\t\tContinue Reading<\/p>\n","protected":false},"excerpt":{"rendered":"Un homme a bless\u00e9 quatre passagers \u00e0 bord d\u2019un train ICE reliant Hambourg \u00e0 Vienne, jeudi 3 juillet&hellip;\n","protected":false},"author":2,"featured_media":223428,"comment_status":"","ping_status":"","sticky":false,"template":"","format":"standard","meta":{"footnotes":""},"categories":[1587],"tags":[11,672,1804,1805,1803,1777,674,1801,12,1802],"class_list":{"0":"post-223427","1":"post","2":"type-post","3":"status-publish","4":"format-standard","5":"has-post-thumbnail","7":"category-allemagne","8":"tag-actualites","9":"tag-allemagne","10":"tag-bundesrepublik-deutschland","11":"tag-de","12":"tag-deutschland","13":"tag-eu","14":"tag-europe","15":"tag-germany","16":"tag-news","17":"tag-republique-federale-dallemagne"},"share_on_mastodon":{"url":"https:\/\/pubeurope.com\/@fr\/114790009789555913","error":""},"_links":{"self":[{"href":"https:\/\/www.europesays.com\/fr\/wp-json\/wp\/v2\/posts\/223427","targetHints":{"allow":["GET"]}}],"collection":[{"href":"https:\/\/www.europesays.com\/fr\/wp-json\/wp\/v2\/posts"}],"about":[{"href":"https:\/\/www.europesays.com\/fr\/wp-json\/wp\/v2\/types\/post"}],"author":[{"embeddable":true,"href":"https:\/\/www.europesays.com\/fr\/wp-json\/wp\/v2\/users\/2"}],"replies":[{"embeddable":true,"href":"https:\/\/www.europesays.com\/fr\/wp-json\/wp\/v2\/comments?post=223427"}],"version-history":[{"count":0,"href":"https:\/\/www.europesays.com\/fr\/wp-json\/wp\/v2\/posts\/223427\/revisions"}],"wp:featuredmedia":[{"embeddable":true,"href":"https:\/\/www.europesays.com\/fr\/wp-json\/wp\/v2\/media\/223428"}],"wp:attachment":[{"href":"https:\/\/www.europesays.com\/fr\/wp-json\/wp\/v2\/media?parent=223427"}],"wp:term":[{"taxonomy":"category","embeddable":true,"href":"https:\/\/www.europesays.com\/fr\/wp-json\/wp\/v2\/categories?post=223427"},{"taxonomy":"post_tag","embeddable":true,"href":"https:\/\/www.europesays.com\/fr\/wp-json\/wp\/v2\/tags?post=223427"}],"curies":[{"name":"wp","href":"https:\/\/api.w.org\/{rel}","templated":true}]}}