{"id":223442,"date":"2025-07-03T15:37:16","date_gmt":"2025-07-03T15:37:16","guid":{"rendered":"https:\/\/www.europesays.com\/fr\/223442\/"},"modified":"2025-07-03T15:37:16","modified_gmt":"2025-07-03T15:37:16","slug":"la-ffbb-reconnait-un-echec-et-va-se-livrer-a-une-analyse-sans-concession-y-compris-sur-lavenir-de-toupane","status":"publish","type":"post","link":"https:\/\/www.europesays.com\/fr\/223442\/","title":{"rendered":"La FFBB reconna\u00eet \u00ab\u00a0un \u00e9chec\u00a0\u00bb et va se livrer \u00e0 \u00ab\u00a0une analyse sans concession\u00a0\u00bb, y compris sur l&rsquo;avenir de Toupane"},"content":{"rendered":"<p>En zone mixte du Stade de la Paix et de l\u2019Amiti\u00e9, l\u2019ambiance \u00e9tait radicalement diff\u00e9rente entre la limite cens\u00e9e s\u00e9parer les joueuses des journalistes. D\u2019un c\u00f4t\u00e9, des Italiennes qui repartaient dans l\u2019autre sens, rayonnantes avec leur m\u00e9daille de bronze, direction la conf\u00e9rence de presse afin d\u2019arroser le coach. De l\u2019autre, les mines d\u00e9faites des pontes de la f\u00e9d\u00e9ration fran\u00e7aise, le s\u00e9lectionneur Jean-Aim\u00e9 Toupane et son directeur technique national, Alain Contensoux.<\/p>\n<p><strong>\u00ab\u00a0Une tr\u00e8s grande d\u00e9ception pour le basket f\u00e9minin fran\u00e7ais\u00a0\u00bb<\/strong><\/p>\n<p>Devant les m\u00e9dias fran\u00e7ais, le DTN n\u2019a pas cherch\u00e9 \u00e0 rehausser le bilan de l\u2019\u00e9quipe de France, <a target=\"_blank\" rel=\"noopener\" href=\"https:\/\/www.bebasket.fr\/quatriemes-de-leurobasket-une-premiere-sans-medaille-depuis-18-ans-le-fiasco-des-bleues\">triste quatri\u00e8me<\/a> de cet EuroBasket, priv\u00e9e de m\u00e9daille pour la premi\u00e8re fois depuis 2007.\u00a0\u00ab\u00a0C\u2019est un \u00e9chec\u00a0\u00bb, a-t-il ass\u00e9n\u00e9. \u00ab\u00a0En comp\u00e9tition internationale, les objectifs de la f\u00e9d\u00e9ration sont toujours de viser le podium. Or, on n\u2019y est pas\u2026 C\u2019est une tr\u00e8s grande d\u00e9ception pour le groupe, le staff, les joueuses, le basket f\u00e9minin fran\u00e7ais.\u00a0\u00bb<\/p>\n<p>LIRE AUSSI<\/p>\n<p><a href=\"https:\/\/www.bebasket.fr\/quatriemes-de-leurobasket-une-premiere-sans-medaille-depuis-18-ans-le-fiasco-des-bleues\" target=\"_blank\" rel=\"noopener\"> <img decoding=\"async\" src=\"https:\/\/www.europesays.com\/fr\/wp-content\/uploads\/2025\/07\/pxufille09qqcrl21xrw-1f05503e-46c7-6742-9b09-b3916e356f8e.jpeg\" alt=\"\"\/> <\/a><\/p>\n<p>Toutefois, il n\u2019\u00e9tait pas l\u2019heure du bilan \u00e0 chaud pour la f\u00e9d\u00e9ration d\u2019un pr\u00e9sident, Jean-Pierre Huncker, qui vivait l\u00e0 sa premi\u00e8re comp\u00e9tition internationale. \u00ab\u00a0On va \u00eatre sur une analyse sans concession\u00a0\u00bb, a promis Alain Contensoux, indiquant que la FFBB allait Il va aussi falloir s\u2019adapter \u00e0 une nouvelle donne : on ne s\u2019est peut-\u00eatre pas assez bien adapt\u00e9s \u00e0 cette pr\u00e9paration \u00e9tag\u00e9e \u00ab\u00a0prendre le temps, d\u00e9briefer \u00e0 froid et mettre en tout ce place tout qu\u2019il faudra pour rebondir tr\u00e8s vite\u00a0\u00bb. On doit travailler pour trouver les raisons de \u00e7a.<\/p>\n<p><strong>\u00ab\u00a0Peut-\u00eatre qu\u2019on ne s\u2019est pas assez adapt\u00e9\u2026\u00a0\u00bb<\/strong><\/p>\n<p>Parmi les premi\u00e8res raisons identifi\u00e9es, cependant,\u00a0\u00ab\u00a0une pr\u00e9paration \u00e9tag\u00e9e\u00a0\u00bb\u00a0avec des dates d\u2019arriv\u00e9e gradu\u00e9es pour certaines des pensionnaires de WNBA,\u00a0<a target=\"_blank\" rel=\"noopener\" href=\"https:\/\/www.bebasket.fr\/joueur\/janelle-salaun\">Janelle Sala\u00fcn<\/a>,\u00a0<a target=\"_blank\" rel=\"noopener\" href=\"https:\/\/www.bebasket.fr\/joueur\/leila-lacan\">Leila Lacan<\/a> et\u00a0<a target=\"_blank\" rel=\"noopener\" href=\"https:\/\/www.bebasket.fr\/joueur\/marieme-badiane\">Mari\u00e8me Badiane<\/a> en l\u2019occurrence.\u00a0\u00ab\u00a0Peut-\u00eatre qu\u2019on ne s\u2019est pas assez adapt\u00e9 \u00e0 cette nouvelle donne, ce ne sont plus les pr\u00e9parations que l\u2019on a connu par le pass\u00e9\u00a0\u00bb, reconnait d\u00e9j\u00e0 le directeur technique national.<\/p>\n<p>LIRE AUSSI<\/p>\n<p><a href=\"https:\/\/www.bebasket.fr\/iliana-rupert-ce-nest-pas-un-pas-en-arriere-mais-une-etape-de-plus-dans-la-construction-du-groupe\" target=\"_blank\" rel=\"noopener\"> <img decoding=\"async\" src=\"https:\/\/www.europesays.com\/fr\/wp-content\/uploads\/2025\/07\/wwsdjwq9ul7mv6mjmwh-1f055075-627f-6778-adb0-f3a50706a3ea.jpeg\" alt=\"\"\/> <\/a><\/p>\n<p>En revanche, comme le s\u00e9lectionneur, Alain Contensoux n\u2019a pas souhait\u00e9 \u00e9voquer les absentes, avec trois vice-championnes olympiques (<a target=\"_blank\" rel=\"noopener\" href=\"https:\/\/www.bebasket.fr\/joueur\/gabby-williams\">Gabby Williams<\/a>,\u00a0<a target=\"_blank\" rel=\"noopener\" href=\"https:\/\/www.bebasket.fr\/joueur\/marine-johannes\">Marine Johannes<\/a>, <a target=\"_blank\" rel=\"noopener\" href=\"https:\/\/www.bebasket.fr\/joueur\/dominiqu-malonga\">Dominique Malonga<\/a>) et\u00a0<a target=\"_blank\" rel=\"noopener\" href=\"https:\/\/www.bebasket.fr\/joueur\/carla-leite\">Carla Leite<\/a> retenues en WNBA. \u00ab\u00a0On avait une tr\u00e8s belle \u00e9quipe, gr\u00e2ce au r\u00e9servoir important du basket fran\u00e7ais. Je n\u2019ai pas envie de parler des absentes, elles ne repr\u00e9sentent pas une excuse.\u00a0\u00bb<\/p>\n<p><strong>Un soutien pour Toupane, quand m\u00eame<\/strong><\/p>\n<p>De nouveau tr\u00e8s contest\u00e9 par le grand public apr\u00e8s une campagne olympique qui lui avait valu un r\u00e9pit d\u2019un an, le s\u00e9lectionneur\u00a0<strong>Jean-Aim\u00e9 Toupane\u00a0<\/strong>se retrouve \u00e9galement forc\u00e9ment au c\u0153ur des interrogations. En 2021, il avait \u00e9t\u00e9 embauch\u00e9 pour mettre fin \u00e0 la terrible s\u00e9rie de Val\u00e9rie Garnier, qui avait perdu quatre finales europ\u00e9ennes d\u2019affil\u00e9e. Lui n\u2019a toujours pas r\u00e9ussi \u00e0 atteindre cette finale, \u00e9limin\u00e9 \u00e0 deux reprises en demi-finale pour ses deux premiers EuroBasket.<\/p>\n<p>LIRE AUSSI<\/p>\n<p><a href=\"https:\/\/www.bebasket.fr\/jean-aime-toupane-tire-le-bilan-dun-eurobasket-decevant-pour-les-bleues-on-assume-tout\" target=\"_blank\" rel=\"noopener\"> <img decoding=\"async\" src=\"https:\/\/www.europesays.com\/fr\/wp-content\/uploads\/2025\/07\/feteszp3kuj5gwuczthn-1f05511b-02d4-6390-a7ad-a1cf6fee3cb1.jpeg\" alt=\"\"\/> <\/a><\/p>\n<p>\u00ab\u00a0Cet \u00e9chec\u00a0\u00bb, d\u00e9j\u00e0 authentifi\u00e9 comme tel par la FFBB, peut-il donc remettre en cause son avenir, alors qu\u2019il a \u00e9t\u00e9 <a target=\"_blank\" rel=\"noopener\" href=\"https:\/\/www.bebasket.fr\/officiel-frederic-fauthoux-et-jean-aime-toupane-selectionneurs-des-equipe-de-france-a\">prolong\u00e9 jusqu\u2019en 2028<\/a> ?\u00a0\u00ab\u00a0On prendra tous les aspects en consid\u00e9ration\u00a0\u00bb, a d\u2019abord r\u00e9pondu Alain Contensoux, avant une petite prise de position en faveur de son entra\u00eeneur. \u00ab\u00a0Je rappelle que Jean-Aim\u00e9 est un entra\u00eeneur vice-champion olympique. Je trouve, moi, qu\u2019il a fait du tr\u00e8s bon travail mais on verra au calme toutes les d\u00e9cisions que l\u2019on doit prendre, tout ce qu\u2019on doit modifier et comment on doit s\u2019adapter\u2026\u00a0\u00bb\u00a0Soit un non timide, m\u00eame si la porte n\u2019est pas ferm\u00e9e\u2026<\/p>\n<p style=\"text-align:right\"><strong>Au Pir\u00e9e,<\/strong><\/p>\n","protected":false},"excerpt":{"rendered":"En zone mixte du Stade de la Paix et de l\u2019Amiti\u00e9, l\u2019ambiance \u00e9tait radicalement diff\u00e9rente entre la limite&hellip;\n","protected":false},"author":2,"featured_media":223443,"comment_status":"","ping_status":"","sticky":false,"template":"","format":"standard","meta":{"footnotes":""},"categories":[1414],"tags":[1465,1464,1011,27,60],"class_list":{"0":"post-223442","1":"post","2":"type-post","3":"status-publish","4":"format-standard","5":"has-post-thumbnail","7":"category-basket","8":"tag-basket","9":"tag-basketball","10":"tag-fr","11":"tag-france","12":"tag-sports"},"share_on_mastodon":{"url":"https:\/\/pubeurope.com\/@fr\/114790049387190311","error":""},"_links":{"self":[{"href":"https:\/\/www.europesays.com\/fr\/wp-json\/wp\/v2\/posts\/223442","targetHints":{"allow":["GET"]}}],"collection":[{"href":"https:\/\/www.europesays.com\/fr\/wp-json\/wp\/v2\/posts"}],"about":[{"href":"https:\/\/www.europesays.com\/fr\/wp-json\/wp\/v2\/types\/post"}],"author":[{"embeddable":true,"href":"https:\/\/www.europesays.com\/fr\/wp-json\/wp\/v2\/users\/2"}],"replies":[{"embeddable":true,"href":"https:\/\/www.europesays.com\/fr\/wp-json\/wp\/v2\/comments?post=223442"}],"version-history":[{"count":0,"href":"https:\/\/www.europesays.com\/fr\/wp-json\/wp\/v2\/posts\/223442\/revisions"}],"wp:featuredmedia":[{"embeddable":true,"href":"https:\/\/www.europesays.com\/fr\/wp-json\/wp\/v2\/media\/223443"}],"wp:attachment":[{"href":"https:\/\/www.europesays.com\/fr\/wp-json\/wp\/v2\/media?parent=223442"}],"wp:term":[{"taxonomy":"category","embeddable":true,"href":"https:\/\/www.europesays.com\/fr\/wp-json\/wp\/v2\/categories?post=223442"},{"taxonomy":"post_tag","embeddable":true,"href":"https:\/\/www.europesays.com\/fr\/wp-json\/wp\/v2\/tags?post=223442"}],"curies":[{"name":"wp","href":"https:\/\/api.w.org\/{rel}","templated":true}]}}