{"id":223446,"date":"2025-07-03T15:39:12","date_gmt":"2025-07-03T15:39:12","guid":{"rendered":"https:\/\/www.europesays.com\/fr\/223446\/"},"modified":"2025-07-03T15:39:12","modified_gmt":"2025-07-03T15:39:12","slug":"luca-marini-pret-a-faire-son-retour-au-gp-dallemagne","status":"publish","type":"post","link":"https:\/\/www.europesays.com\/fr\/223446\/","title":{"rendered":"Luca Marini pr\u00eat \u00e0 faire son retour au GP d&rsquo;Allemagne"},"content":{"rendered":"<p>La publication ce jeudi de la liste des engag\u00e9s pour le Grand Prix d&rsquo;Allemagne, qui aura lieu la semaine prochaine, r\u00e9v\u00e8le que <a href=\"https:\/\/fr.motorsport.com\/driver\/luca-marini\/201098\/\" target=\"_blank\" rel=\"noopener\">Luca Marini<\/a> va bel et bien tenter de faire son retour en course. Accident\u00e9 le 28 mai, le pilote italien a particip\u00e9 cette semaine \u00e0 un test de Honda \u00e0 Brno, afin de confirmer qu&rsquo;il \u00e9tait suffisamment remis pour cela.<\/p>\n<p>Hospitalis\u00e9 11 jours au Japon apr\u00e8s son accident, survenu lors d&rsquo;essais orient\u00e9s vers les 8 Heures de Suzuka, Marini s&rsquo;est rapidement remis du premier choc malgr\u00e9 une multitude de blessures. Souffrant d&rsquo;un pneumothorax, d&rsquo;une luxation de la hanche, de l\u00e9sions ligamentaires au genou et de fractures au sternum et \u00e0 la clavicule, il a poursuivi les soins \u00e0 son domicile italien d\u00e8s qu&rsquo;il a pu quitter le pays, et il a fait des visites remarqu\u00e9es dans le paddock MotoGP et WorldSBK en juin.<\/p>\n<p>Il a t\u00e9moign\u00e9 au passage <a href=\"https:\/\/fr.motorsport.com\/motogp\/news\/marini-convalescence-pire-accident-carriere\/10733442\/\" target=\"_self\" rel=\"noopener\">d&rsquo;un accident qui aurait pu avoir des cons\u00e9quences bien plus lourdes encore<\/a>\u00a0mais d&rsquo;un \u00e9tat d&rsquo;esprit r\u00e9solument positif. Absent des trois derniers Grands Prix, il est donc attendu sur la RC213V au Sachsenring, apr\u00e8s avoir \u00e9t\u00e9 remplac\u00e9 par Takaaki Nakagami et Aleix Espargar\u00f3.<\/p>\n<p>   <img decoding=\"async\" draggable=\"false\" src=\"https:\/\/www.europesays.com\/fr\/wp-content\/uploads\/2025\/07\/alex-marquez-gresini-racing.jpg\" alt=\"Alex Marquez est annonc\u00e9 pour le GP d'Allemagne apr\u00e8s sa fracture de la main.\" width=\"1200\" height=\"800\" loading=\"lazy\"\/> <\/p>\n<p class=\"title\">\u00c1lex M\u00e1rquez est annonc\u00e9 pour le GP d&rsquo;Allemagne apr\u00e8s sa fracture de la main.<\/p>\n<p class=\"photographer\">Photo de : Gold and Goose Photography \/ LAT Images \/ via Getty Images<\/p>\n<p><a href=\"https:\/\/fr.motorsport.com\/driver\/alex-marquez\/96324\/\" target=\"_blank\" rel=\"noopener\">\u00c1lex M\u00e1rquez<\/a> appara\u00eet lui aussi parmi les inscrits pour la manche allemande, alors qu&rsquo;il s&rsquo;est cass\u00e9 la main gauche \u00e0 Assen, dimanche. Op\u00e9r\u00e9 le soir-m\u00eame, le deuxi\u00e8me homme du championnat a pass\u00e9 mardi un examen de contr\u00f4le satisfaisant et, apr\u00e8s quelques jours de soins suppl\u00e9mentaires, il se pr\u00e9sentera \u00e9galement au Sachsenring.<\/p>\n<p>\u00c0\u00a0l&rsquo;instar de Marini, le pilote Gresini devra passer le contr\u00f4le m\u00e9dical r\u00e9glementaire \u00e0 la veille des premiers essais, jeudi prochain, men\u00e9 par le Dr \u00c1ngel Charte, m\u00e9decin officiel du championnat. Ce n&rsquo;est qu&rsquo;\u00e0 ce moment-l\u00e0 que tous deux recevront l&rsquo;accord d\u00e9finitif pour participer aux EL1 du Grand Prix, et potentiellement \u00e0 la suite du week-end si leur \u00e9tat le leur permet.<\/p>\n<p>Mart\u00edn attendu dans deux semaines<\/p>\n<p>En revanche, <a href=\"https:\/\/fr.motorsport.com\/driver\/jorge-martin\/109391\/\" target=\"_blank\" rel=\"noopener\">Jorge Mart\u00edn<\/a> sera toujours absent en Allemagne, <a href=\"https:\/\/fr.motorsport.com\/motogp\/news\/martin-autorise-test-pas-disputer-course\/10738023\/\" target=\"_self\" rel=\"noopener\">comme cela \u00e9tait anticip\u00e9<\/a>, et une nouvelle fois remplac\u00e9 par <a href=\"https:\/\/fr.motorsport.com\/driver\/lorenzo-savadori\/408147\/\" target=\"_blank\" rel=\"noopener\">Lorenzo Savadori<\/a>, pilote essayeur d&rsquo;Aprilia. Le champion du monde en titre s&rsquo;est bless\u00e9 \u00e0 trois reprises entre les mois de f\u00e9vrier et d&rsquo;avril, accumulant de nombreuses l\u00e9sions. De r\u00e9cents examens de contr\u00f4le ont mis en lumi\u00e8re sa bonne r\u00e9cup\u00e9ration g\u00e9n\u00e9rale, mais un d\u00e9lai encore n\u00e9cessaire pour soigner son scapho\u00efde gauche fractur\u00e9.<\/p>\n<p>Mart\u00edn doit devoir les m\u00e9decins mardi prochain et il esp\u00e8re pouvoir faire son retour la semaine suivante, \u00e0 l&rsquo;occasion du GP de R\u00e9publique tch\u00e8que, \u00e0 Brno. Lui aussi profite cependant de <a href=\"https:\/\/fr.motorsport.com\/motogp\/news\/reglement-motogp-valide-test-retour-pilotes-blesses\/10720141\/\" target=\"_self\" rel=\"noopener\">la nouvelle r\u00e8gle autorisant les bless\u00e9s \u00e0 r\u00e9aliser un test<\/a> : un roulage a \u00e9t\u00e9 \u00e9voqu\u00e9 pour ce jeudi ou demain dans les derni\u00e8res informations communiqu\u00e9es.<\/p>\n<p>Lire aussi :<\/p>\n<p>Dans cet article<\/p>\n<p>    Germ\u00e1n Garcia Casanova\n<\/p>\n<p>    MotoGP\n<\/p>\n<p>    \u00c1lex M\u00e1rquez\n<\/p>\n<p>    Luca Marini\n<\/p>\n<p>    Honda HRC\n<\/p>\n<p>    Gresini Racing\n<\/p>\n<p>Soyez le premier inform\u00e9 et souscrivez aux alertes mails pour recevoir les infos en temps r\u00e9el<\/p>\n<p>    S&rsquo;abonner aux alertes de news<\/p>\n","protected":false},"excerpt":{"rendered":"La publication ce jeudi de la liste des engag\u00e9s pour le Grand Prix d&rsquo;Allemagne, qui aura lieu la&hellip;\n","protected":false},"author":2,"featured_media":223447,"comment_status":"","ping_status":"","sticky":false,"template":"","format":"standard","meta":{"footnotes":""},"categories":[1412],"tags":[1451,1452,1453,1454,1455,1011,27,36254,3452,3345,15966,1458,36255,60,7896],"class_list":{"0":"post-223446","1":"post","2":"type-post","3":"status-publish","4":"format-standard","5":"has-post-thumbnail","7":"category-f1","8":"tag-f1","9":"tag-formula-1","10":"tag-formula1","11":"tag-formule-1","12":"tag-formule1","13":"tag-fr","14":"tag-france","15":"tag-gp-dallemagne","16":"tag-gresini-racing","17":"tag-honda-hrc","18":"tag-luca-marini","19":"tag-motogp","20":"tag-sachsenring","21":"tag-sports","22":"tag-u00c1lex-mu00e1rquez"},"share_on_mastodon":{"url":"https:\/\/pubeurope.com\/@fr\/114790056817184922","error":""},"_links":{"self":[{"href":"https:\/\/www.europesays.com\/fr\/wp-json\/wp\/v2\/posts\/223446","targetHints":{"allow":["GET"]}}],"collection":[{"href":"https:\/\/www.europesays.com\/fr\/wp-json\/wp\/v2\/posts"}],"about":[{"href":"https:\/\/www.europesays.com\/fr\/wp-json\/wp\/v2\/types\/post"}],"author":[{"embeddable":true,"href":"https:\/\/www.europesays.com\/fr\/wp-json\/wp\/v2\/users\/2"}],"replies":[{"embeddable":true,"href":"https:\/\/www.europesays.com\/fr\/wp-json\/wp\/v2\/comments?post=223446"}],"version-history":[{"count":0,"href":"https:\/\/www.europesays.com\/fr\/wp-json\/wp\/v2\/posts\/223446\/revisions"}],"wp:featuredmedia":[{"embeddable":true,"href":"https:\/\/www.europesays.com\/fr\/wp-json\/wp\/v2\/media\/223447"}],"wp:attachment":[{"href":"https:\/\/www.europesays.com\/fr\/wp-json\/wp\/v2\/media?parent=223446"}],"wp:term":[{"taxonomy":"category","embeddable":true,"href":"https:\/\/www.europesays.com\/fr\/wp-json\/wp\/v2\/categories?post=223446"},{"taxonomy":"post_tag","embeddable":true,"href":"https:\/\/www.europesays.com\/fr\/wp-json\/wp\/v2\/tags?post=223446"}],"curies":[{"name":"wp","href":"https:\/\/api.w.org\/{rel}","templated":true}]}}