{"id":223454,"date":"2025-07-03T15:43:11","date_gmt":"2025-07-03T15:43:11","guid":{"rendered":"https:\/\/www.europesays.com\/fr\/223454\/"},"modified":"2025-07-03T15:43:11","modified_gmt":"2025-07-03T15:43:11","slug":"les-tresors-du-louvre-debarquent-dans-le-val-doise","status":"publish","type":"post","link":"https:\/\/www.europesays.com\/fr\/223454\/","title":{"rendered":"les tr\u00e9sors du Louvre d\u00e9barquent dans le Val-d&rsquo;Oise"},"content":{"rendered":"<p>            Par<br \/>\n        <strong><br \/>\n            <a href=\"https:\/\/actu.fr\/auteur\/jeromecavaretta\" title=\"Consulter tous les articles de J\u00e9r\u00f4me Cavaretta\" target=\"_blank\" rel=\"noopener\">J\u00e9r\u00f4me Cavaretta<\/a><br \/>\n        <\/strong><\/p>\n<p>        Publi\u00e9 le<\/p>\n<p>            3 juil. 2025 \u00e0 6h30        <\/p>\n<p>D\u00e9mocratiser la culture et donner \u00e0 admirer les plus belles \u0153uvres du<b> Louvre<\/b>.<\/p>\n<p class=\" wall-content\">C\u2019est la promesse du partenariat in\u00e9dit que la Ville de <a href=\"https:\/\/actu.fr\/ile-de-france\/cergy_95127\" target=\"_blank\" rel=\"noopener\">Cergy<\/a> vient de nouer avec le mus\u00e9e parisien et la pr\u00e9fecture de r\u00e9gion Ile-de-France.<\/p>\n<p class=\" wall-content\">D\u00e8s \u00e0 pr\u00e9sent, quelques reproductions de tableaux embl\u00e9matiques du Louvre sont visibles \u00e0 la m\u00e9diath\u00e8que de l\u2019Horloge tandis qu\u2019un jeu de r\u00f4le, qui propose aux enfants d\u2019incarner tous les m\u00e9tiers du mus\u00e9e, est activ\u00e9 au sein du groupe scolaire Le Petit Vent. Un avant-go\u00fbt de festin culturel.<\/p>\n<p class=\" wall-content\">\u00c0 partir de la rentr\u00e9e de septembre et pendant trois ans, une centaine de reproductions investiront Cergy et plus particuli\u00e8rement les <b>quartiers prioritaires<\/b> de la commune : Axe-Majeur-Horloge, Linandes et Bontemps-Terroir. <b>La Joconde<\/b>, Les Noces de Cana, la Libert\u00e9 guidant le peuple\u2026 au pied des immeubles.<\/p>\n<p>\u00ab\u00a0L\u2019art au c\u0153ur de Cergy\u00a0\u00bb<\/p>\n<p class=\" wall-content\">Le Louvre chez vous, c\u2019est le nom de ce dispositif pas comme les autres, pourra \u00e9pouser diff\u00e9rentes formes : expositions bien s\u00fbr mais aussi activit\u00e9s, ateliers, jeux\u2026 \u00c9paul\u00e9s par des m\u00e9diateurs exp\u00e9riment\u00e9s du Louvre, les ambassadeurs recrut\u00e9s par la Ville (lire ci-dessous) seront charg\u00e9s de d\u00e9finir les contours de cette diffusion de culture au gr\u00e9 d\u2019une trentaine de projets qui viseront en priorit\u00e9 les jeunes de 16 \u00e0 30\u00a0ans \u00ab en difficult\u00e9 d\u2019insertion \u00bb.<\/p>\n<p>    <img   decoding=\"async\" loading=\"lazy\" class=\"size-large\" src=\"https:\/\/www.europesays.com\/fr\/wp-content\/uploads\/2025\/07\/4ee84b5abb58622f84b5abb5806f84v-960x640.jpg\" alt=\"DSDS\" width=\"960\" height=\"640\"\/><br \/>\n    La convention avec le Louvre a \u00e9t\u00e9 sign\u00e9e le 18\u00a0juin au Douze. \u00a9Ville de Cergy<\/p>\n<blockquote class=\"ac-article-quote wall-content\">\n<p>\u00ab Nous voulons mettre l\u2019art au c\u0153ur de Cergy et le rendre accessible au plus grand nombre, commente Jean-Paul Jeandon, le maire Ps de Cergy. Si vous vous int\u00e9ressez \u00e0 l\u2019art et que vous avez un penchant pour le partage de savoirs, n\u2019h\u00e9sitez pas \u00e0 devenir ambassadeur. Il s\u2019agit d\u2019une opportunit\u00e9 unique pour tisser des liens entre les Cergyssois et les tr\u00e9sors du Louvre, et ainsi ancrer l\u2019art et la culture dans le quotidien des habitants. \u00bb<\/p>\n<\/blockquote>\n<p>    <img   decoding=\"async\" loading=\"lazy\" class=\"size-large\" src=\"https:\/\/www.europesays.com\/fr\/wp-content\/uploads\/2025\/07\/5649b07abb586d359b07abb58a859bv-768x640.jpeg\" alt=\"SDS\" width=\"768\" height=\"640\"\/><br \/>\n    Recrut\u00e9s par la Ville, 120 ambassadeurs seront charg\u00e9s de faire vivre le partenariat avec le mus\u00e9e parisien. \u00a9Ville de Cergy<\/p>\n<p class=\" wall-content\">Soumise au vote lors du conseil municipal de mai dernier, la convention sign\u00e9e avec le Louvre a \u00e9t\u00e9 adopt\u00e9e \u00e0 l\u2019unanimit\u00e9 par les \u00e9lus cergyssois. \u00ab C\u2019est une reconnaissance que le Louvre s\u2019engage pour trois ans avec la Ville de Cergy. C\u2019est une bonne nouvelle pour nos concitoyens. Le Louvre va venir chez nous mais nous allons aussi pouvoir aller au Louvre \u00e0 travers des visites collectives. Nous allons pouvoir en devenir les ambassadeurs \u00bb, confie Malika Yebdri, premi\u00e8re adjointe Ps.<\/p>\n<p class=\" wall-content\">\u00ab La culture est un moyen puissant d\u2019accompagnement vers la citoyennet\u00e9 et l\u2019apprentissage \u00bb, se f\u00e9licite Armand Payet (Horizons), chef de file de l\u2019opposition de droite et du centre.<\/p>\n<p>Devenez ambassadeurs<\/p>\n<p>Tous les Cergyssois qui se sentent l&rsquo;\u00e2me de \u00ab\u00a0passeurs culturels\u00a0\u00bb peuvent postuler pour devenir ambassadeurs du Louvre chez vous. Apr\u00e8s avoir \u00e9t\u00e9 form\u00e9s pendant deux jours au sein du mus\u00e9e parisien, ces ambassadeurs (agents de la ville, responsables d&rsquo;associations, parents d&rsquo;\u00e9l\u00e8ves&#8230;) seront face au public pour faire d\u00e9couvrir les chefs-d&rsquo;\u0153uvre du Louvre dans les diff\u00e9rents espaces de vie des quartiers. En contrepartie, les ambassadeurs b\u00e9n\u00e9ficieront d&rsquo;une carte Clef. Un pr\u00e9cieux s\u00e9same qui leur permettra d&rsquo;acc\u00e9der gratuitement aux collections et aux formations du mus\u00e9e. La Ville se fixe comme objectif de former 120 ambassadeurs. 45 ont d\u00e9j\u00e0 \u00e9t\u00e9 recrut\u00e9s et ont suivi une formation au Louvre. Pour<br \/>&#13;<br \/>\npostuler : <a href=\"https:\/\/actu.fr\/cdn-cgi\/l\/email-protection\" class=\"__cf_email__\" data-cfemail=\"0764686875636e6966736e68692a6b687271756247646275607e296175\" target=\"_blank\" rel=\"noopener\">[email\u00a0protected]<\/a>\u00a0<\/p>\n<p class=\" wall-content\">Suivez toute l\u2019actualit\u00e9 de vos villes et m\u00e9dias favoris en vous inscrivant \u00e0 <a href=\"https:\/\/moncompte.actu.fr\" title=\"D\u00e9couvez Mon Actu\" rel=\"nofollow noopener\" data-trk=\"{&quot;cta&quot;:{&quot;action&quot;:&quot;https:\\\/\\\/moncompte.actu.fr&quot;,&quot;category&quot;:&quot;mon compte&quot;,&quot;from&quot;:&quot;article footer&quot;,&quot;name&quot;:&quot;Mon actu&quot;,&quot;type&quot;:&quot;cta&quot;}}\" target=\"_blank\">Mon Actu<\/a>.<\/p>\n<ul class=\"ac-article-tag wall-content\">\n<li><a href=\"https:\/\/actu.fr\/tag\/agglomeration-de-cergy-pontoise\" data-trk=\"{&quot;cta&quot;:{&quot;action&quot;:&quot;Agglom\\u00e9ration de Cergy-Pontoise&quot;,&quot;category&quot;:&quot;tag&quot;,&quot;from&quot;:&quot;article footer&quot;,&quot;name&quot;:&quot;Agglom\\u00e9ration de Cergy-Pontoise&quot;,&quot;type&quot;:&quot;cta&quot;}}\" target=\"_blank\" rel=\"noopener\">#Agglom\u00e9ration de Cergy-Pontoise<\/a><\/li>\n<\/ul>\n","protected":false},"excerpt":{"rendered":"Par J\u00e9r\u00f4me Cavaretta Publi\u00e9 le 3 juil. 2025 \u00e0 6h30 D\u00e9mocratiser la culture et donner \u00e0 admirer les&hellip;\n","protected":false},"author":2,"featured_media":223455,"comment_status":"","ping_status":"","sticky":false,"template":"","format":"standard","meta":{"footnotes":""},"categories":[1358],"tags":[8428,1348,1384,1385,1386,58,59,1011,27,104],"class_list":{"0":"post-223454","1":"post","2":"type-post","3":"status-publish","4":"format-standard","5":"has-post-thumbnail","7":"category-arts-et-design","8":"tag-agglomeration-de-cergy-pontoise","9":"tag-arts","10":"tag-arts-and-design","11":"tag-arts-et-design","12":"tag-design","13":"tag-divertissement","14":"tag-entertainment","15":"tag-fr","16":"tag-france","17":"tag-societe"},"share_on_mastodon":{"url":"https:\/\/pubeurope.com\/@fr\/114790072664569615","error":""},"_links":{"self":[{"href":"https:\/\/www.europesays.com\/fr\/wp-json\/wp\/v2\/posts\/223454","targetHints":{"allow":["GET"]}}],"collection":[{"href":"https:\/\/www.europesays.com\/fr\/wp-json\/wp\/v2\/posts"}],"about":[{"href":"https:\/\/www.europesays.com\/fr\/wp-json\/wp\/v2\/types\/post"}],"author":[{"embeddable":true,"href":"https:\/\/www.europesays.com\/fr\/wp-json\/wp\/v2\/users\/2"}],"replies":[{"embeddable":true,"href":"https:\/\/www.europesays.com\/fr\/wp-json\/wp\/v2\/comments?post=223454"}],"version-history":[{"count":0,"href":"https:\/\/www.europesays.com\/fr\/wp-json\/wp\/v2\/posts\/223454\/revisions"}],"wp:featuredmedia":[{"embeddable":true,"href":"https:\/\/www.europesays.com\/fr\/wp-json\/wp\/v2\/media\/223455"}],"wp:attachment":[{"href":"https:\/\/www.europesays.com\/fr\/wp-json\/wp\/v2\/media?parent=223454"}],"wp:term":[{"taxonomy":"category","embeddable":true,"href":"https:\/\/www.europesays.com\/fr\/wp-json\/wp\/v2\/categories?post=223454"},{"taxonomy":"post_tag","embeddable":true,"href":"https:\/\/www.europesays.com\/fr\/wp-json\/wp\/v2\/tags?post=223454"}],"curies":[{"name":"wp","href":"https:\/\/api.w.org\/{rel}","templated":true}]}}