{"id":223464,"date":"2025-07-03T15:48:12","date_gmt":"2025-07-03T15:48:12","guid":{"rendered":"https:\/\/www.europesays.com\/fr\/223464\/"},"modified":"2025-07-03T15:48:12","modified_gmt":"2025-07-03T15:48:12","slug":"vous-pensiez-etre-a-labri-des-tiques-parce-que-vous-vivez-en-ville-detrompez-vous","status":"publish","type":"post","link":"https:\/\/www.europesays.com\/fr\/223464\/","title":{"rendered":"Vous pensiez \u00eatre \u00e0 l&rsquo;abri des tiques parce que vous vivez en ville? D\u00e9trompez-vous"},"content":{"rendered":"<p>Les tiques, ces petits arthropodes vecteurs de maladies r\u00e9jouissantes (comme celle de Lyme notamment) ne se limitent plus aux sentiers de randonn\u00e9e et aux hautes herbes des sous-bois. Elles prolif\u00e8rent d\u00e9sormais dans les parcs et jardins des grandes villes, posant un nouveau d\u00e9fi sanitaire, <a href=\"https:\/\/www.nationalgeographic.com\/animals\/article\/ticks-urban-populations-rising\" target=\"_blank\" rel=\"nofollow noopener\">rapporte le magazine National Geographic.<\/a> Leur pr\u00e9sence croissante en milieu urbain nous oblige \u00e0 repenser notre rapport \u00e0 la nature en ville.<\/p>\n<p><a href=\"https:\/\/e3b.columbia.edu\/faculty\/maria-diuk-wasser\/\" target=\"_blank\" rel=\"nofollow noopener\">Maria Diuk-Wasser<\/a>, \u00e9cologue sp\u00e9cialiste des maladies \u00e0 l&rsquo;universit\u00e9 Columbia (New York), a observ\u00e9 une augmentation spectaculaire des tiques dans les jardins et parcs de Staten Island, un arrondissement de la ville de New York. En seulement quelques ann\u00e9es, ces parasites ont colonis\u00e9 de plus en plus d&rsquo;espaces verts urbains, s&rsquo;\u00e9tendant m\u00eame vers le Queens et Brooklyn. Ce ph\u00e9nom\u00e8ne refl\u00e8te une tendance nationale aux \u00c9tats-Unis, o\u00f9 les populations de tiques ont explos\u00e9 <a href=\"https:\/\/www.nejm.org\/doi\/full\/10.1056\/NEJMp1807870\" target=\"_blank\" rel=\"nofollow noopener\">depuis le milieu des ann\u00e9es 2000<\/a>.<\/p>\n<p>        <img decoding=\"async\" alt=\"Abonnez-vous gratuitement \u00e0 la newsletter de Slate !\" loading=\"lazy\" class=\"ms-4 ms-md-0\" width=\"82\" height=\"82\" src=\"https:\/\/www.slate.fr\/assets\/newsletter-dd7c4ea7fb4ce45aacc56875521d4bde7ec4ba23f0a0ae088566df808b3a80c3.svg\"\/><br \/>\n        Abonnez-vous gratuitement \u00e0 la newsletter de Slate !Les articles sont s\u00e9lectionn\u00e9s pour vous, en fonction de vos centres d\u2019int\u00e9r\u00eat, tous les jours dans votre bo\u00eete mail.<\/p>\n<p>Plusieurs esp\u00e8ces de tiques inqui\u00e8tent les chercheurs am\u00e9ricains, notamment les <a href=\"https:\/\/fr.wikipedia.org\/wiki\/Ixodes_scapularis\" target=\"_blank\" rel=\"nofollow noopener\">tiques du cerf<\/a> (Ixodes scapularis), les tiques <a href=\"https:\/\/en.wikipedia.org\/wiki\/Dermacentor_variabilis\" target=\"_blank\" rel=\"nofollow noopener\">du chien<\/a> (Dermacentor variabilis) ou encore celles <a href=\"https:\/\/en.wikipedia.org\/wiki\/Haemaphysalis_longicornis\" target=\"_blank\" rel=\"nofollow noopener\">\u00ab\u00e0 longues cornes\u00bb<\/a> (Haemaphysalis longicornis). Ces acariens ont \u00e9largi leur territoire, s&rsquo;adaptant aux milieux urbains gr\u00e2ce \u00e0 la pr\u00e9sence d&rsquo;<a href=\"https:\/\/www.slate.fr\/dossier\/2557\/animaux\" class=\"tag-link\" rel=\"nofollow noopener\" target=\"_blank\">animaux<\/a>-h\u00f4tes comme les ratons laveurs, les renards, les souris, les \u00e9cureuils ou encore les cerfs. Ces derniers jouent un r\u00f4le important, car ils transportent les tiques lors de leurs d\u00e9placements, leur permettant une installation sur le long terme dans les parcs et les jardins.<\/p>\n<p>Se prot\u00e9ger en milieu urbain: les bons r\u00e9flexes<\/p>\n<p>La r\u00e9gression de l&rsquo;<a href=\"https:\/\/www.slate.fr\/dossier\/3053\/agriculture\" class=\"tag-link\" rel=\"nofollow noopener\" target=\"_blank\">agriculture<\/a> et la reforestation autour des villes ont recr\u00e9\u00e9 des habitats favorables aux tiques et \u00e0 leurs h\u00f4tes sauvages. Par ailleurs, la fragmentation des espaces naturels cr\u00e9e des zones de transition\u00a0\u2013les lisi\u00e8res\u2013 o\u00f9 les animaux et les tiques prosp\u00e8rent. Le <a href=\"https:\/\/www.slate.fr\/dossier\/7891\/changement-climatique\" class=\"tag-link\" rel=\"nofollow noopener\" target=\"_blank\">changement climatique<\/a> prolonge aussi la saison d&rsquo;activit\u00e9 des tiques, qui peuvent d\u00e9sormais survivre et se reproduire plus longtemps gr\u00e2ce \u00e0 des hivers plus doux.<\/p>\n<p>La pr\u00e9sence de <a href=\"https:\/\/www.slate.fr\/sante\/tiques-maladie-lyme-propager-monde-traitement-vaccin-chien-symptomes\" target=\"_blank\" rel=\"nofollow noopener\">tiques<\/a> en ville doit nous forcer \u00e0 nous adapter pour limiter les risques: il faut a minima porter des v\u00eatements longs. Les personnes travaillant dans ces espaces verts peuvent \u00e9galement opter pour des textiles trait\u00e9s avec des r\u00e9pulsifs. \u00c9vitez si possible de marcher dans les hautes herbes et inspectez soigneusement votre corps apr\u00e8s une sortie en plein air, m\u00eame en ville. Aisselles, aine, plis du coude, derri\u00e8re les genoux et les oreilles, dans le cuir chevelu: ne n\u00e9gligez rien.<\/p>\n<p>En France, la <a href=\"https:\/\/www.slate.fr\/story\/165002\/sante-maladie-lyme-borreliose-tiques-avis-haute-autorite-sante-recommandations-prise-en-charge-polemique-spilf-academie-medecine\" target=\"_blank\" rel=\"nofollow noopener\">maladie de Lyme<\/a>, transmise par <a href=\"https:\/\/fr.wikipedia.org\/wiki\/Ixodes_ricinus\" target=\"_blank\" rel=\"nofollow noopener\">la tique du mouton<\/a> (Ixodes ricinus), conna\u00eet \u00e9galement une progression notable, en particulier dans les zones p\u00e9riurbaines. <a href=\"https:\/\/www.santepubliquefrance.fr\/les-actualites\/2023\/borreliose-de-lyme-et-prevention-des-piqures-de-tiques-ou-en-est-on-en-france\" target=\"_blank\" rel=\"nofollow noopener\">Selon Sant\u00e9 publique France<\/a>, pr\u00e8s de 47.000 cas ont \u00e9t\u00e9 diagnostiqu\u00e9s en 2021 et l&rsquo;incidence varie fortement selon les r\u00e9gions, avec une attention particuli\u00e8re port\u00e9e sur le Grand Est. Comme aux \u00c9tats-Unis, la hausse des cas est principalement li\u00e9e \u00e0 l&rsquo;\u00e9volution de leur environnement, ce qui pousse les autorit\u00e9s \u00e0 renforcer la pr\u00e9vention et la sensibilisation aupr\u00e8s du public.<\/p>\n<p>Les tiques ne sont plus seulement <a href=\"https:\/\/www.slate.fr\/story\/230087\/tiques-proliferation-france-forets-chasse-environnement-maladies\" target=\"_blank\" rel=\"nofollow noopener\">des habitantes des for\u00eats recul\u00e9es<\/a>, car elles s&rsquo;adaptent et s&rsquo;installent dans nos espaces verts urbains. Conna\u00eetre leur mode de vie, comprendre les facteurs qui favorisent leur expansion et adopter des gestes simples de pr\u00e9vention sont essentiels pour profiter de la nature en toute s\u00e9curit\u00e9, que ce soit \u00e0 <a href=\"https:\/\/www.slate.fr\/dossier\/2351\/new-york\" class=\"tag-link\" rel=\"nofollow noopener\" target=\"_blank\">New York<\/a>, <a href=\"https:\/\/www.slate.fr\/dossier\/1221\/paris\" class=\"tag-link\" rel=\"nofollow noopener\" target=\"_blank\">Paris<\/a> ou ailleurs. Maintenant, allez inspecter l&rsquo;arri\u00e8re de vos genoux, juste pour \u00eatre s\u00fbr.<\/p>\n","protected":false},"excerpt":{"rendered":"Les tiques, ces petits arthropodes vecteurs de maladies r\u00e9jouissantes (comme celle de Lyme notamment) ne se limitent plus&hellip;\n","protected":false},"author":2,"featured_media":223465,"comment_status":"","ping_status":"","sticky":false,"template":"","format":"standard","meta":{"footnotes":""},"categories":[10],"tags":[1011,27,72,71],"class_list":{"0":"post-223464","1":"post","2":"type-post","3":"status-publish","4":"format-standard","5":"has-post-thumbnail","7":"category-sante","8":"tag-fr","9":"tag-france","10":"tag-health","11":"tag-sante"},"share_on_mastodon":{"url":"https:\/\/pubeurope.com\/@fr\/114790092233906366","error":""},"_links":{"self":[{"href":"https:\/\/www.europesays.com\/fr\/wp-json\/wp\/v2\/posts\/223464","targetHints":{"allow":["GET"]}}],"collection":[{"href":"https:\/\/www.europesays.com\/fr\/wp-json\/wp\/v2\/posts"}],"about":[{"href":"https:\/\/www.europesays.com\/fr\/wp-json\/wp\/v2\/types\/post"}],"author":[{"embeddable":true,"href":"https:\/\/www.europesays.com\/fr\/wp-json\/wp\/v2\/users\/2"}],"replies":[{"embeddable":true,"href":"https:\/\/www.europesays.com\/fr\/wp-json\/wp\/v2\/comments?post=223464"}],"version-history":[{"count":0,"href":"https:\/\/www.europesays.com\/fr\/wp-json\/wp\/v2\/posts\/223464\/revisions"}],"wp:featuredmedia":[{"embeddable":true,"href":"https:\/\/www.europesays.com\/fr\/wp-json\/wp\/v2\/media\/223465"}],"wp:attachment":[{"href":"https:\/\/www.europesays.com\/fr\/wp-json\/wp\/v2\/media?parent=223464"}],"wp:term":[{"taxonomy":"category","embeddable":true,"href":"https:\/\/www.europesays.com\/fr\/wp-json\/wp\/v2\/categories?post=223464"},{"taxonomy":"post_tag","embeddable":true,"href":"https:\/\/www.europesays.com\/fr\/wp-json\/wp\/v2\/tags?post=223464"}],"curies":[{"name":"wp","href":"https:\/\/api.w.org\/{rel}","templated":true}]}}