{"id":223480,"date":"2025-07-03T15:56:11","date_gmt":"2025-07-03T15:56:11","guid":{"rendered":"https:\/\/www.europesays.com\/fr\/223480\/"},"modified":"2025-07-03T15:56:11","modified_gmt":"2025-07-03T15:56:11","slug":"loire-il-tente-de-frapper-le-vigile-du-supermarche-apres-avoir-vole-des-bouteilles-dalcool","status":"publish","type":"post","link":"https:\/\/www.europesays.com\/fr\/223480\/","title":{"rendered":"Loire. Il tente de frapper le vigile du supermarch\u00e9 apr\u00e8s avoir vol\u00e9 des bouteilles d\u2019alcool"},"content":{"rendered":"<p>Lundi 30\u00a0juin, vers 18 heures, le vigile d\u2019un supermarch\u00e9 dans le quartier de Montplaisir est interpell\u00e9 par le man\u00e8ge suspect d\u2019un individu dans les rayons de l\u2019\u00e9tablissement. L\u2019homme semble avoir tent\u00e9 de d\u00e9rober trois bouteilles d\u2019alcool en les dissimulant sous ses v\u00eatements.<\/p>\n<p>  Un coup de t\u00eate<\/p>\n<p>C\u2019est alors que l\u2019agent de s\u00e9curit\u00e9 d\u00e9cide de ma\u00eetriser le voleur pour le placer dans un local avant d\u2019appeler les forces de police.<\/p>\n<p>Mais le St\u00e9phanois, \u00e2g\u00e9 de 42 ans, tente alors de le frapper en lui portant un coup de t\u00eate et en lui crachant dessus. Il sera finalement interpell\u00e9, puis plac\u00e9 en garde \u00e0 vue par les policiers rapidement arriv\u00e9s sur les lieux. \u00c0 l\u2019issue de son audition, il a \u00e9t\u00e9 pr\u00e9sent\u00e9 \u00e0 un magistrat qui a d\u00e9cid\u00e9 de le faire compara\u00eetre en justice dans le cadre d\u2019une comparution imm\u00e9diate.<\/p>\n","protected":false},"excerpt":{"rendered":"Lundi 30\u00a0juin, vers 18 heures, le vigile d\u2019un supermarch\u00e9 dans le quartier de Montplaisir est interpell\u00e9 par le&hellip;\n","protected":false},"author":2,"featured_media":223481,"comment_status":"","ping_status":"","sticky":false,"template":"","format":"standard","meta":{"footnotes":""},"categories":[9653],"tags":[1111,11,2430,271,272,7539,1777,674,274,1011,27,3367,12,25,4001,7538,104],"class_list":{"0":"post-223480","1":"post","2":"type-post","3":"status-publish","4":"format-standard","5":"has-post-thumbnail","7":"category-saint-etienne","8":"tag-actu","9":"tag-actualites","10":"tag-auvergne-rhone-alpes","11":"tag-crime","12":"tag-delit-et-contravention","13":"tag-edition-loire-sud","14":"tag-eu","15":"tag-europe","16":"tag-faits-divers-justice","17":"tag-fr","18":"tag-france","19":"tag-loire","20":"tag-news","21":"tag-republique-francaise","22":"tag-saint-etienne","23":"tag-saint-etienne-ville","24":"tag-societe"},"share_on_mastodon":{"url":"https:\/\/pubeurope.com\/@fr\/114790123902352952","error":""},"_links":{"self":[{"href":"https:\/\/www.europesays.com\/fr\/wp-json\/wp\/v2\/posts\/223480","targetHints":{"allow":["GET"]}}],"collection":[{"href":"https:\/\/www.europesays.com\/fr\/wp-json\/wp\/v2\/posts"}],"about":[{"href":"https:\/\/www.europesays.com\/fr\/wp-json\/wp\/v2\/types\/post"}],"author":[{"embeddable":true,"href":"https:\/\/www.europesays.com\/fr\/wp-json\/wp\/v2\/users\/2"}],"replies":[{"embeddable":true,"href":"https:\/\/www.europesays.com\/fr\/wp-json\/wp\/v2\/comments?post=223480"}],"version-history":[{"count":0,"href":"https:\/\/www.europesays.com\/fr\/wp-json\/wp\/v2\/posts\/223480\/revisions"}],"wp:featuredmedia":[{"embeddable":true,"href":"https:\/\/www.europesays.com\/fr\/wp-json\/wp\/v2\/media\/223481"}],"wp:attachment":[{"href":"https:\/\/www.europesays.com\/fr\/wp-json\/wp\/v2\/media?parent=223480"}],"wp:term":[{"taxonomy":"category","embeddable":true,"href":"https:\/\/www.europesays.com\/fr\/wp-json\/wp\/v2\/categories?post=223480"},{"taxonomy":"post_tag","embeddable":true,"href":"https:\/\/www.europesays.com\/fr\/wp-json\/wp\/v2\/tags?post=223480"}],"curies":[{"name":"wp","href":"https:\/\/api.w.org\/{rel}","templated":true}]}}