{"id":223482,"date":"2025-07-03T15:57:12","date_gmt":"2025-07-03T15:57:12","guid":{"rendered":"https:\/\/www.europesays.com\/fr\/223482\/"},"modified":"2025-07-03T15:57:12","modified_gmt":"2025-07-03T15:57:12","slug":"temoignage-contenus-masculinistes-sur-les-reseaux-sociaux-on-risque-davoir-un-drame-denonce-cette-mere-de-famille","status":"publish","type":"post","link":"https:\/\/www.europesays.com\/fr\/223482\/","title":{"rendered":"T\u00c9MOIGNAGE. Contenus masculinistes sur les r\u00e9seaux sociaux, \u00ab\u00a0on risque d&rsquo;avoir un drame\u00a0\u00bb d\u00e9nonce cette m\u00e8re de famille"},"content":{"rendered":"<p>        Publi\u00e9 le 03\/07\/2025 \u00e0 16h57<\/p>\n<p>          \u00c9crit par\u00a0<a class=\"article__temoignage-info__author__link\" href=\"https:\/\/france3-regions.franceinfo.fr\/redaction\/loreena-duret\" data-name=\"Loreena Duret\" data-region=\"https:\/\/france3-regions.franceinfo.fr\/auvergne-rhone-alpes\/\" target=\"_blank\" rel=\"noopener\">Loreena Duret<\/a><\/p>\n<ul class=\"article-share--alt__lst\">\n<li class=\"article-share--alt__lst__itm\">\n<p>\t\t\t\tFrance3 R\u00e9gions sur Facebook (Nouvelle fen\u00eatre)<\/p>\n<\/li>\n<li class=\"article-share--alt__lst__itm\">\n<p>\t\t\t\tFrance3 R\u00e9gions sur whatsapp (Nouvelle fen\u00eatre)<\/p>\n<\/li>\n<li class=\"article-share--alt__lst__itm\">\n<p>\t\t\t\tcopier le lien<br \/>\n\t\t\t\tlien copi\u00e9<\/p>\n<\/li>\n<\/ul>\n<p class=\"article__intro\">Un attentat masculiniste a \u00e9t\u00e9 d\u00e9jou\u00e9 \u00e0 Saint-\u00c9tienne et un jeune homme a \u00e9t\u00e9 mis en examen mardi 1\u1d49\u02b3 juillet 2025. Laetitia Curretti, originaire de Vaulx-en-Velin et maman d&rsquo;un adolescent de 13 ans, se mobilise pour d\u00e9noncer la misogynie en ligne. Elle est en col\u00e8re de l&rsquo;inaction des pouvoirs publics. <\/p>\n<p>\n      Soci\u00e9t\u00e9\n    <\/p>\n<p>\n      De la vie quotidienne aux grands enjeux, d\u00e9couvrez les sujets qui font la soci\u00e9t\u00e9 locale, comme la justice, l\u2019\u00e9ducation, la sant\u00e9 et la famille.\n    <\/p>\n<p>    France T\u00e9l\u00e9visions utilise votre adresse e-mail afin de vous envoyer la newsletter \u00ab\u00a0Soci\u00e9t\u00e9\u00a0\u00bb. Vous pouvez vous d\u00e9sinscrire \u00e0 tout moment via le lien en bas de cette newsletter. <a target=\"_blank\" href=\"https:\/\/www.francetelevisions.fr\/groupe\/confidentialite\/politique-de-confidentialite\/politique-de-confidentialite-de-france-televisions-6503\" rel=\"noopener\">Notre politique de confidentialit\u00e9<\/a><\/p>\n<p>La misogynie menace-t-elle aujourd&rsquo;hui de tuer ? Un jeune homme de 18 ans a \u00e9t\u00e9 mis en examen le mardi 1er juillet 2025 \u00e0 Saint-\u00c9tienne (Loire) pour avoir tent\u00e9 de commettre un attentat masculiniste pr\u00e8s d&rsquo;un lyc\u00e9e public. L&rsquo;adolescent se revendique de la mouvance \u00ab\u00a0incel\u00a0\u00bb, qui signifie \u00ab\u00a0c\u00e9libataire involontaire\u00a0\u00bb, selon eux, leur c\u00e9libat est li\u00e9 au fait que les femmes ne veulent pas d&rsquo;eux. Ils d\u00e9veloppent alors une haine du genre f\u00e9minin et des f\u00e9ministes.<\/p>\n<p>Sur les r\u00e9seaux sociaux, les contenus masculinistes pullulent, et les jeunes gar\u00e7ons tombent rapidement dessus. Cette probl\u00e9matique, Laeticia Curretti, une m\u00e8re de famille originaire de Vaulx-en-Velin, pr\u00e8s de Lyon, la conna\u00eet bien. Il y a quelques mois, elle a lanc\u00e9 une <a href=\"https:\/\/www.change.org\/p\/madame-borne-diffusez-la-s%C3%A9rie-adolescence-dans-les-coll%C3%A8ges-et-lyc%C3%A9es\" target=\"_blank\" rel=\"noopener\">p\u00e9tition<\/a> pour que la mini-s\u00e9rie Netflix Adolescence, qui traite de ce sujet, soit diffus\u00e9e dans les \u00e9tablissements scolaires. Elle avait finalement \u00e9t\u00e9 entendue par la ministre de l&rsquo;\u00c9ducation, \u00c9lisabeth Borne, qui l&rsquo;avait autoris\u00e9e.<\/p>\n<p>La notion de masculinisme et de misogynie n&rsquo;est pas nouvelle, notamment sur les r\u00e9seaux sociaux. Laetitia qui travaille dans le monde des jeux vid\u00e9o et d&rsquo;internet depuis pr\u00e8s de 15 ans, en a \u00e9t\u00e9 victime et t\u00e9moin \u00e0 de nombreuses reprises. \u00ab\u00a0C\u2019est une catastrophe ce \u00e0 quoi les jeunes ont acc\u00e8s, c&rsquo;est v\u00e9ritablement dangereux\u00a0\u00bb clame-t-elle. <\/p>\n<blockquote class=\"ftvi_content_quote\">\n<p class=\"ftvi_citation_quote\">Des menaces et des commentaires misogynes d\u2019hommes j\u2019en ai autant que de cartes Pok\u00e9mon.<\/p>\n<p>Laetitia Curretti<\/p>\n<p class=\"ftvi_citation_source\">M\u00e8re de famille rhodanienne<\/p>\n<\/blockquote>\n<p>Image d\u00e9gradante de la femme, conseils de drague misogyne, d\u00e9formation physique&#8230; Les contenus masculinistes sont divers et vari\u00e9s, et les vid\u00e9astes profitent de la vuln\u00e9rabilit\u00e9 de jeunes en souffrance pour vendre des formations et marteler leurs doctrines. L&rsquo;attentat d\u00e9jou\u00e9 \u00e0 Saint-\u00c9tienne n&rsquo;est pas une surprise pour la m\u00e8re de famille : \u00ab\u00a0Je suis en col\u00e8re, \u00e7a fait dix ans que l&rsquo;on pr\u00e9vient et que rien n&rsquo;est fait. Dans les mois \u00e0 venir, on risque d\u2019avoir un drame. Il en faut un, pour qu&rsquo;ils interviennent\u00a0\u00bb d\u00e9plore-t-elle. <\/p>\n<p>Un manque d&rsquo;action concr\u00e8te <\/p>\n<p>La m\u00e8re de famille d\u00e9plore le manque d&rsquo;action des gouvernements face \u00e0 ce fl\u00e9au : \u00ab\u00a0Personne ne r\u00e9agit, l\u2019\u00c9tat ne fait rien, ne fait pas de loi, n\u2019oblige pas les r\u00e9seaux sociaux \u00e0 supprimer ce type de contenu\u00a0\u00bb critique Laetitia. La misogynie peut \u00eatre d\u00e9lictuelle si elle se caract\u00e9rise par des discours haineux, des discriminations ou des violences verbales et physiques. \u00ab\u00a0Un jeune fran\u00e7ais ne doit pas pouvoir tomber l\u00e0-dessus\u00a0\u00bb ass\u00e8ne-t-elle. <\/p>\n<p>Laetitia Curretti a d\u00e9j\u00e0 pr\u00e9vu de r\u00e9agir une nouvelle fois, elle devrait lancer une p\u00e9tition dans les prochaines semaines, demandant \u00e0 l&rsquo;\u00c9tat d&rsquo;interdire les contenus sexistes sur internet. Elle envisage \u00e9galement de cr\u00e9er une association pour faire de la pr\u00e9vention, notamment aupr\u00e8s des jeunes.<\/p>\n<blockquote class=\"ftvi_content_quote\">\n<p class=\"ftvi_citation_quote\">\u00a0On part en croisade, tant qu\u2019on n&rsquo;aura pas un retour on ne l\u00e2chera pas.<\/p>\n<p>Laetitia Curretti<\/p>\n<p class=\"ftvi_citation_source\">M\u00e8re de famille rhodanienne<\/p>\n<\/blockquote>\n<p>Ce jeudi 3 juillet, Aurore Berg\u00e9, ministre d\u00e9l\u00e9gu\u00e9e \u00e0 l&rsquo;\u00c9galit\u00e9 femmes-hommes s&rsquo;est exprim\u00e9e dans la matinale de TF1. Elle assure avoir convoqu\u00e9 les dirigeants des diff\u00e9rents r\u00e9seaux sociaux ainsi que des associations antisexistes et antiracistes. Le but : faire comprendre aux plateformes l&rsquo;importance de supprimer rapidement ces contenus. Le jeune st\u00e9phanois a quant \u00e0 lui \u00e9tait plac\u00e9 en d\u00e9tention provisoire et le parquet national antiterroriste s&rsquo;est saisie de l&rsquo;affaire.<\/p>\n","protected":false},"excerpt":{"rendered":"Publi\u00e9 le 03\/07\/2025 \u00e0 16h57 \u00c9crit par\u00a0Loreena Duret France3 R\u00e9gions sur Facebook (Nouvelle fen\u00eatre) France3 R\u00e9gions sur whatsapp&hellip;\n","protected":false},"author":2,"featured_media":223483,"comment_status":"","ping_status":"","sticky":false,"template":"","format":"standard","meta":{"footnotes":""},"categories":[9653],"tags":[1111,11,2430,1777,674,1011,27,12,25,4001],"class_list":{"0":"post-223482","1":"post","2":"type-post","3":"status-publish","4":"format-standard","5":"has-post-thumbnail","7":"category-saint-etienne","8":"tag-actu","9":"tag-actualites","10":"tag-auvergne-rhone-alpes","11":"tag-eu","12":"tag-europe","13":"tag-fr","14":"tag-france","15":"tag-news","16":"tag-republique-francaise","17":"tag-saint-etienne"},"share_on_mastodon":{"url":"https:\/\/pubeurope.com\/@fr\/114790127663380778","error":""},"_links":{"self":[{"href":"https:\/\/www.europesays.com\/fr\/wp-json\/wp\/v2\/posts\/223482","targetHints":{"allow":["GET"]}}],"collection":[{"href":"https:\/\/www.europesays.com\/fr\/wp-json\/wp\/v2\/posts"}],"about":[{"href":"https:\/\/www.europesays.com\/fr\/wp-json\/wp\/v2\/types\/post"}],"author":[{"embeddable":true,"href":"https:\/\/www.europesays.com\/fr\/wp-json\/wp\/v2\/users\/2"}],"replies":[{"embeddable":true,"href":"https:\/\/www.europesays.com\/fr\/wp-json\/wp\/v2\/comments?post=223482"}],"version-history":[{"count":0,"href":"https:\/\/www.europesays.com\/fr\/wp-json\/wp\/v2\/posts\/223482\/revisions"}],"wp:featuredmedia":[{"embeddable":true,"href":"https:\/\/www.europesays.com\/fr\/wp-json\/wp\/v2\/media\/223483"}],"wp:attachment":[{"href":"https:\/\/www.europesays.com\/fr\/wp-json\/wp\/v2\/media?parent=223482"}],"wp:term":[{"taxonomy":"category","embeddable":true,"href":"https:\/\/www.europesays.com\/fr\/wp-json\/wp\/v2\/categories?post=223482"},{"taxonomy":"post_tag","embeddable":true,"href":"https:\/\/www.europesays.com\/fr\/wp-json\/wp\/v2\/tags?post=223482"}],"curies":[{"name":"wp","href":"https:\/\/api.w.org\/{rel}","templated":true}]}}