{"id":223484,"date":"2025-07-03T15:58:09","date_gmt":"2025-07-03T15:58:09","guid":{"rendered":"https:\/\/www.europesays.com\/fr\/223484\/"},"modified":"2025-07-03T15:58:09","modified_gmt":"2025-07-03T15:58:09","slug":"a-cause-dune-circulation-excessive-cette-route-qui-mene-au-chru-de-nancy-desormais-interdite-aux-voitures","status":"publish","type":"post","link":"https:\/\/www.europesays.com\/fr\/223484\/","title":{"rendered":"\u00c0 cause d&rsquo;une circulation excessive, cette route qui m\u00e8ne au\u00a0CHRU\u00a0de\u00a0Nancy d\u00e9sormais interdite aux voitures"},"content":{"rendered":"<p>            Par<br \/>\n        <strong><br \/>\n            <a href=\"https:\/\/actu.fr\/auteur\/amandine-mehl\" title=\"Consulter tous les articles de Amandine Mehl\" target=\"_blank\" rel=\"noopener\">Amandine Mehl<\/a><br \/>\n        <\/strong><\/p>\n<p>        Publi\u00e9 le<\/p>\n<p>            3 juil. 2025 \u00e0 17h52        <\/p>\n<p>Apr\u00e8s le passage <a href=\"https:\/\/actu.fr\/grand-est\/vandoeuvre-les-nancy_54547\/cette-ville-du-grand-nancy-va-bientot-passer-aux-30-km-h-ce-qu-il-faut-savoir_62158558.html\" target=\"_blank\" rel=\"noopener\">aux 30km\/h<\/a> en avril dernier, la Ville de <a href=\"https:\/\/actu.fr\/grand-est\/vandoeuvre-les-nancy_54547\" target=\"_blank\" rel=\"noopener\">Vand\u0153uvre-l\u00e8s-Nancy<\/a> vient d\u2019adopter une nouvelle mesure qui concerne directement les <strong>automobilistes<\/strong>.<\/p>\n<p class=\" wall-content\">Depuis le 1\u1d49\u02b3 juillet\u00a02025, une <strong>mesure exp\u00e9rimentale<\/strong> visant \u00e0 <strong>limiter<\/strong> la <a href=\"https:\/\/actu.fr\/tag\/circulation\" target=\"_blank\" rel=\"noopener\">circulation<\/a> dans le <strong>village menant au plateau de Brabois<\/strong>, et notamment au <a href=\"https:\/\/actu.fr\/grand-est\/nancy_54395\/prix-stationnement-nouveautes-tout-ce-qu-il-faut-savoir-sur-le-nouvel-hopital-du-chru-de-nancy_60641206.html\" target=\"_blank\" rel=\"noopener\">CHRU de Nancy<\/a>, a \u00e9t\u00e9 lanc\u00e9e. Seuls les riverains sont d\u00e9sormais autoris\u00e9s \u00e0 circuler dans le p\u00e9rim\u00e8tre.<\/p>\n<p>Une demande faite par les habitants<\/p>\n<p class=\" wall-content\">Lors du conseil municipal, <strong>Patrice Donati<\/strong>, le maire, a indiqu\u00e9 que cette d\u00e9cision est issue d\u2019une <strong>demande des habitants du village ainsi que du plateau de Brabois<\/strong>. \u00ab\u2009L\u2019objectif n\u2019est pas de supprimer la circulation dans le village, mais de r\u00e9duire le nombre de voitures qui le traversent\u2009\u00bb, a-t-il soulign\u00e9.<\/p>\n<p class=\" wall-content\">Outre l\u2019installation de panneaux, la M\u00e9tropole du Grand Nancy a mis en place un syst\u00e8me pour <strong>mesurer la circulation<\/strong>. Cela permettra notamment de faire une comparaison \u00ab\u2009avant\/apr\u00e8s\u2009\u00bb.<\/p>\n<p>Les automobilistes ne pourront plus rejoindre le CHRU de Nancy en passant par le village<\/p>\n<p class=\" wall-content\">Sur les r\u00e9seaux sociaux, la commune ajoute que cette mesure \u00ab\u2009s\u2019inscrit \u00e9galement dans un contexte de <strong>restructuration du CHRU de Nancy<\/strong>, qui entra\u00eenera un afflux de personnels et de chantiers sur le plateau de Brabois\u2009\u00bb.<\/p>\n<p>    <a href=\"https:\/\/www.facebook.com\/plugins\/post.php?href=https%3A%2F%2Fwww.facebook.com%2Fvandoeuvre%2Fposts%2Fpfbid0rT7wBGQ5VtB5NdQ8EqVTLwBXi1PrAvyWMqt2erCZh4MnJgxkdvaYWEube15ioWDHl&amp;show_text=true&amp;width=350\" title=\"Ouvrie le lien\" target=\"_blank\" rel=\"noopener\">Cliquez ici pour visualiser le contenu<\/a><\/p>\n<p class=\" wall-content\">Ainsi, les automobilistes qui avaient pour habitude de traverser le village pour rejoindre le plateau de Brabois devront d\u00e9sormais emprunter une <strong>d\u00e9viation<\/strong> et passer par l\u2019avenue du G\u00e9n\u00e9ral Leclerc. Les <strong>v\u00e9los<\/strong> ne sont en revanche <strong>pas concern\u00e9s<\/strong>.<\/p>\n<p>Pour \u00e9viter les bouchons, certains feux vont \u00eatre r\u00e9gl\u00e9s<\/p>\n<p class=\" wall-content\">Si des <strong>modifications<\/strong> sont attendues, particuli\u00e8rement le <strong>r\u00e9glage de certains feux pour \u00e9viter les bouchons<\/strong>, M. Donati semble satisfait que cette mesure soit enfin mise en place.<\/p>\n<p class=\" wall-content\">\u00ab\u2009C\u2019est un <strong>essai<\/strong>, mais si \u00e7a s\u2019av\u00e8re concluant, tant mieux.<strong> J\u2019esp\u00e8re que l\u2019on va r\u00e9ussir<\/strong>, par cette mani\u00e8re relativement douce, \u00e0 calmer la circulation dans le village. Cela faisait longtemps qu\u2019on souhaitait essayer et c\u2019est largement justifi\u00e9 par le probl\u00e8me de la <strong>pollution<\/strong>\u2009\u00bb li\u00e9 aux nombreux v\u00e9hicules qui traversent le site chaque jour.<\/p>\n<p class=\" wall-content\">Suivez toute l\u2019actualit\u00e9 de vos villes et m\u00e9dias favoris en vous inscrivant \u00e0 <a href=\"https:\/\/moncompte.actu.fr\" title=\"D\u00e9couvez Mon Actu\" rel=\"nofollow noopener\" data-trk=\"{&quot;cta&quot;:{&quot;action&quot;:&quot;https:\\\/\\\/moncompte.actu.fr&quot;,&quot;category&quot;:&quot;mon compte&quot;,&quot;from&quot;:&quot;article footer&quot;,&quot;name&quot;:&quot;Mon actu&quot;,&quot;type&quot;:&quot;cta&quot;}}\" target=\"_blank\">Mon Actu<\/a>.<\/p>\n<ul class=\"ac-article-tag wall-content\">\n<li><a href=\"https:\/\/actu.fr\/tag\/chru-de-nancy\" data-trk=\"{&quot;cta&quot;:{&quot;action&quot;:&quot;CHRU de Nancy&quot;,&quot;category&quot;:&quot;tag&quot;,&quot;from&quot;:&quot;article footer&quot;,&quot;name&quot;:&quot;CHRU de Nancy&quot;,&quot;type&quot;:&quot;cta&quot;}}\" target=\"_blank\" rel=\"noopener\">#CHRU de Nancy<\/a><\/li>\n<li><a href=\"https:\/\/actu.fr\/tag\/circulation\" data-trk=\"{&quot;cta&quot;:{&quot;action&quot;:&quot;Circulation&quot;,&quot;category&quot;:&quot;tag&quot;,&quot;from&quot;:&quot;article footer&quot;,&quot;name&quot;:&quot;Circulation&quot;,&quot;type&quot;:&quot;cta&quot;}}\" target=\"_blank\" rel=\"noopener\">#Circulation<\/a><\/li>\n<\/ul>\n","protected":false},"excerpt":{"rendered":"Par Amandine Mehl Publi\u00e9 le 3 juil. 2025 \u00e0 17h52 Apr\u00e8s le passage aux 30km\/h en avril dernier,&hellip;\n","protected":false},"author":2,"featured_media":223485,"comment_status":"","ping_status":"","sticky":false,"template":"","format":"standard","meta":{"footnotes":""},"categories":[9635],"tags":[1111,11,12765,3542,1777,674,1011,27,775,1702,12,25,104],"class_list":{"0":"post-223484","1":"post","2":"type-post","3":"status-publish","4":"format-standard","5":"has-post-thumbnail","7":"category-nancy","8":"tag-actu","9":"tag-actualites","10":"tag-chru-de-nancy","11":"tag-circulation","12":"tag-eu","13":"tag-europe","14":"tag-fr","15":"tag-france","16":"tag-grand-est","17":"tag-nancy","18":"tag-news","19":"tag-republique-francaise","20":"tag-societe"},"share_on_mastodon":{"url":"https:\/\/pubeurope.com\/@fr\/114790131595904770","error":""},"_links":{"self":[{"href":"https:\/\/www.europesays.com\/fr\/wp-json\/wp\/v2\/posts\/223484","targetHints":{"allow":["GET"]}}],"collection":[{"href":"https:\/\/www.europesays.com\/fr\/wp-json\/wp\/v2\/posts"}],"about":[{"href":"https:\/\/www.europesays.com\/fr\/wp-json\/wp\/v2\/types\/post"}],"author":[{"embeddable":true,"href":"https:\/\/www.europesays.com\/fr\/wp-json\/wp\/v2\/users\/2"}],"replies":[{"embeddable":true,"href":"https:\/\/www.europesays.com\/fr\/wp-json\/wp\/v2\/comments?post=223484"}],"version-history":[{"count":0,"href":"https:\/\/www.europesays.com\/fr\/wp-json\/wp\/v2\/posts\/223484\/revisions"}],"wp:featuredmedia":[{"embeddable":true,"href":"https:\/\/www.europesays.com\/fr\/wp-json\/wp\/v2\/media\/223485"}],"wp:attachment":[{"href":"https:\/\/www.europesays.com\/fr\/wp-json\/wp\/v2\/media?parent=223484"}],"wp:term":[{"taxonomy":"category","embeddable":true,"href":"https:\/\/www.europesays.com\/fr\/wp-json\/wp\/v2\/categories?post=223484"},{"taxonomy":"post_tag","embeddable":true,"href":"https:\/\/www.europesays.com\/fr\/wp-json\/wp\/v2\/tags?post=223484"}],"curies":[{"name":"wp","href":"https:\/\/api.w.org\/{rel}","templated":true}]}}