{"id":223494,"date":"2025-07-03T16:03:13","date_gmt":"2025-07-03T16:03:13","guid":{"rendered":"https:\/\/www.europesays.com\/fr\/223494\/"},"modified":"2025-07-03T16:03:13","modified_gmt":"2025-07-03T16:03:13","slug":"quatre-baigneurs-dont-trois-enfants-mordus-par-un-chien","status":"publish","type":"post","link":"https:\/\/www.europesays.com\/fr\/223494\/","title":{"rendered":"quatre baigneurs dont trois enfants mordus par un chien"},"content":{"rendered":"<p>            Par<br \/>\n        <strong><br \/>\n            <a href=\"https:\/\/actu.fr\/auteur\/jm-aubert\" title=\"Consulter tous les articles de Jean-Marc Aubert\" rel=\"nofollow noopener\" target=\"_blank\">Jean-Marc Aubert<\/a><br \/>\n        <\/strong><\/p>\n<p>        Publi\u00e9 le<\/p>\n<p>            3 juil. 2025 \u00e0 17h29<br \/>\n        ; mis \u00e0 jour le 3 juil. 2025 \u00e0 17h30    <\/p>\n<p><strong>Quatre baigneurs<\/strong>, dont <strong>trois enfants<\/strong>, ont \u00e9t\u00e9 <strong>attaqu\u00e9s par un chien en divagation<\/strong>, ce jeudi 3 juillet 2025, vers 16h30, sur <strong>la plage<\/strong> du Grand Travers, \u00e0 <strong>La Grande-Motte<\/strong>.<\/p>\n<p class=\" wall-content\">Les victimes se trouvaient pr\u00e8s des plages, lorsqu\u2019un chien livr\u00e9 \u00e0 lui m\u00eame s\u2019est soudain jet\u00e9 sur eux, apr\u00e8s avoir saut\u00e9 la cl\u00f4ture de son propri\u00e9taire r\u00e9sidant dans cette zone, situ\u00e9e entre La Grande-Motte, le Petit Travers et Carnon-Est.<\/p>\n<p>    <a href=\"https:\/\/www.google.com\/maps\/embed?pb=!1m18!1m12!1m3!1d38255.14492912622!2d4.03669589875437!3d43.557365806333486!2m3!1f0!2f0!3f0!3m2!1i1024!2i768!4f13.1!3m3!1m2!1s0x12b6bd37ca52c0ef%3A0x85053ac779c637f6!2sLe%20Grand%20Travers%2C%2034280%20La%20Grande-Motte!5e0!3m2!1sfr!2sfr!4v1751556025778!5m2!1sfr!2sfr\" title=\"Ouvrie le lien\" rel=\"nofollow noopener\" target=\"_blank\">Cliquez ici pour visualiser le contenu<\/a><\/p>\n<p class=\" wall-content\">Mordus \u00e0 plusieurs endroits, conscients, mais en \u00e9tat de choc, trois enfants \u00e2g\u00e9s de 6 \u00e0 12 ans et un homme \u00e2g\u00e9 de 58 ans ont \u00e9t\u00e9 secourus par les sapeurs-pompiers du <strong>Sdis 34<\/strong> et\u00a0une \u00e9quipe m\u00e9dicale. Les mineurs ont \u00e9t\u00e9 \u00e9vacu\u00e9s aux urgences p\u00e9diatriques du CHU de Montpellier, le quinquag\u00e9naire examin\u00e9 dans une maison m\u00e9dicale.<\/p>\n<p class=\" wall-content\">Les policiers municipaux de La Grande-Motte ont rapidement identifi\u00e9 le ma\u00eetre du chien, qui a pu \u00eatre captur\u00e9 sans incident. La race de l\u2019animal n\u2019est pas pr\u00e9cis\u00e9 \u00e0 l\u2019heure o\u00f9 une enqu\u00eate est ouverte par les gendarmes de la compagnie de Lunel, sous la direction du Parquet de Montpellier.<\/p>\n<p>Vid\u00e9os : en ce moment sur Actu<\/p>\n<p class=\" wall-content\">Suivez toute l\u2019actualit\u00e9 de vos villes et m\u00e9dias favoris en vous inscrivant \u00e0 <a href=\"https:\/\/moncompte.actu.fr\" title=\"D\u00e9couvez Mon Actu\" rel=\"nofollow noopener\" data-trk=\"{&quot;cta&quot;:{&quot;action&quot;:&quot;https:\\\/\\\/moncompte.actu.fr&quot;,&quot;category&quot;:&quot;mon compte&quot;,&quot;from&quot;:&quot;article footer&quot;,&quot;name&quot;:&quot;Mon actu&quot;,&quot;type&quot;:&quot;cta&quot;}}\" target=\"_blank\">Mon Actu<\/a>.<\/p>\n","protected":false},"excerpt":{"rendered":"Par Jean-Marc Aubert Publi\u00e9 le 3 juil. 2025 \u00e0 17h29 ; mis \u00e0 jour le 3 juil. 2025&hellip;\n","protected":false},"author":2,"featured_media":223495,"comment_status":"","ping_status":"","sticky":false,"template":"","format":"standard","meta":{"footnotes":""},"categories":[9599],"tags":[1111,11,1867,1777,674,118,1011,27,3381,303,2208,12,2680,25],"class_list":{"0":"post-223494","1":"post","2":"type-post","3":"status-publish","4":"format-standard","5":"has-post-thumbnail","7":"category-montpellier","8":"tag-actu","9":"tag-actualites","10":"tag-animaux","11":"tag-eu","12":"tag-europe","13":"tag-faits-divers","14":"tag-fr","15":"tag-france","16":"tag-gendarmerie","17":"tag-justice","18":"tag-montpellier","19":"tag-news","20":"tag-occitanie","21":"tag-republique-francaise"},"share_on_mastodon":{"url":"https:\/\/pubeurope.com\/@fr\/114790151148118484","error":""},"_links":{"self":[{"href":"https:\/\/www.europesays.com\/fr\/wp-json\/wp\/v2\/posts\/223494","targetHints":{"allow":["GET"]}}],"collection":[{"href":"https:\/\/www.europesays.com\/fr\/wp-json\/wp\/v2\/posts"}],"about":[{"href":"https:\/\/www.europesays.com\/fr\/wp-json\/wp\/v2\/types\/post"}],"author":[{"embeddable":true,"href":"https:\/\/www.europesays.com\/fr\/wp-json\/wp\/v2\/users\/2"}],"replies":[{"embeddable":true,"href":"https:\/\/www.europesays.com\/fr\/wp-json\/wp\/v2\/comments?post=223494"}],"version-history":[{"count":0,"href":"https:\/\/www.europesays.com\/fr\/wp-json\/wp\/v2\/posts\/223494\/revisions"}],"wp:featuredmedia":[{"embeddable":true,"href":"https:\/\/www.europesays.com\/fr\/wp-json\/wp\/v2\/media\/223495"}],"wp:attachment":[{"href":"https:\/\/www.europesays.com\/fr\/wp-json\/wp\/v2\/media?parent=223494"}],"wp:term":[{"taxonomy":"category","embeddable":true,"href":"https:\/\/www.europesays.com\/fr\/wp-json\/wp\/v2\/categories?post=223494"},{"taxonomy":"post_tag","embeddable":true,"href":"https:\/\/www.europesays.com\/fr\/wp-json\/wp\/v2\/tags?post=223494"}],"curies":[{"name":"wp","href":"https:\/\/api.w.org\/{rel}","templated":true}]}}